{"id":146577,"date":"2025-10-04T00:58:12","date_gmt":"2025-10-04T00:58:12","guid":{"rendered":"https:\/\/www.europesays.com\/it\/146577\/"},"modified":"2025-10-04T00:58:12","modified_gmt":"2025-10-04T00:58:12","slug":"jorge-lorenzo-su-marquez-rossi-disposti-a-tutto-per-vincere-il-titolo-del-2015-vale-spinse-marc-fuori-pista","status":"publish","type":"post","link":"https:\/\/www.europesays.com\/it\/146577\/","title":{"rendered":"Jorge Lorenzo su Marquez-Rossi: \u00abDisposti a tutto per vincere. Il titolo del 2015? Vale spinse Marc fuori pista\u00bb"},"content":{"rendered":"<p>    di<br \/>\n    Giorgio Terruzzi<\/p>\n<p class=\"summary-art is-line-h-12\">L&#8217;ex pilota spagnolo, oggi commentatore e imprenditore, torna sui famosi fatti da cui \u00e8 nata la rivalit\u00e0 fra i due nove volte campioni del mondo: \u00abHo beneficiato di quella guerra. Un rivale per Marc? Dico Acosta\u00bb<\/p>\n<p class=\"chapter-paragraph\">\u00abQuando guardo la MotoGp sono colpito dall\u2019aerodinamica, dagli abbassatori. Mezzi velocissimi, forse troppo, che permettono di frenare tardi, di viaggiare in curva a velocit\u00e0 enormi. Lo show \u00e8 comunque eccellente, mi piacciono le gare sprint, l\u2019alto livello della competizione\u00bb. <br \/>Jorge Lorenzo ha 38 anni, nato a Palma di Maiorca il 4 maggio 1987. Telecronista per Dazn Spagna, autore di podcast a tema motoristico, manager di s\u00e9 stesso. Si \u00e8 ritirato dall\u2019agonismo nel 2019, dopo aver vinto 5 titoli Mondiali combattendo con e contro Valentino e Marquez in un\u2019epoca dorata del motociclismo.<\/p>\n<p class=\"chapter-paragraph\"><b><a href=\"https:\/\/www.corriere.it\/sport\/motomondiale\/25_settembre_30\/marc-marquez-intervista-ducati-afedf0be-9795-47b3-97ed-23c2849f3xlk.shtml\" title=\"Marc Marquez: \u00abUn onore eguagliare Valentino Rossi. Finalmente mi godo le vittorie, l&#039;amore e la vita\u00bb\" target=\"_blank\" rel=\"nofollow noopener\">Si aspettava questo ritorno al vertice di Marc?<\/a><\/b><br \/>\u00abS\u00ec, l\u2019ho sofferto come rivale e ho capito subito di aver di fronte un fenomeno. Quando un pilota \u00e8 campione al debutto nella MotoGp significa che ha un talento particolare. Penso che dopo l\u2019incidente al braccio del 2020 non sia pi\u00f9 tornato ad una efficienza piena, sono certo che non sia al 100% fisicamente, ma anche cos\u00ec resta il migliore\u00bb.    &#13;<br \/>\n&#13;<br \/>\n&#13;<br \/>\n&#13;<br \/>\n&#13;<br \/>\n&#13;<br \/>\n&#13;<br \/>\n&#13;<br \/>\n&#13;<br \/>\n&#13;<br \/>\n&#13;<br \/>\n&#13;<br \/>\n&#13;<br \/>\n&#13;<br \/>\n&#13;<br \/>\n&#13;<br \/>\n&#13;<br \/>\n&#13;<br \/>\n&#13;<br \/>\n&#13;<br \/>\n&#13;<br \/>\n&#13;<br \/>\n&#13;<br \/>\n&#13;<br \/>\n&#13;<br \/>\n&#13;<br \/>\n&#13;<br \/>\n&#13;<br \/>\n&#13;<br \/>\n&#13;<br \/>\n&#13;<br \/>\n&#13;<br \/>\n&#13;<br \/>\n&#13;<br \/>\n&#13;<br \/>\n&#13;<br \/>\n&#13;<br \/>\n&#13;<br \/>\n&#13;<br \/>\n&#13;<br \/>\n&#13;<br \/>\n&#13;<br \/>\n&#13;<br \/>\n&#13;<br \/>\n&#13;<br \/>\n&#13;<br \/>\n&#13;<br \/>\n&#13;<br \/>\n&#13;<br \/>\n&#13;<br \/>\n&#13;<br \/>\n&#13;<br \/>\n&#13;\n<\/p>\n<p class=\"chapter-paragraph\"><b>Forte al punto di non avere avversari?<\/b><br \/>\u00abSembra lontano dagli altri piloti, un po\u2019 a causa della Ducati, un po\u2019 per meriti suoi. Quando il miglior pilota guida il miglior mezzo \u00e8 cos\u00ec, \u00e8 successo con Doohan alla Honda, con Schumacher alla Ferrari\u00bb.<\/p>\n<p class=\"chapter-paragraph\"><b>Bagnaia: una lunga sofferenza<a href=\"https:\/\/www.corriere.it\/sport\/motomondiale\/diretta-live\/25_settembre_28\/motogp-giappone-gara-diretta-live.shtml\" title=\"MotoGp Giappone, la gara in diretta: vince Bagnaia, Marquez, secondo, conquista il Mondiale. Doppietta Ducati, Bezzecchi 4\u00b0\" target=\"_blank\" rel=\"nofollow noopener\"> e poi il ritorno alla vittoria a giochi fatti.<\/a> Che idea si \u00e8 fatto sul 2025 di Pecco?<\/b><br \/>\u00abCi sono piloti che hanno bisogno di buone sensazioni per rendere al meglio. Io ero cos\u00ec e credo sia lo stesso per Bagnaia, a differenza di gente come Stoner o Marquez che spingono sempre e comunque. Quando non ti senti a tuo agio \u00e8 un problema e capisco cosa pu\u00f2 aver provato Pecco. Poi, basta una componente cambiata, tra le tante che compongono una moto, per ritrovare fiducia nell\u2019anteriore. Se non accade niente del genere perdi un decimo, due decimi al giro e da primo ti ritrovi terzo, quinto&#8230;\u00bb.<\/p>\n<p class=\"chapter-paragraph\"><b>Rossi e Marquez: in cosa si somigliano e in cosa sono diversi?<\/b><br \/>\u00abValentino: un campione completo, molto intelligente. Entrambi pronti a tutto per vincere, con una differenza. Rossi, se capiva che non avrebbe avuto possibilit\u00e0 di farcela, chiudeva secondo o terzo mentre Marquez tira a vincere comunque, a costo di rischiare di farsi male\u00bb.<\/p>\n<p class=\"chapter-paragraph\"><b>La riporto <a href=\"https:\/\/www.corriere.it\/sport\/motomondiale\/25_settembre_28\/marquez-valentino-rossi-rivalita-storia-798d889a-e49d-4a8f-bcae-8b5893bd1xlk.shtml\" title=\"Marquez a nove Mondiali come Valentino Rossi, la storia di una rivalit\u00e0 eterna: come \u00e8 nata, in Malesia il punto di non ritorno\" target=\"_blank\" rel=\"nofollow noopener\">a quel memorabile finale di stagione 2015 che ha segnato tra i due una frattura profonda. \u00c8 insanabile?<\/a><\/b><br \/>\u00abInsanabile se manca la volont\u00e0 di entrambi di chiudere la polemica. Dipende da loro\u00bb.<\/p>\n<p class=\"chapter-paragraph\"><b>Cosa ricorda di ci\u00f2 che accadde allora?<\/b><br \/>\u00abFu un finale felice per me, penso che vinsi perch\u00e9 ero stato il migliore durante l\u2019anno per numero di vittorie, di pole. Tra Valentino e Marc il problema nacque in Argentina quando in una collisione Marquez cadde. Il loro rapporto cambi\u00f2. Forse Valentino avrebbe potuto eliminare la tensione subito dopo la gara, con un semplice gesto diplomatico. Non accadde e lo stesso Marquez disse che a causa di quella collisione non avrebbe aiutato Rossi a vincere il Mondiale. Ho beneficiato di quella guerra\u00bb.<\/p>\n<p class=\"chapter-paragraph\"><b>Ebbe l\u2019impressione che Marquez lo aiut\u00f2 nell\u2019ultima gara a Valencia?<\/b><br \/>\u00abPi\u00f9 che aiutare me credo che abbia deciso di non agevolare Rossi. Ma serve essere obiettivi: molti piloti italiani, da Petrucci a Dovizioso a Iannone, diedero una mano a Valentino, lasciandolo passare facilmente, anche se questo aspetto non viene ricordato. Si dice sempre che Marquez non volle vincere quella corsa ma gli elementi in gioco erano molti. Per esempio credo che la manovra di Valentino in Malesia, quando spinse fuori pista Marc, in condizioni normali avrebbe comportato una bandiera nera, una squalifica. Non voglio fare polemiche. Sto dicendo che se vogliamo appianare la cosa \u00e8 necessario considerare ogni punto di vista\u00bb.<\/p>\n<p class=\"chapter-paragraph\"><b>Giovani talenti. Chi pensa possa insidiare Marquez in un futuro prossimo?<\/b><br \/>\u00abDico Pedro Acosta se valuto et\u00e0 e talento\u00bb.<\/p>\n<p class=\"chapter-paragraph\"><b>Pensando alla sua storia agonistica, trova qualche rimpianto?<\/b><br \/>\u00abNo perch\u00e9 il passato non lo si pu\u00f2 cambiare. Per\u00f2 avrei potuto continuare con Ducati e vincere almeno un altro Mondiale, grazie anche all\u2019infortunio che avrebbe fermato Marquez. Ma questa \u00e8 una mia convinzione. Magari sbaglio\u00bb.<\/p>\n<p class=\"is-last-update\" datetime=\"2025-10-03T18:36:27+02:00\">3 ottobre 2025 ( modifica il 3 ottobre 2025 | 18:36)<\/p>\n<p class=\"is-copyright\">\n            \u00a9 RIPRODUZIONE RISERVATA\n        <\/p>\n","protected":false},"excerpt":{"rendered":"di Giorgio Terruzzi L&#8217;ex pilota spagnolo, oggi commentatore e imprenditore, torna sui famosi fatti da cui \u00e8 nata&hellip;\n","protected":false},"author":3,"featured_media":146578,"comment_status":"","ping_status":"","sticky":false,"template":"","format":"standard","meta":{"footnotes":""},"categories":[176],"tags":[91692,91693,91694,16519,91695,3656,3654,91688,91689,1953,1048,6024,1367,3876,3451,3438,4031,1426,629,77,91690,1537,90,89,3664,5511,3417,3657,3442,2197,2051,1353,1785,3660,4966,3333,3335,696,11045,1885,494,3675,14353,9509,91691,245,244,3445,4960,566,4968],"class_list":{"0":"post-146577","1":"post","2":"type-post","3":"status-publish","4":"format-standard","5":"has-post-thumbnail","7":"category-sport","8":"tag-abbassatori","9":"tag-abbassatori-mezzi","10":"tag-abbassatori-mezzi-velocissimi","11":"tag-accadde","12":"tag-accadde-finale","13":"tag-acosta","14":"tag-bagnaia","15":"tag-beneficiato","16":"tag-beneficiato-guerra","17":"tag-campione","18":"tag-causa","19":"tag-collisione","20":"tag-credo","21":"tag-dico","22":"tag-differenza","23":"tag-ducati","24":"tag-fatti","25":"tag-finale","26":"tag-gara","27":"tag-guerra","28":"tag-insanabile","29":"tag-it","30":"tag-italia","31":"tag-italy","32":"tag-jorge","33":"tag-jorge-lorenzo","34":"tag-lorenzo","35":"tag-marc","36":"tag-marquez","37":"tag-miglior","38":"tag-migliore","39":"tag-mondiale","40":"tag-motogp","41":"tag-pecco","42":"tag-penso","43":"tag-pilota","44":"tag-piloti","45":"tag-pista","46":"tag-potuto","47":"tag-problema","48":"tag-punto","49":"tag-ritorno","50":"tag-rivale","51":"tag-rossi","52":"tag-spinse","53":"tag-sport","54":"tag-sports","55":"tag-talento","56":"tag-terzo","57":"tag-valentino","58":"tag-vincere"},"share_on_mastodon":{"url":"","error":""},"_links":{"self":[{"href":"https:\/\/www.europesays.com\/it\/wp-json\/wp\/v2\/posts\/146577","targetHints":{"allow":["GET"]}}],"collection":[{"href":"https:\/\/www.europesays.com\/it\/wp-json\/wp\/v2\/posts"}],"about":[{"href":"https:\/\/www.europesays.com\/it\/wp-json\/wp\/v2\/types\/post"}],"author":[{"embeddable":true,"href":"https:\/\/www.europesays.com\/it\/wp-json\/wp\/v2\/users\/3"}],"replies":[{"embeddable":true,"href":"https:\/\/www.europesays.com\/it\/wp-json\/wp\/v2\/comments?post=146577"}],"version-history":[{"count":0,"href":"https:\/\/www.europesays.com\/it\/wp-json\/wp\/v2\/posts\/146577\/revisions"}],"wp:featuredmedia":[{"embeddable":true,"href":"https:\/\/www.europesays.com\/it\/wp-json\/wp\/v2\/media\/146578"}],"wp:attachment":[{"href":"https:\/\/www.europesays.com\/it\/wp-json\/wp\/v2\/media?parent=146577"}],"wp:term":[{"taxonomy":"category","embeddable":true,"href":"https:\/\/www.europesays.com\/it\/wp-json\/wp\/v2\/categories?post=146577"},{"taxonomy":"post_tag","embeddable":true,"href":"https:\/\/www.europesays.com\/it\/wp-json\/wp\/v2\/tags?post=146577"}],"curies":[{"name":"wp","href":"https:\/\/api.w.org\/{rel}","templated":true}]}}