{"id":147021,"date":"2025-10-04T08:12:14","date_gmt":"2025-10-04T08:12:14","guid":{"rendered":"https:\/\/www.europesays.com\/it\/147021\/"},"modified":"2025-10-04T08:12:14","modified_gmt":"2025-10-04T08:12:14","slug":"synlab-passa-al-gruppo-pavanello","status":"publish","type":"post","link":"https:\/\/www.europesays.com\/it\/147021\/","title":{"rendered":"Synlab passa al Gruppo Pavanello"},"content":{"rendered":"<p>SYNLAB, azienda leader in Italia nella medicina di laboratorio e nella diagnostica medica, ha annunciato ufficialmente il closing dell\u2019operazione di acquisizione del Gruppo Pavanello, storica azienda fondata nel 1976 e attiva tra Padova e Venezia con 9 strutture specializzate in analisi di laboratorio, servizi poliambulatoriali, diagnostica per immagini e medicina del lavoro, con un fatturato superiore ai 20 milioni di euro. I 110 dipendenti del Gruppo Pavanello verranno tutti integrati in SYNLAB, aggiungendosi agli oltre 4.500 dipendenti e collaboratori di SYNLAB in Italia, tra personale amministrativo, personale sanitario-infermieristico e medici.<\/p>\n<p>L\u2019operazione \u00e8 tra le pi\u00f9 rilevanti degli ultimi anni per il Gruppo in Italia, gi\u00e0 presente in 8 regioni con oltre 300 punti prelievo e 50 Medical Center, tra cui il neonato SYNLAB Manifattura Firenze, il centro medico da 4.000 mq, sorto all\u2019interno di uno dei pi\u00f9 importanti progetti di rigenerazione urbana del Paese a Firenze. Una rete che permette una presa in carico completa delle esigenze di salute del paziente e l&#8217;integrazione dei diversi servizi, tra consulenza specialistica, diagnosi, trattamento e follow-up.<\/p>\n<p>\u00abLe acquisizioni territoriali ci hanno consentito di sviluppare un sistema capillare di strutture \u2013 tra laboratori, centri prelievo e poliambulatori \u2013 in grado di offrire ai cittadini prossimit\u00e0 ed eccellenza clinica. Ogni presidio nel Paese pu\u00f2 contare su un network fortemente interconnesso, supportato da una rete internazionale di specialisti altamente qualificati e da un costante impegno nell\u2019adozione di tecnologie diagnostiche avanzate e strumentazioni di ultima generazione &#8211; afferma Andrea Buratti, CEO di SYNLAB Italia \u2013 Nella nostra strategia, il paziente \u00e8 sempre al centro. Ricerchiamo costantemente il dialogo con il territorio e con il Servizio Sanitario Regionale, in un\u2019ottica di collaborazione e integrazione, per rispondere in modo sempre pi\u00f9 efficace ai bisogni di salute della popolazione\u00bb.<\/p>\n<p>La crescita di SYNLAB a Nord Est \u00e8 stata costante negli ultimi cinque anni, cos\u00ec come lo sono stati gli investimenti in strumentazione e innovazione, con l\u2019acquisto di due risonanze magnetiche, da 3 e 1,5 Tesla, 2 Tac, RMN articolare, due tavoli radiologici e la teleriabilitazione. Ad oggi il Gruppo pu\u00f2 contare tra Veneto e Friuli Venezia-Giulia su una rete di 8 poliambulatori, 41 punti prelievo e un Laboratorio regionale a Padova che \u00e8 diventato uno dei principali hub diagnostici del Nord Est.<\/p>\n<p>\u00abL\u2019acquisizione del Gruppo Pavanello \u00e8 un passo importante per il consolidamento della nostra posizione di leader a livello territoriale nella cura e nell\u2019attenzione alla salute delle persone. Stiamo analizzando la possibilit\u00e0 di crescere ulteriormente con operazioni mirate per l\u2019ampliamento della nostra rete di punti prelievo, accreditati e non, su tutto il territorio Veneto\u00bb, dichiara Cesare Gallorini, Regional Director SYNLAB Area Nord Est.<\/p>\n<p>\u00abEntrare a far parte di un gruppo solido e internazionale come SYNLAB consentir\u00e0 al Gruppo Pavanello di poter continuare il proprio percorso di crescita con maggiore forza, stabilit\u00e0 e continuit\u00e0.L\u2019integrazione delle nostre competenze con quelle del Gruppo SYNLAB permetter\u00e0 la creazione di una rete di Centri ancora pi\u00f9 ampia e strutturata, a beneficio dei pazienti e delle comunit\u00e0 che serviamo\u00bb, afferma Alda Di Chiara, Amministratore Delegato Gruppo Pavanello.<\/p>\n<p>All\u2019offerta di servizi nel campo della diagnostica, SYNLAB affianca inoltre un impegno costante nella promozione della prevenzione e della cultura della salute, attraverso una programmazione continua di incontri divulgativi aperti al pubblico e campagne periodiche, sia a livello nazionale che locale.<\/p>\n","protected":false},"excerpt":{"rendered":"SYNLAB, azienda leader in Italia nella medicina di laboratorio e nella diagnostica medica, ha annunciato ufficialmente il closing&hellip;\n","protected":false},"author":3,"featured_media":147022,"comment_status":"","ping_status":"","sticky":false,"template":"","format":"standard","meta":{"footnotes":""},"categories":[175],"tags":[91868,239,1537,90,89,240,91370],"class_list":{"0":"post-147021","1":"post","2":"type-post","3":"status-publish","4":"format-standard","5":"has-post-thumbnail","7":"category-salute","8":"tag-gruppo-pavanello","9":"tag-health","10":"tag-it","11":"tag-italia","12":"tag-italy","13":"tag-salute","14":"tag-synlab"},"share_on_mastodon":{"url":"","error":""},"_links":{"self":[{"href":"https:\/\/www.europesays.com\/it\/wp-json\/wp\/v2\/posts\/147021","targetHints":{"allow":["GET"]}}],"collection":[{"href":"https:\/\/www.europesays.com\/it\/wp-json\/wp\/v2\/posts"}],"about":[{"href":"https:\/\/www.europesays.com\/it\/wp-json\/wp\/v2\/types\/post"}],"author":[{"embeddable":true,"href":"https:\/\/www.europesays.com\/it\/wp-json\/wp\/v2\/users\/3"}],"replies":[{"embeddable":true,"href":"https:\/\/www.europesays.com\/it\/wp-json\/wp\/v2\/comments?post=147021"}],"version-history":[{"count":0,"href":"https:\/\/www.europesays.com\/it\/wp-json\/wp\/v2\/posts\/147021\/revisions"}],"wp:featuredmedia":[{"embeddable":true,"href":"https:\/\/www.europesays.com\/it\/wp-json\/wp\/v2\/media\/147022"}],"wp:attachment":[{"href":"https:\/\/www.europesays.com\/it\/wp-json\/wp\/v2\/media?parent=147021"}],"wp:term":[{"taxonomy":"category","embeddable":true,"href":"https:\/\/www.europesays.com\/it\/wp-json\/wp\/v2\/categories?post=147021"},{"taxonomy":"post_tag","embeddable":true,"href":"https:\/\/www.europesays.com\/it\/wp-json\/wp\/v2\/tags?post=147021"}],"curies":[{"name":"wp","href":"https:\/\/api.w.org\/{rel}","templated":true}]}}