{"id":147715,"date":"2025-10-04T18:20:19","date_gmt":"2025-10-04T18:20:19","guid":{"rendered":"https:\/\/www.europesays.com\/it\/147715\/"},"modified":"2025-10-04T18:20:19","modified_gmt":"2025-10-04T18:20:19","slug":"il-presidente-della-repubblica-sergio-mattarella-ha-visitato-il-cnao-di-pavia","status":"publish","type":"post","link":"https:\/\/www.europesays.com\/it\/147715\/","title":{"rendered":"Il Presidente della Repubblica Sergio Mattarella ha visitato il CNAO di Pavia"},"content":{"rendered":"<p>                    <a href=\"#\" rel=\"nofollow\" onclick=\"window.print(); return false;\" title=\"Printer Friendly, PDF &amp; Email\"><br \/>\n                    <img decoding=\"async\" class=\"pf-button-img\" src=\"https:\/\/www.europesays.com\/it\/wp-content\/uploads\/2025\/07\/printfriendly-pdf-button-nobg-md.png\" alt=\"Print Friendly, PDF &amp; Email\" style=\"width: 124px;height: 30px;\"\/><br \/>\n                    <\/a><\/p>\n<p style=\"text-align: justify;\">Il <strong>Presidente della Repubblica Sergio Mattarella <\/strong>si \u00e8 recato in visita al <strong>CNAO di Pavia<\/strong>. Accompagnato dal Presidente di Regione Lombardia <strong>Attilio Fontana<\/strong>, dal Sindaco di Pavia <strong>Michele Lissia<\/strong>, dal Prefetto <strong>Francesca De Carlini <\/strong>e dal Presidente della Provincia <strong>Giovanni Palli<\/strong>, \u00e8 stato accolto dai vertici CNAO, il Presidente <strong>Gianluca Vago<\/strong>, il Direttore Generale <strong>Sandro Rossi<\/strong> e il Presidente Emerito <strong>Ugo Amaldi<\/strong>, che lo hanno guidato nella visita alla struttura e al suo progetto di espansione.<\/p>\n<p style=\"text-align: justify;\">Istituito nel 2001 dal Ministero della Salute come Fondazione privata senza scopo di lucro, entrato nel Servizio Sanitario Nazionale nel 2014, CNAO eroga trattamenti di adroterapia, una forma avanzata di radioterapia che impiega fasci di particelle per colpire con estrema precisione le cellule tumorali, risparmiando i tessuti sani circostanti. L\u2019adroterapia \u00e8 indicata nel trattamento di neoplasie resistenti alla radioterapia convenzionale e per quelle non operabili, perch\u00e9 situate vicino a organi critici.<\/p>\n<p style=\"text-align: justify;\">Prima tappa del tour presidenziale all\u2019interno del CNAO, il bunker del sincrotrone, cuore pulsante della tecnologia del centro pavese. Grazie a questo particolare acceleratore di particelle, CNAO \u00e8 l\u2019unica struttura italiana, e una delle sei al mondo, in grado di effettuare l\u2019adroterapia sia con protoni che con ioni carbonio, che provocano un danno al DNA della cellula tumorale tre volte maggiore rispetto a quello generato dai raggi X.<\/p>\n<p style=\"text-align: justify;\">Il Presidente Mattarella ha potuto osservare da vicino quello che viene spesso definito il \u201cCERN in miniatura\u201d, un anello di 25 metri di diametro e 80 metri di circonferenza, all\u2019interno del quale le particelle vengono accelerate fino a sfiorare la velocit\u00e0 della luce. A differenza di altri acceleratori, quello di Pavia \u00e8 stato realizzato insieme al CERN di Ginevra e all\u2019Istituto Nazionale di Fisica Nucleare per il trattamento clinico di pazienti oncologici, ad oggi poco meno di 6.000.<\/p>\n<p style=\"text-align: justify;\">Il Presidente \u00e8 stato poi accompagnato in una nuova area dedicata alla protonterapia con un acceleratore di protoni e una sala di trattamento equipaggiata con gantry, sistema in grado di far ruotare i fasci di particelle attorno al paziente. La nuova struttura consentir\u00e0 di ridurre i tempi di trattamento e di ampliare le opzioni cliniche e sar\u00e0 dedicata in prevalenza al trattamento di tumori pediatrici. Il Presidente ha anche assistito alla proiezione di un video sul funzionamento di un\u2019innovativa metodica di prossimo impiego al CNAO: la <strong>Boron Neutron Capture Therapy<\/strong>.<\/p>\n<p style=\"text-align: justify;\">Sergio Mattarella ha quindi incontrato una ristretta delegazione di pazienti del CNAO, raccogliendone le testimonianze in un momento riservato.<\/p>\n<p style=\"text-align: justify;\">Infine, nella Sala conferenze del centro pavese, ha ascoltato gli interventi del Presidente Gianluca Vago e del Presidente Emerito Ugo Amaldi, per poi lasciare la struttura dopo un saluto ai dipendenti.<\/p>\n<p style=\"text-align: justify;\">A commento, il Presidente di CNAO, Gianluca Vago ha chiuso con queste parole: \u201cA nome di tutta la comunit\u00e0 di CNAO ringrazio di cuore il Presidente della Repubblica per averci onorato della sua presenza. Credo gli sia stato possibile apprezzare da un lato lo straordinario contenuto tecnologico delle apparecchiature del nostro centro e dall\u2019altro le competenze e la dedizione del nostro personale per il sostegno e la cura alle persone colpite dalla malattia. CNAO rappresenta uno dei luoghi che testimoniano il valore prezioso del nostro Sistema Sanitario e un\u2019eccellenza al servizio del nostro Paese. Qui usiamo l\u2019energia che sprigiona dal cuore degli atomi per aiutare i nostri pazienti per dare speranza. \u2018RAYS OF HOPE\u2019, raggi di speranza, \u00e8 il nome di un\u2019iniziativa dell\u2019Agenzia Internazionale per l\u2019Energia Atomica, nata per diffondere conoscenza sull\u2019uso pacifico dell\u2019energia degli atomi per la cura dei tumori, cui CNAO aderisce. La nostra Fondazione \u00e8 un\u2019impresa collettiva unica al mondo che dimostra quanto il nostro Paese sia capace di realizzare progetti di altissimo valore scientifico\u201d.<\/p>\n<p style=\"text-align: justify;\">\u201cNon posso lasciare questa sala senza ringraziare\u201d, ha dichiarato il Presidente della Repubblica Sergio Mattarella. \u201c\u00c8 una riconoscenza che esprime non soltanto apprezzamento, ma ammirazione per quanto qui avviene. Sia il Professor Amaldi che il Presidente Vago hanno fatto cenno alle difficolt\u00e0 di questo momento nel mondo. \u00c8 un momento difficile, sofferto. Ma, proprio per questo, essere qui oggi \u00e8 tutt\u2019altro che fuori contesto. Al contrario. In un momento in cui, tra guerre, conflitti, violenze, contrapposizioni accese, intolleranze, stragi, da quello che fa il CNAO emerge, giorno per giorno, senza interruzione, un messaggio su quel che l\u2019umanit\u00e0 richiede, su quel che si propone per andare incontro alle vere esigenze di donne e uomini di questo mondo. E questo \u00e8 un messaggio non solo alternativo ma autorevolmente superiore a quello delle violenze e dei contrasti che, in questo momento, incomprensibilmente attanagliano il mondo. E il messaggio che da qui viene \u00e8 frutto anche della capacit\u00e0 degli scienziati di superare confini propri di competenza; di mettere insieme \u2013 come mi diceva poc\u2019anzi il Direttore \u2013 diciannove diverse professionalit\u00e0. Perch\u00e9, tra medici, ingegneri e fisici, all\u2019interno vi sono tante diverse condizioni, diverse specializzazioni, diverse vocazioni. Questo mettere insieme, superando i confini, i vari talenti professionali, le varie vocazioni professionali, \u00e8 un altro grande risultato collaborativo. E anche questo modello \u00e8 un esempio che si lancia nella convivenza. Grazie per quanto qui viene fatto\u201d.<\/p>\n","protected":false},"excerpt":{"rendered":"Il Presidente della Repubblica Sergio Mattarella si \u00e8 recato in visita al CNAO di Pavia. Accompagnato dal Presidente&hellip;\n","protected":false},"author":3,"featured_media":147716,"comment_status":"","ping_status":"","sticky":false,"template":"","format":"standard","meta":{"footnotes":""},"categories":[1481],"tags":[2065,2066,92043,239,2063,2064,1537,90,89,20322,8141,135,240],"class_list":{"0":"post-147715","1":"post","2":"type-post","3":"status-publish","4":"format-standard","5":"has-post-thumbnail","7":"category-assistenza-sanitaria","8":"tag-assistenza-sanitaria","9":"tag-assistenzasanitaria","10":"tag-cnao","11":"tag-health","12":"tag-health-care","13":"tag-healthcare","14":"tag-it","15":"tag-italia","16":"tag-italy","17":"tag-mattarella","18":"tag-pavia","19":"tag-presidente","20":"tag-salute"},"share_on_mastodon":{"url":"","error":""},"_links":{"self":[{"href":"https:\/\/www.europesays.com\/it\/wp-json\/wp\/v2\/posts\/147715","targetHints":{"allow":["GET"]}}],"collection":[{"href":"https:\/\/www.europesays.com\/it\/wp-json\/wp\/v2\/posts"}],"about":[{"href":"https:\/\/www.europesays.com\/it\/wp-json\/wp\/v2\/types\/post"}],"author":[{"embeddable":true,"href":"https:\/\/www.europesays.com\/it\/wp-json\/wp\/v2\/users\/3"}],"replies":[{"embeddable":true,"href":"https:\/\/www.europesays.com\/it\/wp-json\/wp\/v2\/comments?post=147715"}],"version-history":[{"count":0,"href":"https:\/\/www.europesays.com\/it\/wp-json\/wp\/v2\/posts\/147715\/revisions"}],"wp:featuredmedia":[{"embeddable":true,"href":"https:\/\/www.europesays.com\/it\/wp-json\/wp\/v2\/media\/147716"}],"wp:attachment":[{"href":"https:\/\/www.europesays.com\/it\/wp-json\/wp\/v2\/media?parent=147715"}],"wp:term":[{"taxonomy":"category","embeddable":true,"href":"https:\/\/www.europesays.com\/it\/wp-json\/wp\/v2\/categories?post=147715"},{"taxonomy":"post_tag","embeddable":true,"href":"https:\/\/www.europesays.com\/it\/wp-json\/wp\/v2\/tags?post=147715"}],"curies":[{"name":"wp","href":"https:\/\/api.w.org\/{rel}","templated":true}]}}