{"id":147727,"date":"2025-10-04T18:30:27","date_gmt":"2025-10-04T18:30:27","guid":{"rendered":"https:\/\/www.europesays.com\/it\/147727\/"},"modified":"2025-10-04T18:30:27","modified_gmt":"2025-10-04T18:30:27","slug":"gaza-tifosi-del-genoa-scioperano-citando-de-andre-il-calcio-non-sia-indifferente-restiamo-umani","status":"publish","type":"post","link":"https:\/\/www.europesays.com\/it\/147727\/","title":{"rendered":"Gaza, tifosi del Genoa scioperano citando De Andr\u00e9: \u201cIl calcio non sia indifferente, restiamo umani\u201d"},"content":{"rendered":"<p>Sul pianeta calcio, soprattutto nell\u2019ambiente delle tifoserie, la presa di posizione ha di sicuro fatto pi\u00f9 rumore <a href=\"https:\/\/genova.repubblica.it\/sport\/2025\/09\/30\/news\/genoa_notte_da_incubo_i_rossoblu_affondano_sotto_i_colpi_della_lazio-424879577\/\" rel=\"nofollow noopener\" target=\"_blank\">del risultato sul campo<\/a>: un 3-0 piuttosto impietoso per la squadra ospite, la Lazio, su quella di casa, il Genoa.<\/p>\n<p>Allo stadio di Marassi, sugli spalti del posticipo serale dell\u2019ultima giornata del campionato di Serie A, il tifo organizzato del club rossobl\u00f9 ha infatti <strong>deciso di scioperare<\/strong> per \u201csostenere la causa palestinese e sensibilizzare sul dramma in corso a Gaza\u201d. Per i primi cinque minuti di partita, il Ferraris non ha cantato, n\u00e9 tifato, n\u00e9 sbandierato \u201ccome segno di solidariet\u00e0 verso il popolo palestinese e per dire chiaro e forte: stop al genocidio\u201d.<\/p>\n<p>&#8220;Quando si tratta del nostro Genoa, non ci limitiamo a tifarlo: abbiamo sostenuto e aiutato chi aveva bisogno, abbiamo dimostrato solidariet\u00e0 ai lavoratori e sempre lo faremo \u2013 si spiega nel comunicato della Gradinata Nord, quella del tifo pi\u00f9 acceso, cos\u00ec come altre tifoserie storiche del Paese in realt\u00e0 non nuova a prese di posizione di questo tipo \u2013 la nostra intenzione non \u00e8 quella di &#8220;politicizzare&#8221; la Gradinata, dove le uniche bandiere che entrano sono quelle legate al Grifone e i colori rossoblu.Tuttavia, ci sono situazioni che vanno oltre il calcio, che toccano nel profondo la coscienza di ciascuno di noi\u201d.<\/p>\n<p>&#8220;Non possiamo restare indifferenti davanti a ci\u00f2 che accade in Palestina \u2013 continuano i tifosi rossobl\u00f9 \u2013 lo sterminio di donne e bambini, di civili inermi ridotti allo stremo e la privazione di ogni libert\u00e0. Alcuni di noi sono padri, altre sono madri, ma ci\u00f2 che ci accomuna \u00e8 la nostra umanit\u00e0. Dentro lo stadio, come nella vita di tutti i giorni, restiamo esseri umani. Ed \u00e8 per questo che oggi, di fronte a migliaia di vittime a Gaza, abbiamo deciso di restare in silenzio\u201d.<\/p>\n<p>A parlare per i club dei tifosi genoani, anche uno striscione. Una citazione della \u201cCanzone del maggio\u201d di <strong>Fabrizio di De Andr\u00e8<\/strong>, tra i pezzi che sono stati pi\u00f9 riproposti in queste settimane di mobilitazione per la Palestina nelle piazze italiane. \u201cE se la paura di guardare Gaza vi ha fatto chinare il mento, sar\u00e0 sempre complicit\u00e0 il vostro infame silenzio\u201d.<\/p>\n","protected":false},"excerpt":{"rendered":"Sul pianeta calcio, soprattutto nell\u2019ambiente delle tifoserie, la presa di posizione ha di sicuro fatto pi\u00f9 rumore del&hellip;\n","protected":false},"author":3,"featured_media":147728,"comment_status":"","ping_status":"","sticky":false,"template":"","format":"standard","meta":{"footnotes":""},"categories":[1452],"tags":[721,1740,1537,90,89,1739,245,244],"class_list":{"0":"post-147727","1":"post","2":"type-post","3":"status-publish","4":"format-standard","5":"has-post-thumbnail","7":"category-calcio","8":"tag-calcio","9":"tag-football","10":"tag-it","11":"tag-italia","12":"tag-italy","13":"tag-soccer","14":"tag-sport","15":"tag-sports"},"share_on_mastodon":{"url":"","error":""},"_links":{"self":[{"href":"https:\/\/www.europesays.com\/it\/wp-json\/wp\/v2\/posts\/147727","targetHints":{"allow":["GET"]}}],"collection":[{"href":"https:\/\/www.europesays.com\/it\/wp-json\/wp\/v2\/posts"}],"about":[{"href":"https:\/\/www.europesays.com\/it\/wp-json\/wp\/v2\/types\/post"}],"author":[{"embeddable":true,"href":"https:\/\/www.europesays.com\/it\/wp-json\/wp\/v2\/users\/3"}],"replies":[{"embeddable":true,"href":"https:\/\/www.europesays.com\/it\/wp-json\/wp\/v2\/comments?post=147727"}],"version-history":[{"count":0,"href":"https:\/\/www.europesays.com\/it\/wp-json\/wp\/v2\/posts\/147727\/revisions"}],"wp:featuredmedia":[{"embeddable":true,"href":"https:\/\/www.europesays.com\/it\/wp-json\/wp\/v2\/media\/147728"}],"wp:attachment":[{"href":"https:\/\/www.europesays.com\/it\/wp-json\/wp\/v2\/media?parent=147727"}],"wp:term":[{"taxonomy":"category","embeddable":true,"href":"https:\/\/www.europesays.com\/it\/wp-json\/wp\/v2\/categories?post=147727"},{"taxonomy":"post_tag","embeddable":true,"href":"https:\/\/www.europesays.com\/it\/wp-json\/wp\/v2\/tags?post=147727"}],"curies":[{"name":"wp","href":"https:\/\/api.w.org\/{rel}","templated":true}]}}