{"id":148380,"date":"2025-10-05T07:08:19","date_gmt":"2025-10-05T07:08:19","guid":{"rendered":"https:\/\/www.europesays.com\/it\/148380\/"},"modified":"2025-10-05T07:08:19","modified_gmt":"2025-10-05T07:08:19","slug":"la-top-51-under-16-elite-ecco-i-migliori-della-2a-giornata-pagina-1-di-6","status":"publish","type":"post","link":"https:\/\/www.europesays.com\/it\/148380\/","title":{"rendered":"La Top 5+1: Under 16 Elite, ecco i migliori della 2\u00aa giornata &#8211; Pagina 1 di 6"},"content":{"rendered":"<p>L\u2019Atletico 2000 parte a razzo con due vittorie su due. I biancorossi di Galassi sembrano aver sviluppato gi\u00e0 una grande maturit\u00e0 e autoconsapevolezza su quelle che sono le proprie potenzialit\u00e0. Nel match combattuto contro la De Rossi \u00e8 capitan Sergenti a strappare i tre punti con un gol pesantissimo all\u2019ultimo minuto. Il suo colpo di testa fa esultare tutta la panchina, e il calendario delle prossime settimane permette al gruppo di sognare.<\/p>\n<p><strong>In foto Marco Sergenti (Foto\u00a9GazReg)<\/strong><\/p>\n<p><strong><img loading=\"lazy\" decoding=\"async\" src=\"https:\/\/www.europesays.com\/it\/wp-content\/uploads\/2025\/10\/Sergenti-1759182979524.jpg\" alt=\"\" width=\"957\" height=\"1920\"\/><\/strong><\/p>\n","protected":false},"excerpt":{"rendered":"L\u2019Atletico 2000 parte a razzo con due vittorie su due. I biancorossi di Galassi sembrano aver sviluppato gi\u00e0&hellip;\n","protected":false},"author":3,"featured_media":148381,"comment_status":"","ping_status":"","sticky":false,"template":"","format":"standard","meta":{"footnotes":"","_share_on_mastodon":"0"},"categories":[1452],"tags":[92235,721,92240,7325,1740,23941,1537,90,89,92242,92236,92239,92237,92243,1739,92238,245,244,89744,27538,89745,92241],"class_list":["post-148380","post","type-post","status-publish","format-standard","has-post-thumbnail","category-calcio","tag-atletico-2000","tag-calcio","tag-cristian-fronti","tag-fondi","tag-football","tag-grifone","tag-it","tag-italia","tag-italy","tag-leonardo-pianigiani","tag-marco-sergenti","tag-nicolo-fascetti","tag-piergiorgio-raso","tag-riccardo-mosciatti","tag-soccer","tag-spes-montesacro","tag-sport","tag-sports","tag-top-51","tag-trastevere","tag-under-16-elite","tag-urbetevere"],"share_on_mastodon":{"url":"","error":""},"_links":{"self":[{"href":"https:\/\/www.europesays.com\/it\/wp-json\/wp\/v2\/posts\/148380","targetHints":{"allow":["GET"]}}],"collection":[{"href":"https:\/\/www.europesays.com\/it\/wp-json\/wp\/v2\/posts"}],"about":[{"href":"https:\/\/www.europesays.com\/it\/wp-json\/wp\/v2\/types\/post"}],"author":[{"embeddable":true,"href":"https:\/\/www.europesays.com\/it\/wp-json\/wp\/v2\/users\/3"}],"replies":[{"embeddable":true,"href":"https:\/\/www.europesays.com\/it\/wp-json\/wp\/v2\/comments?post=148380"}],"version-history":[{"count":0,"href":"https:\/\/www.europesays.com\/it\/wp-json\/wp\/v2\/posts\/148380\/revisions"}],"wp:featuredmedia":[{"embeddable":true,"href":"https:\/\/www.europesays.com\/it\/wp-json\/wp\/v2\/media\/148381"}],"wp:attachment":[{"href":"https:\/\/www.europesays.com\/it\/wp-json\/wp\/v2\/media?parent=148380"}],"wp:term":[{"taxonomy":"category","embeddable":true,"href":"https:\/\/www.europesays.com\/it\/wp-json\/wp\/v2\/categories?post=148380"},{"taxonomy":"post_tag","embeddable":true,"href":"https:\/\/www.europesays.com\/it\/wp-json\/wp\/v2\/tags?post=148380"}],"curies":[{"name":"wp","href":"https:\/\/api.w.org\/{rel}","templated":true}]}}