{"id":148505,"date":"2025-10-05T09:04:10","date_gmt":"2025-10-05T09:04:10","guid":{"rendered":"https:\/\/www.europesays.com\/it\/148505\/"},"modified":"2025-10-05T09:04:10","modified_gmt":"2025-10-05T09:04:10","slug":"il-san-pio-medical-center-ha-aperto-le-porte-a-battipaglia","status":"publish","type":"post","link":"https:\/\/www.europesays.com\/it\/148505\/","title":{"rendered":"Il San Pio Medical Center ha aperto le porte a Battipaglia"},"content":{"rendered":"<p>\tHa aperto ufficialmente a Battipaglia\u00a0<strong>il San Pio Medical Center<\/strong>: il nuovo Centro medico polidiagnostico nato dall\u2019esperienza nel settore sanitario e dalla visione del\u00a0<strong>Gruppo Vitolo<\/strong>, gi\u00e0 presente a Battipaglia con il San Luca Medicina &amp; Riabilitazione.<\/p>\n<p>Grande partecipazione all\u2019<strong>open day\u00a0<\/strong>di venerd\u00ec 3 ottobre che ha visto la presenza di numerosi medici e professionisti del settore. Un segnale importante di attenzione e fiducia del settore sanitario per il nostro territorio.<\/p>\n<p>Il nuovo polo sanitario, con i suoi\u00a0<strong>3000 mq<\/strong>\u00a0e un\u2019offerta di\u00a0<strong>25 branche mediche<\/strong>, vuole essere un punto di riferimento per la salute e il benessere del territorio. Al suo interno i cittadini possono trovare<\/p>\n<p>la comodit\u00e0 di 25 specializzazioni: Al suo interno i cittadini possono trovare la comodit\u00e0 di 25 specializzazioni:\u00a0<strong>Allergologia, Ambulatorio Odontoiatrico, Andrologia, Audiologia \u2013 Foniatria \u2013 Vestibologia, Cardiologia, Chirurgia cardiovascolare, Chirurgia generale e maxillofacciale, Chirurgia plastica, Medicina estetica, Chirurgia toracica, Dermatologia, Diabetologia, Ematologia, Endocrinologia, Gastroenterologia, Ginecologia, Medicina interna, Neurochirurgia, Neurologia, Oculistica, Ortopedia, Otorinolaringoiatria, Pediatria, Pneumologia, Reumatologia, Senologia, Urologia.<\/strong><\/p>\n<p>Il San Pio Medical Center si distingue per un\u00a0<strong>modello integrato<\/strong>\u00a0che mette in rete medicina specialistica, diagnostica avanzata, chirurgia ambulatoriale e trattamenti di medicina estetica avanzata. Un approccio innovativo per offrire percorsi di salute completi, dalla prevenzione alla diagnosi e alla cura.<\/p>\n<p>Ogni dettaglio della struttura riflette un concetto evoluto di sanit\u00e0 privata: tempi di attesa ridotti, sistemi digitali avanzati e ambienti accoglienti progettati per garantire\u00a0<strong>efficienza, privacy ed empatia<\/strong>.<\/p>\n<p>Il Centro \u00e8, inoltre,\u00a0<strong>convenzionato con le principali assicurazioni e fondi sanitari<\/strong>, offrendo cos\u00ec la possibilit\u00e0 di accedere con semplicit\u00e0 a visite ed esami. Il team di reception e accoglienza affianca i pazienti in ogni fase del percorso, semplificando le pratiche e permettendo a ciascuno di concentrarsi solo sulla propria salute.<\/p>\n<p>\u201cIl San Pio Medical Center nasce da un sogno condiviso con il nostro territorio: offrire una sanit\u00e0 privata moderna, inclusiva e di eccellenza. Abbiamo voluto creare un luogo in cui innovazione tecnologica e professionalit\u00e0 si uniscono all\u2019umanit\u00e0 e all\u2019ascolto \u2013 dichiara\u00a0<strong>Elisa Vitolo,\u00a0Direttore Generale del San Pio Medical Center<\/strong>\u00a0\u2013 perch\u00e9 la cura non \u00e8 solo diagnosi e terapia, ma presenza costante accanto alle persone. Nel nostro Centro Medico\u00a0<strong>il sapere medico incontra l\u2019umanit\u00e0\u00a0<\/strong>e il curare diventa, prima di tutto,\u00a0<strong>prendersi cura<\/strong>. Vogliamo che ogni paziente si senta seguito e valorizzato sia in termine di salute che di benessere. Un obiettivo che possiamo raggiungere grazie all\u2019impegno della nostra\u00a0<strong>\u00e9quipe di medici e specialisti\u00a0<\/strong>e al meglio che la scienza medica oggi pu\u00f2 offrire.\u201d<\/p>\n<p>Con la sua nuova apertura, il Gruppo Vitolo conferma la propria missione: offrire alla comunit\u00e0 un polo sanitario innovativo e inclusivo, capace di mettere sempre al centro la persona, con un\u2019assistenza che unisce\u00a0<strong>eccellenza clinica, tecnologia e umanit\u00e0.<\/strong><\/p>\n","protected":false},"excerpt":{"rendered":"Ha aperto ufficialmente a Battipaglia\u00a0il San Pio Medical Center: il nuovo Centro medico polidiagnostico nato dall\u2019esperienza nel settore&hellip;\n","protected":false},"author":3,"featured_media":148506,"comment_status":"","ping_status":"","sticky":false,"template":"","format":"standard","meta":{"footnotes":""},"categories":[175],"tags":[19491,8818,14,19492,19495,239,19494,204,1537,90,89,248,7,19493,19490,10974,11150,19489,240],"class_list":{"0":"post-148505","1":"post","2":"type-post","3":"status-publish","4":"format-standard","5":"has-post-thumbnail","7":"category-salute","8":"tag-aggiornamenti-quotidiani","9":"tag-campania","10":"tag-cronaca","11":"tag-cronaca-della-tua-citta","12":"tag-fatti-di-cronaca","13":"tag-health","14":"tag-informazione-gratuita","15":"tag-intrattenimento","16":"tag-it","17":"tag-italia","18":"tag-italy","19":"tag-napoli","20":"tag-news","21":"tag-notizie-salerno","22":"tag-rubriche","23":"tag-salernitana","24":"tag-salerno","25":"tag-salernonotizie","26":"tag-salute"},"share_on_mastodon":{"url":"","error":""},"_links":{"self":[{"href":"https:\/\/www.europesays.com\/it\/wp-json\/wp\/v2\/posts\/148505","targetHints":{"allow":["GET"]}}],"collection":[{"href":"https:\/\/www.europesays.com\/it\/wp-json\/wp\/v2\/posts"}],"about":[{"href":"https:\/\/www.europesays.com\/it\/wp-json\/wp\/v2\/types\/post"}],"author":[{"embeddable":true,"href":"https:\/\/www.europesays.com\/it\/wp-json\/wp\/v2\/users\/3"}],"replies":[{"embeddable":true,"href":"https:\/\/www.europesays.com\/it\/wp-json\/wp\/v2\/comments?post=148505"}],"version-history":[{"count":0,"href":"https:\/\/www.europesays.com\/it\/wp-json\/wp\/v2\/posts\/148505\/revisions"}],"wp:featuredmedia":[{"embeddable":true,"href":"https:\/\/www.europesays.com\/it\/wp-json\/wp\/v2\/media\/148506"}],"wp:attachment":[{"href":"https:\/\/www.europesays.com\/it\/wp-json\/wp\/v2\/media?parent=148505"}],"wp:term":[{"taxonomy":"category","embeddable":true,"href":"https:\/\/www.europesays.com\/it\/wp-json\/wp\/v2\/categories?post=148505"},{"taxonomy":"post_tag","embeddable":true,"href":"https:\/\/www.europesays.com\/it\/wp-json\/wp\/v2\/tags?post=148505"}],"curies":[{"name":"wp","href":"https:\/\/api.w.org\/{rel}","templated":true}]}}