{"id":148621,"date":"2025-10-05T10:48:23","date_gmt":"2025-10-05T10:48:23","guid":{"rendered":"https:\/\/www.europesays.com\/it\/148621\/"},"modified":"2025-10-05T10:48:23","modified_gmt":"2025-10-05T10:48:23","slug":"omer-elomari-al-grande-fratello-la-siria-la-valtellina-lo-sport-la-fidanzata-e-instagram","status":"publish","type":"post","link":"https:\/\/www.europesays.com\/it\/148621\/","title":{"rendered":"Omer Elomari al Grande Fratello:\u00a0la Siria, la Valtellina, lo sport,\u00a0la fidanzata e Instagram"},"content":{"rendered":"<p>Milano, 30 settembre 2025 \u2013\u00a0<strong>Omer Elomari <\/strong>\u00e8 uno dei concorrenti della nuova edizione del <strong>Grande Fratello \u2013<\/strong>\u00a0iniziata luned\u00ec 29 settembre, in prima serata su Canale 5 &#8211;\u00a0, condotta da <strong>Simona Ventura,<\/strong> affiancata dagli opinionisti (ed giaffini)\u00a0<strong>Cristina Plevani, Floriana Secondi e Ascanio Pacelli. <\/strong>Insieme a lui, altri 11 partecipanti (fisicamente 12 perch\u00e9 una coppia partecipa come unico concorrente hanno varcato la Porta Rossa. Nella prossima puntata,\u00a0luned\u00ec 6 ottobre, <strong>ne entreranno altri.\u00a0<\/strong><\/p>\n<p>Ma conosciamo meglio<strong> Omer che, \u00e8 nato in Siria, <\/strong>ma ora vive <strong>a Traona,\u00a0in provincia di Sondrio, in Valtellina.<\/strong>\u00a0\u201cLa sua casa \u00e8 crollata davanti ai suoi occhi\u201d\u00a0ha detto Simona Ventura per presentarlo. \u201c\u00c8 dovuto scappare dal suo paese ma non ha mai smesso di lottare, \u00e8 forte e carismatico e ha un sorriso speciale, l&#8217;Italia \u00e8 stata la sua rinascita\u201d.\u00a0&#8220;\u00c8 una bellissima esperienza, una sfida e sono felice di conoscere te e tanta bella gente\u201d, ha detto il giovane.<\/p>\n<p>Nato nel 1999<strong> in Siria,<\/strong> Omer ha t26 anni e ha trascorso la prima parte della sua vita\u00a0tra le palestre e allenamenti, a stretto contatto con il lavoro del padre, un allenatore di muay thai. Omera ha praticato <strong>diverse discipline: <\/strong>dal kickboxing al pugilato, dal nuoto al basket e alla pallavolo.\u00a0<\/p>\n<p>Aa 11 anni cambia tutto:\u00a0una mattina <strong>un bombardamento distrugge la sua casa, <\/strong>strappando via sogni e radici in un attimo. La famiglia di Omer \u00e8 quindi costretta a <strong>ripartire da zero, rifugiandosi in Turchia<\/strong> dopo aver perso ogni cosa.\u00a0Una volta arrivati in Turchia, Omer \u00e8 costretto a darsi da fare e inizia a<strong> lavorare sodo,<\/strong> adattandosi a situazioni sempre diverse.<\/p>\n<p>Dopo qualche anno, arriva i<strong>l trasferimento in Italia:<\/strong>\u00a0in <strong>Valtellina, Omer <\/strong>trova finalmente un equilibrio tra le sue origini mediorientali e la realt\u00e0 del Nord, <strong>a Traona, <\/strong>piccola localit\u00e0 in provincia di Sondrio dove si costruisce una nuova identit\u00e0. Oggi <strong>\u00e8 un consulente aziendale e problem solver,<\/strong>\u00a0che incarna determinazione e resilienza. <strong>Parla 4 lingue <\/strong>(inglese, arabo, turco e italiano).<\/p>\n<p> <img alt=\"Omer Elomari (Foto Uficio stampa Endemol Shine Italy)\" loading=\"lazy\" width=\"1367\" height=\"2048\" decoding=\"async\" data-nimg=\"1\" style=\"color:transparent;max-width:100%;height:auto\"   src=\"https:\/\/www.europesays.com\/it\/wp-content\/uploads\/2025\/10\/omer-elomari-foto-uficio-stampa-endemol-shine-italy.webp\"\/><\/p>\n<p>Omer Elomari (Foto Uficio stampa Endemol Shine Italy)<\/p>\n<p><strong>Omer \u00e8 single,<\/strong> non ha ancora incontrato la ragazza ideale, anche se non mancano conoscenze e frequentazioni e in amore si descrive come <strong>un vero gentiluomo.<\/strong><\/p>\n<p><b>Omer \u00e8 stato il terzo concorrente <\/b>a varcare la porta della Casa. Prima di lui erano entrate Anita Mazzotta e Donatella Mercoeldisanto. Ma proprio quando \u00e8 arrivato il 26enne, Simona Ventura ha<strong> colto la palla la balzo <\/strong>per svelare che \u00e8 circolato sul web un <strong>gossip<\/strong> in queste ultime settimane:\u00a0\u201cGuardate lo schermo\u2026D\u2019altronde si sa che sul GF possono circolare tanti gossip\u2026Hanno detto che \u00e8 scoccato l\u2019amore tra due futuri concorrenti\u2026L\u2019indiscrezione clamorosa\u2026\u201d.\u00a0<\/p>\n<p> <img alt=\"Anita Mazzotta al Grande Fratello  Foto Ufficio stampa Endemol Shine Italy)\" loading=\"lazy\" width=\"1367\" height=\"2048\" decoding=\"async\" data-nimg=\"1\" style=\"color:transparent;max-width:100%;height:auto\"   src=\"https:\/\/www.europesays.com\/it\/wp-content\/uploads\/2025\/10\/anita-mazzotta-al-grande-fratello-foto-ufficio-stampa-endemol-shine-italy.webp\"\/><\/p>\n<p>Anita Mazzotta al Grande Fratello  Foto Ufficio stampa Endemol Shine Italy)<\/p>\n<p>A questo punto la presentatrice\u00a0ha chiesto ad Omer e Anita se magari <strong>sono loro questi due concorrenti <\/strong>del Grande Fratello su cui si vocifera che sia scoccata la scintilla prima di fare l\u2019ingresso nella casa pi\u00f9 spiata dagli italiani: \u201cVisto che Donatella \u00e8 innamorata solo di Andrea\u2026Vede solo lui\u2026Volevo capire <strong>se magari siete voi questi concorrenti<\/strong>\u2026\u201d Ed \u00e8 intervenuta immediatamente la nuova inquilina della casa pi\u00f9 spiata dagli italiani, Anita, la quale ha rivelato che \u00e8 impossibile, visto che non ha potuto avere contatti con nessuno prima di varcare stasera la famosa porta rossa: \u201cNo ragazzi\u2026Io ero rintanata in casa\u2026Impossibile\u2026Non c\u2019\u00e8 proprio verso\u2026\u201d<\/p>\n<p>Ha allora preso la parola Donatella, la quale detto che in effetti <strong>\u00e8 impossibile che Anita e Omer abbiano avuto un flirt<\/strong> prima di stasera, visto che non avrebbero avuto modo di vedersi: \u201cE\u2019 impossibile\u2026Come hanno fatto a vedersi?\u201d E infatti <strong>Anita ha subito tenuto a smentire questo gossip definendolo<\/strong>\u00a0<strong>fake news: <\/strong>\u201cNo, \u00e8 una fake news\u2026\u201d Simona Ventura ha poi<strong> confermato che i due nuovi coinquilini non si sono mai visti.<\/strong> Quest\u2019ultima ha poi chiesto ad altri concorrenti, i quali hanno smentito a loro volta.<\/p>\n<p>Su TikTok si definisce content creator, su Instagram ha 55mila follower, solo lo scorso anno ha iniziato a pubblicare video dall&#8217;Italia. Numerose <strong>le fotografie<\/strong> che lo immortalano durante le vacanze e nei momenti di relax<strong> al mare, al lago o in montagna. Omer \u00e8 <\/strong>spessissimo <strong>sul lago di Como.<\/strong><\/p>\n<p> <img alt=\"Omer Elomari sul lago di Como (Foto profilo Instagram)\" loading=\"lazy\" width=\"504\" height=\"807\" decoding=\"async\" data-nimg=\"1\" style=\"color:transparent;max-width:100%;height:auto\"   src=\"https:\/\/www.europesays.com\/it\/wp-content\/uploads\/2025\/10\/omer-elomari-sul-lago-di-como-foto-profilo-instagram.webp\"\/><\/p>\n<p>Omer Elomari sul lago di Como (Foto profilo Instagram)<\/p>\n","protected":false},"excerpt":{"rendered":"Milano, 30 settembre 2025 \u2013\u00a0Omer Elomari \u00e8 uno dei concorrenti della nuova edizione del Grande Fratello \u2013\u00a0iniziata luned\u00ec&hellip;\n","protected":false},"author":3,"featured_media":148622,"comment_status":"","ping_status":"","sticky":false,"template":"","format":"standard","meta":{"footnotes":""},"categories":[1444],"tags":[92312,203,10453,3688,230,204,1537,90,89,27554,74,245,253,14779],"class_list":{"0":"post-148621","1":"post","2":"type-post","3":"status-publish","4":"format-standard","5":"has-post-thumbnail","7":"category-tv","8":"tag-elomari","9":"tag-entertainment","10":"tag-fidanzata","11":"tag-fratello","12":"tag-instagram","13":"tag-intrattenimento","14":"tag-it","15":"tag-italia","16":"tag-italy","17":"tag-omer","18":"tag-siria","19":"tag-sport","20":"tag-tv","21":"tag-valtellina"},"share_on_mastodon":{"url":"","error":""},"_links":{"self":[{"href":"https:\/\/www.europesays.com\/it\/wp-json\/wp\/v2\/posts\/148621","targetHints":{"allow":["GET"]}}],"collection":[{"href":"https:\/\/www.europesays.com\/it\/wp-json\/wp\/v2\/posts"}],"about":[{"href":"https:\/\/www.europesays.com\/it\/wp-json\/wp\/v2\/types\/post"}],"author":[{"embeddable":true,"href":"https:\/\/www.europesays.com\/it\/wp-json\/wp\/v2\/users\/3"}],"replies":[{"embeddable":true,"href":"https:\/\/www.europesays.com\/it\/wp-json\/wp\/v2\/comments?post=148621"}],"version-history":[{"count":0,"href":"https:\/\/www.europesays.com\/it\/wp-json\/wp\/v2\/posts\/148621\/revisions"}],"wp:featuredmedia":[{"embeddable":true,"href":"https:\/\/www.europesays.com\/it\/wp-json\/wp\/v2\/media\/148622"}],"wp:attachment":[{"href":"https:\/\/www.europesays.com\/it\/wp-json\/wp\/v2\/media?parent=148621"}],"wp:term":[{"taxonomy":"category","embeddable":true,"href":"https:\/\/www.europesays.com\/it\/wp-json\/wp\/v2\/categories?post=148621"},{"taxonomy":"post_tag","embeddable":true,"href":"https:\/\/www.europesays.com\/it\/wp-json\/wp\/v2\/tags?post=148621"}],"curies":[{"name":"wp","href":"https:\/\/api.w.org\/{rel}","templated":true}]}}