{"id":149321,"date":"2025-10-05T23:07:12","date_gmt":"2025-10-05T23:07:12","guid":{"rendered":"https:\/\/www.europesays.com\/it\/149321\/"},"modified":"2025-10-05T23:07:12","modified_gmt":"2025-10-05T23:07:12","slug":"evento-a-bologna-per-celebrare-il-7-ottobre-di-hamas-la-stretta-del-governo","status":"publish","type":"post","link":"https:\/\/www.europesays.com\/it\/149321\/","title":{"rendered":"Evento a Bologna per celebrare il 7 ottobre di Hamas: la stretta del governo"},"content":{"rendered":"<p>I <strong>Giovani Palestines<\/strong>i hanno organizzato per il <strong>7 ottobre<\/strong> una manifestazione in piazza del Nettuno a Bologna, a 2 anni dal massacro compiuto da Hamas in Israele che ha dato il via al nuovo conflitto di Gaza. &#8220;Nelle ultime settimane abbiamo visto milioni di persone scendere in strada in tutto il Paese al fianco del popolo palestinese e della sua Resistenza&#8221;, si legge nel comunicato. &#8220;E se in due anni si \u00e8 riusciti a costruite questo forte movimento in solidariet\u00e0 della Palestina&#8221;, scrivono ancora, &#8220;il merito \u00e8 della Resistenza palestinese che dapprima il 7 ottobre 2023 ha inferto una dura sconfitta al sionismo con la gloriosa operazione Diluvio di al-Aqsa&#8221;.<\/p>\n<p><img src=\"https:\/\/www.europesays.com\/it\/wp-content\/uploads\/2025\/10\/1759699712-img-e2e46be9f146-1.jpeg\" width=\"800\" height=\"901\" alt=\"7 ottobre Bologna\" loading=\"lazy\" decoding=\"async\"\/><\/p>\n<p>Si tratta di una vera e propria <strong>glorificazione di un attentato terroristico<\/strong> e ora il <strong>Viminale<\/strong> si appresta a vietare la manifestazione, come ha appreso l&#8217;agenzia Adnkronos da fonti vicine al Viminale. La manifestazione \u00e8 stata lanciata dal gruppo bolognese del movimento palestinese, che ha creato un volantino apposito che \u00e8 stato fatto circolare sui social, dove per\u00f2 anche i sostenitori della Palestina si sono <strong>ribellati<\/strong> a questa lettura. Accusano i Giovani Palestinesi di festeggiare un attentato che ha portato migliaia di morti, di rovinare Il lavoro fatto in questi due anni per accendere fari sulla causa. Tanti sembrano rendersi conto solamente ora del pensiero di molti in merito al 7 ottobre ma questo tipo di messaggi, come dimostra anche lo striscione che \u00e8 stato esposto durante la manifestazione del 4 ottobre a Roma, non \u00e8 isolato.<\/p>\n<p>Per parte dei palestinesi, anche i giovani studenti nati in Italia, quel giorno \u00e8 un evento da festeggiare. Per Hamas quel giorno \u00e8 stato l&#8217;inizio di una <strong>guerra utile<\/strong>, nonostante le migliaia di morti che ha causato, perch\u00e9 \u00e8 servito a portare a s\u00e9 una buona fetta di Occidente che ha isolato Israele.\n<\/p>\n<p> La <strong>propaganda di Hamas<\/strong> ha trovato, in Italia e in Europa, una nutrita schiera di persone da utilizzare a suo uso e consumo per lo scopo finale: distruggere Israele. La manifestazione del 7 ottobre a Bologna dei Giovani Palestinesi, in tal senso, non deve stupire. E l&#8217;intervento del Viminale \u00e8 provvidenziale.<\/p>\n","protected":false},"excerpt":{"rendered":"I Giovani Palestinesi hanno organizzato per il 7 ottobre una manifestazione in piazza del Nettuno a Bologna, a&hellip;\n","protected":false},"author":3,"featured_media":149322,"comment_status":"","ping_status":"","sticky":false,"template":"","format":"standard","meta":{"footnotes":""},"categories":[79],"tags":[14,93,94,75,1537,90,89,7,15,11,84,91,12,85,92,14302],"class_list":{"0":"post-149321","1":"post","2":"type-post","3":"status-publish","4":"format-standard","5":"has-post-thumbnail","7":"category-italia","8":"tag-cronaca","9":"tag-cronaca-italiana","10":"tag-cronacaitaliana","11":"tag-hamas","12":"tag-it","13":"tag-italia","14":"tag-italy","15":"tag-news","16":"tag-notizie","17":"tag-ultime-notizie","18":"tag-ultime-notizie-e-news-di-oggi","19":"tag-ultime-notizie-italia","20":"tag-ultimenotizie","21":"tag-ultimenotizieenewsdioggi","22":"tag-ultimenotizieitalia","23":"tag-viminale"},"share_on_mastodon":{"url":"","error":""},"_links":{"self":[{"href":"https:\/\/www.europesays.com\/it\/wp-json\/wp\/v2\/posts\/149321","targetHints":{"allow":["GET"]}}],"collection":[{"href":"https:\/\/www.europesays.com\/it\/wp-json\/wp\/v2\/posts"}],"about":[{"href":"https:\/\/www.europesays.com\/it\/wp-json\/wp\/v2\/types\/post"}],"author":[{"embeddable":true,"href":"https:\/\/www.europesays.com\/it\/wp-json\/wp\/v2\/users\/3"}],"replies":[{"embeddable":true,"href":"https:\/\/www.europesays.com\/it\/wp-json\/wp\/v2\/comments?post=149321"}],"version-history":[{"count":0,"href":"https:\/\/www.europesays.com\/it\/wp-json\/wp\/v2\/posts\/149321\/revisions"}],"wp:featuredmedia":[{"embeddable":true,"href":"https:\/\/www.europesays.com\/it\/wp-json\/wp\/v2\/media\/149322"}],"wp:attachment":[{"href":"https:\/\/www.europesays.com\/it\/wp-json\/wp\/v2\/media?parent=149321"}],"wp:term":[{"taxonomy":"category","embeddable":true,"href":"https:\/\/www.europesays.com\/it\/wp-json\/wp\/v2\/categories?post=149321"},{"taxonomy":"post_tag","embeddable":true,"href":"https:\/\/www.europesays.com\/it\/wp-json\/wp\/v2\/tags?post=149321"}],"curies":[{"name":"wp","href":"https:\/\/api.w.org\/{rel}","templated":true}]}}