{"id":149522,"date":"2025-10-06T03:50:10","date_gmt":"2025-10-06T03:50:10","guid":{"rendered":"https:\/\/www.europesays.com\/it\/149522\/"},"modified":"2025-10-06T03:50:10","modified_gmt":"2025-10-06T03:50:10","slug":"bagnaia-si-nega-ancora-ai-media-tardozzi-vogliamo-proteggere-lui-e-le-sue-emozioni","status":"publish","type":"post","link":"https:\/\/www.europesays.com\/it\/149522\/","title":{"rendered":"Bagnaia si nega ancora ai media. Tardozzi: &#8220;Vogliamo proteggere lui e le sue emozioni&#8221;"},"content":{"rendered":"<p>Per la seconda volta in tre gare, Pecco Bagnaia ha disertato l&#8217;appuntamento con i media della domenica. Il weekend trionfale di Motegi, con la pole position e la doppietta, sembra essere stato solamente un fuoco di paglia. A Mandalika, nonostante abbia continuato ad utilizzare una Ducati che forti ispirazioni alla GP24, \u00e8 tornato infatti ad accusare tutti i problemi che lo avevano tormentato fino al Gran Premio di San Marino e che sembravano risolti dopo il test di Misano.<\/p>\n<p>Anzi, il fine settimana del Gran Premio d&#8217;Indonesia ha finito per essere uno dei peggiori, o addirittura il peggiore in assoluto, di questo 2025 travagliatissimo. Dopo il 16\u00b0 tempo in qualifica, nella Sprint ha concluso 14\u00b0 ed ultimo, con oltre 30&#8243; di distacco dal vincitore <a href=\"https:\/\/it.motorsport.com\/driver\/marco-bezzecchi\/177443\/\" target=\"_blank\" rel=\"noopener nofollow\">Marco Bezzecchi<\/a>. Nella gara lunga poi stava andando in scena lo stesso identico copione, perch\u00e9 Pecco viaggiava in ultima posizione, staccato di un paio di secondi dalla Honda di <a href=\"https:\/\/it.motorsport.com\/driver\/somkiat-chantra\/823088\/\" target=\"_blank\" rel=\"noopener nofollow\">Somkiat Chantra<\/a>, quando \u00e8 scivolato alla curva 17, quella che immette sul traguardo, terminando un weekend da incubo nel peggiore dei modi.<\/p>\n<p>Tutti quindi eravamo in trepidante attesa di sentire le parole del tre volte iridato, che gi\u00e0 ieri era stato sibillino nelle sue dichiarazioni, parlando di una moto &#8220;teoricamente&#8221; uguale a quella del Giappone. Questa volta per\u00f2 Pecco non si \u00e8 presentato davanti ai giornalisti, proprio come nella domenica di Misano, e la Casa di Borgo Panigale ha fatto pervenire ai media solo un breve audio, di poco pi\u00f9 di un minuto, con dichiarazioni davvero molto banali, quasi ovvie.<\/p>\n<p>&#8220;E&#8217; stato un weekend molto deludente, dopo quello che era successo lo scorso fine settimana, quando avevo fatto la pole position e vinto le due gare. Questa pista non \u00e8 mai stata positiva per me, ma avevo sempre ottenuto dei buoni risultati: l&#8217;anno scorso, per esempio, avevo vinto la Sprint e poi avevo chiuso terzo in gara. Quest&#8217;anno per\u00f2 sono arrivato qui senza trovare lo stesso feeling di Motegi e non ero in grado di spingere allo stesso modo. Non abbiamo risposte per quello che \u00e8 successo questo weekend, possiamo solo analizzare i dati e trovare una soluzione per tornare a lottare per la top 3 del Mondiale nelle prossime tre gare&#8221;, ha detto Bagnaia.<\/p>\n<p>&#8220;Voglio anche dire scusa alla squadra per la caduta. Stavo spingendo, anche se ero un secondo e mezzo pi\u00f9 lento rispetto ai migliori. Stavo provando a chiudere il gap con il penultimo e sono caduto, quindi chiedo ancora scusa alla squadra&#8221;, ha aggiunto.<\/p>\n<p>Ai microfoni di Sky Sport MotoGP per\u00f2 \u00e8 intervenuto il direttore sportivo Davide Tardozzi, spiegando che la Ducati ha voluto proteggere il suo pilota in un momento molto delicato: &#8220;E&#8217; chiaro che in questo momento Pecco \u00e8 devastato, prima come persona che come pilota. E&#8217; chiaro che noi vogliamo proteggere Pecco e le sue emozioni. In questo momento, se Pecco venisse con le lacrime agli occhi, non potrebbe essere altrimenti, perch\u00e9 \u00e8 un pilota veloce ma \u00e8 anche un ragazzo molto sensibile. In questo momento noi pensiamo che sia meglio lasciarlo tranquillo e lavorare per metterlo nelle condizioni per poter performare a Phillip Island&#8221;.<\/p>\n<p>Commentando la situazione complicatissima che si sta vivendo in quel lato del box, ha ribadito ancora una volta che la fiducia nei confronti di Pecco \u00e8 immutata: &#8220;Il dispiacere \u00e8 enorme quando si passa da un weekend dominato come quello di Motegi a quello disastroso di Mandalika. E&#8217; ovvio che ci sar\u00e0 molto da pensare questa settimana, ma una cosa \u00e8 certa perch\u00e9 l&#8217;abbiamo detto per 16 gare anche prima del Giappone, ovvero che continuiamo a credere in Pecco. Poi \u00e8 chiaro che l&#8217;analisi che dovremmo fare in settimana a Bologna \u00e8 molto profonda. In questo momento ovviamente non abbiamo capito le ragioni per cui Pecco non ha performato&#8221;.<\/p>\n<p>Quando poi gli \u00e8 stato chiesto se ritiene che anche Pecco continui ad avere la stessa fiducia nei confronti della Casa di Borgo Panigale, ha concluso: &#8220;Io penso assolutamente di s\u00ec. Credo che Pecco ci conosca molto bene dopo 7 anni insieme, sia a livello tecnico che umano. Poi non credo che ci sia mai stata una sola volta in cui abbia dubitato che noi facciamo il 100% per aiutarlo&#8221;.<\/p>\n<p>            Vogliamo la vostra opinione!<\/p>\n<p class=\"mt-auto\">Cosa vorresti vedere su Motorsport.com?<\/p>\n<p>            <a href=\"#\" class=\"ms-link text-link font-bold\">Partecipate al nostro sondaggio di 5 minuti.<\/a><\/p>\n<p class=\"mt-1 font-info text-body\">&#8211; Il team di Motorsport.com<\/p>\n","protected":false},"excerpt":{"rendered":"Per la seconda volta in tre gare, Pecco Bagnaia ha disertato l&#8217;appuntamento con i media della domenica. Il&hellip;\n","protected":false},"author":3,"featured_media":149523,"comment_status":"","ping_status":"","sticky":false,"template":"","format":"standard","meta":{"footnotes":""},"categories":[1455],"tags":[2834,2360,88657,1537,90,89,88658,1783,1785,92650,1784,245,244],"class_list":{"0":"post-149522","1":"post","2":"type-post","3":"status-publish","4":"format-standard","5":"has-post-thumbnail","7":"category-moto","8":"tag-ducati-team","9":"tag-francesco-bagnaia","10":"tag-gp-dindonesia","11":"tag-it","12":"tag-italia","13":"tag-italy","14":"tag-mandalika-international-street-circuit","15":"tag-moto","16":"tag-motogp","17":"tag-motogp-bagnaia-si-nega-ancora-ai-media-tardozzi-vogliamo-proteggere-lui-e-le-sue-emozioni","18":"tag-motorcycle","19":"tag-sport","20":"tag-sports"},"share_on_mastodon":{"url":"","error":""},"_links":{"self":[{"href":"https:\/\/www.europesays.com\/it\/wp-json\/wp\/v2\/posts\/149522","targetHints":{"allow":["GET"]}}],"collection":[{"href":"https:\/\/www.europesays.com\/it\/wp-json\/wp\/v2\/posts"}],"about":[{"href":"https:\/\/www.europesays.com\/it\/wp-json\/wp\/v2\/types\/post"}],"author":[{"embeddable":true,"href":"https:\/\/www.europesays.com\/it\/wp-json\/wp\/v2\/users\/3"}],"replies":[{"embeddable":true,"href":"https:\/\/www.europesays.com\/it\/wp-json\/wp\/v2\/comments?post=149522"}],"version-history":[{"count":0,"href":"https:\/\/www.europesays.com\/it\/wp-json\/wp\/v2\/posts\/149522\/revisions"}],"wp:featuredmedia":[{"embeddable":true,"href":"https:\/\/www.europesays.com\/it\/wp-json\/wp\/v2\/media\/149523"}],"wp:attachment":[{"href":"https:\/\/www.europesays.com\/it\/wp-json\/wp\/v2\/media?parent=149522"}],"wp:term":[{"taxonomy":"category","embeddable":true,"href":"https:\/\/www.europesays.com\/it\/wp-json\/wp\/v2\/categories?post=149522"},{"taxonomy":"post_tag","embeddable":true,"href":"https:\/\/www.europesays.com\/it\/wp-json\/wp\/v2\/tags?post=149522"}],"curies":[{"name":"wp","href":"https:\/\/api.w.org\/{rel}","templated":true}]}}