{"id":149621,"date":"2025-10-06T06:07:19","date_gmt":"2025-10-06T06:07:19","guid":{"rendered":"https:\/\/www.europesays.com\/it\/149621\/"},"modified":"2025-10-06T06:07:19","modified_gmt":"2025-10-06T06:07:19","slug":"openjobmetis-esordio-a-fari-spenti-contro-la-dinamo-sassari-di-bulleri","status":"publish","type":"post","link":"https:\/\/www.europesays.com\/it\/149621\/","title":{"rendered":"Openjobmetis, esordio &#8220;a fari spenti&#8221; contro la Dinamo Sassari di Bulleri"},"content":{"rendered":"<p>\t\t\t\t\t\t\t\t\t\t\t\t\t\t\t\t\t\t\t\t\t\t\t\t\t\t\t\t\t<img decoding=\"async\" loading=\"lazy\" fetchpriority=\"low\" width=\"610\" height=\"431\" src=\"https:\/\/www.europesays.com\/it\/wp-content\/uploads\/2025\/10\/caricamento-temporaneo-per-contributo-17450873470yrhtohwjd62mt34-1855585.610x431.jpg\" alt=\"Openjobmetis Varese - Banco Sardegna Sassari 89-84\"\/>\t\t\t\t\t\t\t\t\t\t\t\t\t\t\t\t\t\t\t<\/p>\n<p>Senza il pivot titolare, con qualche nuvola sul playmaker e con la guardia che, per forza di cose, non pu\u00f2 essere al top. <strong>Non \u00e8 certo un approccio da favola quello che ha la Openjobmetis con la Serie A<\/strong> di basket che, per i biancorossi, scatta domenica sera (ore 20) da Sassari contro un\u2019avversaria che sulla carta \u00e8 della<strong> stessa fascia occupata dagli uomini di Kastritis<\/strong>. Quella cio\u00e8<strong> dell\u2019ultimo terzo<\/strong> del ranking autunnale.<\/p>\n<p>Il tecnico greco ha dovuto <strong>incassare l\u2019assenza di Nate Renfro<\/strong> (sarebbe anche stato l\u2019ex di turno), dolorante al polpaccio, si \u00e8 mostrato tranquillo alla vigilia (\u00ablo abbiamo saputo in anticipo quindi ci siamo concentrati su quel che possiamo fare senza di lui\u00bb) ma \u00e8 indubbio che il buco lasciato nel settore lunghi<strong> costringa gi\u00e0 la OJM ad adeguarsi<\/strong> sul piano tattico. Gi\u00e0, perch\u00e9 Olivier <strong>Nkamhoua pu\u00f2 occupare il ruolo di \u201c5\u201d<\/strong> ma in tal caso lascer\u00e0<strong> scoperto lo slot di ala forte,<\/strong> dove Sassari ha il suo uomo di punta (Rashawn <strong>Thomas<\/strong>) e dove saranno Alviti e Assui a giostrare fuori ruolo, salvo quegli eventuali minuti con il finlandese da ala e Ladurner da centro.<\/p>\n<p>Insomma, <strong>la coperta \u00e8 ridotta, arriva ugualmente a coprire Varese ma lascia diversi spifferi<\/strong> che i biancorossi dovranno essere abili a chiudere, togliendo iniziativa e coraggio a un <strong>Banco di Sardegna a propria volta nuovo di zecca.<\/strong> Sulla panca sarda una delle poche conferme, quella del \u201cvecchio amico\u201d<strong> Massimo Bulleri,<\/strong> reduce da un precampionato con pochi guizzi ma pronto ad affidarsi a possibili sorprese con il realizzatore Marshall, il tiratore Beliauskas o il play Buie.<\/p>\n<p>\u00abL\u2019esordio \u00e8<strong> sempre difficile, soprattutto per chi gioca in casa<\/strong> \u2013 mette le mani avanti <strong>Bulleri<\/strong> che condusse Varese all\u2019insperata salvezza del 2021 \u2013 La Openjobmetis ha dovuto cambiare spesso volto a causa di infortuni e aggiustamenti, vedremo con che assetto si presenter\u00e0. Da parte nostra servir\u00e0 trovare <strong>costanza e intensit\u00e0<\/strong>\u00bb.<\/p>\n<blockquote class=\"wp-embedded-content\" data-secret=\"mdaJ9q1rgr\">\n<p><a href=\"https:\/\/www.varesenews.it\/2025\/10\/kastritis-a-sassari-senza-renfro-orgoglio-ed-energia-per-lesordio\/2363296\/\" rel=\"nofollow noopener\" target=\"_blank\">Kastritis: \u201cA Sassari senza Renfro. Orgoglio ed energia per l\u2019esordio\u201d<\/a><\/p>\n<\/blockquote>\n<p><strong>Kastritis<\/strong> ha usato parole simili, <strong>stuzzicando anche l\u2019orgoglio dei suoi<\/strong> giocatori ma complimentandosi per una settimana trascorsa con buoni profitti sotto l\u2019aspetto del lavoro. Ma \u00e8 chiaro che il coach greco, come tutti i tifosi, si attenda una <strong>prova di forza da parte di Stefan Moody<\/strong>, la maggiore <strong>incognita<\/strong> dei mesi estivi per le troppe partite \u201ccileccate\u201d (e infarcite di falli) rispetto a quelle buone, che pure ci sono state. Dall\u2019estro del playmaker passano molte fortune dell\u2019attacco varesino anche se prima di tutto c\u2019\u00e8 <strong>una difesa da fortificare,<\/strong> come \u00e8 finalmente avvenuto nel secondo tempo del test con Reggio Emilia.<\/p>\n<p>Il Palaserradimigni ha<strong> portato fortuna<\/strong> (non del tutto attesa) ai colori biancorossi <strong>negli ultimi due anni, al contrario dei precedenti<\/strong> in cui il palasport sardo \u00e8 stato a lungo tab\u00f9 per Varese. <strong>Proseguire<\/strong> con il trend positivo sarebbe cosa buona, anche per via di un <strong>calendario che per met\u00e0 girone fa tremare i polsi<\/strong> a una outsider quale \u00e8 la Openjobmetis e ai suoi tifosi che, comunque, garantiranno un palasport mezzo pieno \u2013 circa <strong>2.500 tessere<\/strong> \u2013 gi\u00e0 con gli abbonamenti. Un amore che non va disperso ma che, al contrario, bisogner\u00e0 alimentare fin dal primo turno del nuovo anno.<\/p>\n<p>LUCI A MASNAGO<\/p>\n<p>Riascolta la puntata della nostra trasmissione che va in onda ogni gioved\u00ec alle 14 su Radio Materia. Di seguito il podcast in due parti: prima mettiamo il punto sulla Openjobmetis, sotto l\u2019intervista a Umberto Gandini, presidente uscente di Legabasket.<\/p>\n<p>DAL PARQUET<\/p>\n<p>Luned\u00ec 6 ottobre alle 11 torna anche l\u2019appuntamento con \u201cDal Parquet\u201d, il podcast che segue e commenta tutte le partite della Openjobmetis. Lo troverete su VareseNews ma anche QUI e su tutte le principali piattaforme di podcast. Per inviare il vostro commento sottoforma di messaggio vocale usate il numero 353-4848857.<\/p>\n<p>DIRETTAVN<\/p>\n<p>La partita di Sassari sar\u00e0 raccontata in diretta da VareseNews attraverso il consueto liveblog offerto da Finazzi Serramenti, Confident, Nicora Gioielli e Camera Condominiale di Varese. Lo trovate gi\u00e0 disponibile con notizie, curiosit\u00e0 e sondaggio fin dal venerd\u00ec; poi dalle 19,30 circa la cronaca in tempo reale. <a href=\"https:\/\/www.varesenews.it\/2025\/10\/banco-sardegna-sassari-openjobmetis-varese-la-partita-in-diretta-3\/2363668\/\" rel=\"nofollow noopener\" target=\"_blank\"><strong>CLICCATE QUI<\/strong><\/a>.<\/p>\n<p>  <a style=\"display: inline-block;\" href=\"https:\/\/www.varesenews.it\/radio-materia\/\" rel=\"nofollow noopener\" target=\"_blank\"><br \/>\n    <img decoding=\"async\" src=\"https:\/\/www.europesays.com\/it\/wp-content\/uploads\/2025\/08\/materia-banner-radio_300x175.png\" alt=\"\"\/><br \/>\n  <\/a><br \/>\n  <a style=\"display: inline-block;\" href=\"https:\/\/www.materiaspaziolibero.it\/eventi\" target=\"_blank\" rel=\"nofollow noopener\"><br \/>\n    <img decoding=\"async\" src=\"https:\/\/www.europesays.com\/it\/wp-content\/uploads\/2025\/09\/materia-banner-eventi_ottobre_300x175.png\" alt=\"\"\/><br \/>\n  <\/a><\/p>\n","protected":false},"excerpt":{"rendered":"Senza il pivot titolare, con qualche nuvola sul playmaker e con la guardia che, per forza di cose,&hellip;\n","protected":false},"author":3,"featured_media":149622,"comment_status":"","ping_status":"","sticky":false,"template":"","format":"standard","meta":{"footnotes":""},"categories":[1453],"tags":[1756,1757,1537,90,89,5126,245,244],"class_list":{"0":"post-149621","1":"post","2":"type-post","3":"status-publish","4":"format-standard","5":"has-post-thumbnail","7":"category-basket","8":"tag-basket","9":"tag-basketball","10":"tag-it","11":"tag-italia","12":"tag-italy","13":"tag-pallacanestro-varese","14":"tag-sport","15":"tag-sports"},"share_on_mastodon":{"url":"","error":""},"_links":{"self":[{"href":"https:\/\/www.europesays.com\/it\/wp-json\/wp\/v2\/posts\/149621","targetHints":{"allow":["GET"]}}],"collection":[{"href":"https:\/\/www.europesays.com\/it\/wp-json\/wp\/v2\/posts"}],"about":[{"href":"https:\/\/www.europesays.com\/it\/wp-json\/wp\/v2\/types\/post"}],"author":[{"embeddable":true,"href":"https:\/\/www.europesays.com\/it\/wp-json\/wp\/v2\/users\/3"}],"replies":[{"embeddable":true,"href":"https:\/\/www.europesays.com\/it\/wp-json\/wp\/v2\/comments?post=149621"}],"version-history":[{"count":0,"href":"https:\/\/www.europesays.com\/it\/wp-json\/wp\/v2\/posts\/149621\/revisions"}],"wp:featuredmedia":[{"embeddable":true,"href":"https:\/\/www.europesays.com\/it\/wp-json\/wp\/v2\/media\/149622"}],"wp:attachment":[{"href":"https:\/\/www.europesays.com\/it\/wp-json\/wp\/v2\/media?parent=149621"}],"wp:term":[{"taxonomy":"category","embeddable":true,"href":"https:\/\/www.europesays.com\/it\/wp-json\/wp\/v2\/categories?post=149621"},{"taxonomy":"post_tag","embeddable":true,"href":"https:\/\/www.europesays.com\/it\/wp-json\/wp\/v2\/tags?post=149621"}],"curies":[{"name":"wp","href":"https:\/\/api.w.org\/{rel}","templated":true}]}}