{"id":149973,"date":"2025-10-06T12:08:10","date_gmt":"2025-10-06T12:08:10","guid":{"rendered":"https:\/\/www.europesays.com\/it\/149973\/"},"modified":"2025-10-06T12:08:10","modified_gmt":"2025-10-06T12:08:10","slug":"addio-al-fondatore-de-il-luogo-di-aimo-e-nadia","status":"publish","type":"post","link":"https:\/\/www.europesays.com\/it\/149973\/","title":{"rendered":"addio al fondatore de &#8220;Il Luogo di Aimo e Nadia&#8221;"},"content":{"rendered":"<p>\u00a0Aimo e Nadia non sono stati solo una coppia nella vita, ma anche nella professione. Il loro legame, iniziato negli anni Cinquanta a Milano, ha attraversato decenni di cambiamenti sociali e culturali, restando saldo e coerente. Si conobbero da giovanissimi e unirono le forze nella gestione del primo locale gi\u00e0 nel 1955, nei pressi della Stazione Centrale. Nadia si affianc\u00f2 a lui un anno dopo, e da quel momento non si separarono pi\u00f9, n\u00e9 in cucina n\u00e9 fuori. Insieme hanno costruito non solo un ristorante, ma un vero &#8220;luogo&#8221; di famiglia, in cui lavoro e affetti si fondevano quotidianamente. Hanno cresciuto la figlia Stefania trasmettendole gli stessi valori di rigore, passione e rispetto per le radici. La loro storia \u00e8 quella di un\u2019unione autentica, fatta di sacrifici, intuizioni e amore condiviso per la cucina e per l&#8217;Italia.<\/p>\n","protected":false},"excerpt":{"rendered":"\u00a0Aimo e Nadia non sono stati solo una coppia nella vita, ma anche nella professione. Il loro legame,&hellip;\n","protected":false},"author":3,"featured_media":149974,"comment_status":"","ping_status":"","sticky":false,"template":"","format":"standard","meta":{"footnotes":""},"categories":[174],"tags":[203,204,1537,90,89],"class_list":{"0":"post-149973","1":"post","2":"type-post","3":"status-publish","4":"format-standard","5":"has-post-thumbnail","7":"category-intrattenimento","8":"tag-entertainment","9":"tag-intrattenimento","10":"tag-it","11":"tag-italia","12":"tag-italy"},"share_on_mastodon":{"url":"","error":""},"_links":{"self":[{"href":"https:\/\/www.europesays.com\/it\/wp-json\/wp\/v2\/posts\/149973","targetHints":{"allow":["GET"]}}],"collection":[{"href":"https:\/\/www.europesays.com\/it\/wp-json\/wp\/v2\/posts"}],"about":[{"href":"https:\/\/www.europesays.com\/it\/wp-json\/wp\/v2\/types\/post"}],"author":[{"embeddable":true,"href":"https:\/\/www.europesays.com\/it\/wp-json\/wp\/v2\/users\/3"}],"replies":[{"embeddable":true,"href":"https:\/\/www.europesays.com\/it\/wp-json\/wp\/v2\/comments?post=149973"}],"version-history":[{"count":0,"href":"https:\/\/www.europesays.com\/it\/wp-json\/wp\/v2\/posts\/149973\/revisions"}],"wp:featuredmedia":[{"embeddable":true,"href":"https:\/\/www.europesays.com\/it\/wp-json\/wp\/v2\/media\/149974"}],"wp:attachment":[{"href":"https:\/\/www.europesays.com\/it\/wp-json\/wp\/v2\/media?parent=149973"}],"wp:term":[{"taxonomy":"category","embeddable":true,"href":"https:\/\/www.europesays.com\/it\/wp-json\/wp\/v2\/categories?post=149973"},{"taxonomy":"post_tag","embeddable":true,"href":"https:\/\/www.europesays.com\/it\/wp-json\/wp\/v2\/tags?post=149973"}],"curies":[{"name":"wp","href":"https:\/\/api.w.org\/{rel}","templated":true}]}}