{"id":150001,"date":"2025-10-06T12:36:18","date_gmt":"2025-10-06T12:36:18","guid":{"rendered":"https:\/\/www.europesays.com\/it\/150001\/"},"modified":"2025-10-06T12:36:18","modified_gmt":"2025-10-06T12:36:18","slug":"telemeloni-esiste-e-svela-il-segreto-de-la-ruota-della-fortuna","status":"publish","type":"post","link":"https:\/\/www.europesays.com\/it\/150001\/","title":{"rendered":"&#8220;TeleMeloni? Esiste&#8221;. E svela il segreto de La Ruota della Fortuna"},"content":{"rendered":"<p>L\u2019abbiamo visto fare praticamente di tutto, dall\u2019ironia corrosiva del <strong>Portalettere<\/strong> al palco imponente del <strong>Festival di Sanremo<\/strong> accanto a due colonne della tv italiana come <strong>Mike Bongiorno<\/strong> e <strong>Pippo Baudo<\/strong>. Oggi, Piero Chiambretti torna con una nuova avventura, Fin che la barca va, in onda dal 6 ottobre \u2013 con la seconda stagione \u2013 alle 20,15 su Rai 3. Un talk-show itinerante \u2013 letteralmente \u2013 che si svolge su un <strong>battello<\/strong> che naviga lungo il <strong>Tevere<\/strong>. Ma dietro l\u2019ennesimo esperimento c\u2019\u00e8 un pensiero pi\u00f9 profondo: la tv che cambia, che non rischia, che a volte si limita a ripetere se stessa.\n<\/p>\n<p>Le parole di Piero Chiambretti su La Ruota della Fortuna<\/p>\n<p>\u201cNon parlatemi di ottobrate romane, non esistono pi\u00f9\u201d scherza <a href=\"https:\/\/dilei.it\/star-e-vip\/piero-chiambretti\/\" rel=\"nofollow noopener\" target=\"_blank\">Piero Chiambretti<\/a> sulle colonne de La Repubblica, ricordando per\u00f2 quanto sia \u201csofferta\u201d la trasmissione, tra umidit\u00e0 e fiume. Il debutto sar\u00e0 per\u00f2, sotto un certo aspetto, terapeutico: primo ospite <strong>don Filippo Di Giacomo,<\/strong> vaticanista ed esperto di Chiesa. Poi toccher\u00e0 a <strong>Clemente Mastella<\/strong>, definito da lui beatificabile, simbolo di una politica che \u2013 piaccia o meno \u2013 ha segnato un\u2019epoca.<\/p>\n<p>La scelta degli <strong>ospiti<\/strong> segue una regola precisa: \u201cCerco figure che trattino gli argomenti in modo originale, lontano dal treno di interviste che invade i palinsesti\u201d. \u00c8 anche <strong>un modo per distinguersi<\/strong> in una tv che, secondo il conduttore, vive pi\u00f9 di memoria che di sperimentazione. \u201cLa Ruota della Fortuna ne \u00e8 la prova: <a href=\"https:\/\/dilei.it\/star-e-vip\/pier-silvio-berlusconi\/\" rel=\"nofollow noopener\" target=\"_blank\">Pier Silvio Berlusconi<\/a> ha rilanciato un programma di 40 anni fa, mettendo in difficolt\u00e0 idee pi\u00f9 contemporanee. <strong>Il pubblico si rassicura con ci\u00f2 che conosce<\/strong>\u201c.<\/p>\n<p>Le considerazioni su Telemeloni<\/p>\n<p>Piero Chiambretti, che ha attraversato la televisione pubblica e privata, oggi osserva con uno <strong>sguardo critico<\/strong> quello che definisce un sistema scientifico: si calcolano follower, numeri e algoritmi, <strong>dimenticando il calore del contatto<\/strong>. Un mondo che riflette, a suo dire, una societ\u00e0 pi\u00f9 cinica, in cui l\u2019appartenenza \u2013 a una Rete, a un giornale, persino a una squadra di calcio \u2013 \u00e8 sbiadita.<\/p>\n<p>E quando parla di <strong>TeleMeloni<\/strong>, non si nasconde: \u201c<strong>Credo che esista<\/strong>, perch\u00e9 molti dirigenti e l\u2019amministratore delegato si riferiscono alla presidente del Consiglio. Ma era cos\u00ec anche in passato, con altri partiti. <strong>Il problema non \u00e8 la raccomandazione<\/strong>: se il raccomandato \u00e8 bravo, non c\u2019\u00e8 scandalo. La tv \u00e8 lo specchio della realt\u00e0, come in una pizzeria dove lavora l\u2019amico del fratello del proprietario\u201d.<\/p>\n<p>Non manca una riflessione sul<strong> fenomeno della cronaca nera<\/strong> che ha invaso i palinsesti, trasformando la tv in una sorta di tribunale elettronico: \u201cSe potessero, ucciderebbero qualcuno per fare ascolto\u201d, dice tradendo una punta di amarezza, mascherata dalla sua solita ironia.<\/p>\n<p>Sul piano personale, Chiambretti<strong> guarda al tempo che passa con filosofia<\/strong>. L\u2019anno prossimo compir\u00e0 settant\u2019anni, ma non teme l\u2019et\u00e0: \u201cMi sento brillante, ho un buon Dna e non andr\u00f2 dal chirurgo. L\u2019esperienza \u00e8 la vera forza\u201d. Con la <strong>figlia Margherita<\/strong>, adolescente rapida e curiosa, cerca di restare al passo. \u201cLe piace Sfera Ebbasta, e io mi interrogo, ma i ragazzi hanno un linguaggio che a volte non possiamo capire\u201d. E se gli si chiede cosa lo spaventi di pi\u00f9, la risposta \u00e8 sorprendentemente semplice: \u201cIl futuro. Una volta si pianificava, oggi si pensa a stasera\u201d. La conclusione \u00e8 amara ma lucida: \u201cLa felicit\u00e0 non esiste. <strong>Oggi significa soffrire il meno possibile<\/strong>, non ammalarsi, non avere incidenti. In sostanza, vivere schivando i problemi\u201d.<\/p>\n","protected":false},"excerpt":{"rendered":"L\u2019abbiamo visto fare praticamente di tutto, dall\u2019ironia corrosiva del Portalettere al palco imponente del Festival di Sanremo accanto&hellip;\n","protected":false},"author":3,"featured_media":150002,"comment_status":"","ping_status":"","sticky":false,"template":"","format":"standard","meta":{"footnotes":""},"categories":[174],"tags":[203,17090,204,1537,90,89,45990,214],"class_list":{"0":"post-150001","1":"post","2":"type-post","3":"status-publish","4":"format-standard","5":"has-post-thumbnail","7":"category-intrattenimento","8":"tag-entertainment","9":"tag-festival-di-sanremo","10":"tag-intrattenimento","11":"tag-it","12":"tag-italia","13":"tag-italy","14":"tag-piero-chiambretti","15":"tag-spettacolo"},"share_on_mastodon":{"url":"","error":""},"_links":{"self":[{"href":"https:\/\/www.europesays.com\/it\/wp-json\/wp\/v2\/posts\/150001","targetHints":{"allow":["GET"]}}],"collection":[{"href":"https:\/\/www.europesays.com\/it\/wp-json\/wp\/v2\/posts"}],"about":[{"href":"https:\/\/www.europesays.com\/it\/wp-json\/wp\/v2\/types\/post"}],"author":[{"embeddable":true,"href":"https:\/\/www.europesays.com\/it\/wp-json\/wp\/v2\/users\/3"}],"replies":[{"embeddable":true,"href":"https:\/\/www.europesays.com\/it\/wp-json\/wp\/v2\/comments?post=150001"}],"version-history":[{"count":0,"href":"https:\/\/www.europesays.com\/it\/wp-json\/wp\/v2\/posts\/150001\/revisions"}],"wp:featuredmedia":[{"embeddable":true,"href":"https:\/\/www.europesays.com\/it\/wp-json\/wp\/v2\/media\/150002"}],"wp:attachment":[{"href":"https:\/\/www.europesays.com\/it\/wp-json\/wp\/v2\/media?parent=150001"}],"wp:term":[{"taxonomy":"category","embeddable":true,"href":"https:\/\/www.europesays.com\/it\/wp-json\/wp\/v2\/categories?post=150001"},{"taxonomy":"post_tag","embeddable":true,"href":"https:\/\/www.europesays.com\/it\/wp-json\/wp\/v2\/tags?post=150001"}],"curies":[{"name":"wp","href":"https:\/\/api.w.org\/{rel}","templated":true}]}}