{"id":150007,"date":"2025-10-06T12:39:09","date_gmt":"2025-10-06T12:39:09","guid":{"rendered":"https:\/\/www.europesays.com\/it\/150007\/"},"modified":"2025-10-06T12:39:09","modified_gmt":"2025-10-06T12:39:09","slug":"piano-per-gaza-ricompare-al-hayya-il-capo-di-hamas-sfuggito-al-blitz-di-doha-guidera-i-negoziati","status":"publish","type":"post","link":"https:\/\/www.europesays.com\/it\/150007\/","title":{"rendered":"Piano per Gaza, ricompare Al Hayya, il capo di Hamas sfuggito al blitz di Doha: guider\u00e0 i negoziati"},"content":{"rendered":"<p>    di<br \/>\n    Guido Olimpio<\/p>\n<p class=\"summary-art is-line-h-12\">Il portavoce di Hamas: \u00abLa perdita di mio figlio, del mio capo di stato maggiore e dei giovani che mi circondano \u00e8 un dolore immenso\u00bb<\/p>\n<p class=\"chapter-paragraph\"><b>Khalil al Hayya <\/b>\u00e8 riemerso dopo quasi un mese di silenzio. Il pi\u00f9 importante dirigente della leadership in esilio di Hamas, infatti, \u00e8 apparso in un\u2019intervista alla rete Al Jazeera e, salvo smentite, <b>dovrebbe guidare la delegazione nei negoziati in Egitto. <\/b>Una conferma del ruolo primario in una <a href=\"https:\/\/www.corriere.it\/esteri\/diretta-live\/25_ottobre_06\/gaza-israele-hamas-news-guerra.shtml\" title=\"Gaza, la guerra Israele-Hamas in diretta | Trump: \u00abAgire in fretta per evitare spargimento sangue\u00bb\" rel=\"nofollow noopener\" target=\"_blank\">fase decisiva e drammatica<\/a>.<\/p>\n<p class=\"chapter-paragraph\">L\u2019esponente palestinese era \u00abscomparso\u00bb in concomitanza con <a href=\"https:\/\/www.corriere.it\/esteri\/25_settembre_09\/al-hayya-meshaal-leader-hamas-colpiti-doha-71d7a076-5293-4272-bd76-61c687e0fxlk.shtml\" target=\"_blank\" rel=\"nofollow noopener\">il raid israeliano del 9 settembre a Doha, in Qatar.<\/a> Un\u2019incursione per eliminare i principali rappresentanti della fazione, tra cui Al Hayya. Nelle ore successive allo strike si erano diffuse voci incontrollate: lo hanno dato prima per morto, poi ipotizzavano che fosse ferito in modo serio e ricoverato. Era apparsa anche <b>una sua foto che lo mostrava su un letto di ospedale<\/b> ma, per alcuni, si trattava di un\u2019immagine del 2021. Diverse fonti hanno poi smentito il suo decesso, cos\u00ec come quello di Khaled Meshal e di altri personaggi che si trovavano all\u2019interno dell\u2019edificio bombardato. Non era invece sfuggito allo strike<b> il figlio di Al Hayya, eliminato dall\u2019esplosione.<\/b>    &#13;<br \/>\n&#13;<br \/>\n&#13;<br \/>\n&#13;<br \/>\n&#13;<br \/>\n&#13;<br \/>\n&#13;<br \/>\n&#13;<br \/>\n&#13;<br \/>\n&#13;<br \/>\n&#13;<br \/>\n&#13;<br \/>\n&#13;<br \/>\n&#13;<br \/>\n&#13;<br \/>\n&#13;<br \/>\n&#13;<br \/>\n&#13;<br \/>\n&#13;<br \/>\n&#13;<br \/>\n&#13;<br \/>\n&#13;<br \/>\n&#13;<br \/>\n&#13;<br \/>\n&#13;<br \/>\n&#13;<br \/>\n&#13;<br \/>\n&#13;<br \/>\n&#13;<br \/>\n&#13;<br \/>\n&#13;<br \/>\n&#13;<br \/>\n&#13;<br \/>\n&#13;<br \/>\n&#13;<br \/>\n&#13;<br \/>\n&#13;<br \/>\n&#13;<br \/>\n&#13;<br \/>\n&#13;<br \/>\n&#13;<br \/>\n&#13;<br \/>\n&#13;<br \/>\n&#13;<br \/>\n&#13;<br \/>\n&#13;<br \/>\n&#13;<br \/>\n&#13;<br \/>\n&#13;<br \/>\n&#13;<br \/>\n&#13;<br \/>\n&#13;<br \/>\n&#13;\n<\/p>\n<p class=\"chapter-paragraph\">A distanza di una settimana dall\u2019attacco avevano dato prova della loro \u00abesistenza in vita\u00bb Ghazi Hammad e Bassem Naim, sempre parte del \u00abcerchio\u00bb ospitato in Qatar. Ma proprio le loro dichiarazioni pubbliche hanno aumentato gli interrogativi<b> sulla sorte di Al Hayya e di Khaled Meshal, <\/b>secondo personaggio di spicco e gi\u00e0 preso di mira dal Mossad nel 1996 in Giordania. Non si mostrano \u2014 era una delle spiegazioni \u2014 per motivi di sicurezza, temono che il nemico riprovi ad ucciderli. Tesi che non escludeva del tutto che i due avessero patito qualche danno fisico.<\/p>\n<p>APPROFONDISCI CON IL PODCAST<\/p>\n<p class=\"chapter-paragraph\">Adesso Al Hayya \u00e8 tornato ad un ruolo pubblico e, attraverso la tv qatarina, influente e ascoltata, ha lanciato un messaggio di lotta: il sangue versato \u2014 ha detto \u2014 <b>sar\u00e0 un percorso verso la vittoria<\/b> e verso Gerusalemme. Ma ad attenderlo c\u2019\u00e8 una trattativa dove la sua fazione ha margini di manovra ristretti in quanto \u00e8 sotto<b> <a href=\"https:\/\/www.corriere.it\/esteri\/25_ottobre_04\/ok-israele-primo-ritiro-netanyahu-intesa-trump-avverte-hamas-no-ritardi-c0956dd3-2c56-42d9-889e-ff4eb96baxlk.shtml\" target=\"_blank\" rel=\"nofollow noopener\">il diktat di Donald Trump<\/a><\/b>, i missili di Netanyahu e la pressione dei mediatori, anche loro convinti che sia venuto il momento di un\u2019intesa. Costosa perch\u00e9 pu\u00f2 ridimensionare di molto Hamas e infatti lo schieramento \u00e8 diviso, restio a consegnare le armi.<\/p>\n<p class=\"chapter-paragraph\">Al Hayya arriva all\u2019appuntamento con alle spalle anni di esperienza. Originario di Gaza, membro del parlamento, guida politica e militare, ha imparato a muoversi su un terreno insidioso. Gli esperti israeliani ricordano <b>le sue prese di posizioni sempre dure<\/b>, le piroette che lo hanno portato a ringraziare l\u2019Iran per il suo supporto alla causa per poi sostenere che era solo il Qatar a garantire un aiuto dove non c\u2019era da \u00abpagare un prezzo\u00bb.<\/p>\n<p class=\"chapter-paragraph\">Nel 2020 era insorto contro <b>un piano presentato da Donald Trump <\/b>e giudicato inaccettabile; quindi, si era fatto notare con affermazioni che non lasciavano nulla al compromesso e, nei mesi scorsi,<b> aveva rivolto accuse alla Giordania e all\u2019Egitto<\/b>, considerati troppo cauti, se non codardi, nell\u2019appoggio a Gaza. Oggi si ritrova ad un punto dove le carte a sua disposizione sono poche ma questo non gli impedisce di rilanciare. Fino all\u2019ultimo.<\/p>\n<p class=\"is-last-update\" datetime=\"2025-10-06T08:02:00+02:00\">6 ottobre 2025 ( modifica il 6 ottobre 2025 | 08:02)<\/p>\n<p class=\"is-copyright\">\n            \u00a9 RIPRODUZIONE RISERVATA\n        <\/p>\n","protected":false},"excerpt":{"rendered":"di Guido Olimpio Il portavoce di Hamas: \u00abLa perdita di mio figlio, del mio capo di stato maggiore&hellip;\n","protected":false},"author":3,"featured_media":150008,"comment_status":"","ping_status":"","sticky":false,"template":"","format":"standard","meta":{"footnotes":""},"categories":[160],"tags":[509,92881,92882,33547,92883,92884,24,92885,92886,52386,92887,777,14,164,165,1277,8669,1113,206,10749,24761,2716,73,5724,75,24764,92878,92879,70374,166,4475,7,15,975,8637,138,92880,44871,379,11,167,12,168,161,162,163],"class_list":{"0":"post-150007","1":"post","2":"type-post","3":"status-publish","4":"format-standard","5":"has-post-thumbnail","7":"category-mondo","8":"tag-accuse","9":"tag-accuse-giordania","10":"tag-accuse-giordania-egitto","11":"tag-affermazioni","12":"tag-affermazioni-lasciavano","13":"tag-affermazioni-lasciavano-compromesso","14":"tag-aiuto","15":"tag-aiuto-pagare","16":"tag-aiuto-pagare-prezzo","17":"tag-apparsa","18":"tag-apparsa-foto","19":"tag-capo","20":"tag-cronaca","21":"tag-dal-mondo","22":"tag-dalmondo","23":"tag-dato","24":"tag-doha","25":"tag-donald","26":"tag-donald-trump","27":"tag-egitto","28":"tag-fazione","29":"tag-figlio","30":"tag-gaza","31":"tag-giordania","32":"tag-hamas","33":"tag-hayya","34":"tag-khaled","35":"tag-khaled-meshal","36":"tag-meshal","37":"tag-mondo","38":"tag-negoziati","39":"tag-news","40":"tag-notizie","41":"tag-piano","42":"tag-qatar","43":"tag-ruolo","44":"tag-sfuggito","45":"tag-strike","46":"tag-trump","47":"tag-ultime-notizie","48":"tag-ultime-notizie-di-mondo","49":"tag-ultimenotizie","50":"tag-ultimenotiziedimondo","51":"tag-world","52":"tag-world-news","53":"tag-worldnews"},"share_on_mastodon":{"url":"","error":""},"_links":{"self":[{"href":"https:\/\/www.europesays.com\/it\/wp-json\/wp\/v2\/posts\/150007","targetHints":{"allow":["GET"]}}],"collection":[{"href":"https:\/\/www.europesays.com\/it\/wp-json\/wp\/v2\/posts"}],"about":[{"href":"https:\/\/www.europesays.com\/it\/wp-json\/wp\/v2\/types\/post"}],"author":[{"embeddable":true,"href":"https:\/\/www.europesays.com\/it\/wp-json\/wp\/v2\/users\/3"}],"replies":[{"embeddable":true,"href":"https:\/\/www.europesays.com\/it\/wp-json\/wp\/v2\/comments?post=150007"}],"version-history":[{"count":0,"href":"https:\/\/www.europesays.com\/it\/wp-json\/wp\/v2\/posts\/150007\/revisions"}],"wp:featuredmedia":[{"embeddable":true,"href":"https:\/\/www.europesays.com\/it\/wp-json\/wp\/v2\/media\/150008"}],"wp:attachment":[{"href":"https:\/\/www.europesays.com\/it\/wp-json\/wp\/v2\/media?parent=150007"}],"wp:term":[{"taxonomy":"category","embeddable":true,"href":"https:\/\/www.europesays.com\/it\/wp-json\/wp\/v2\/categories?post=150007"},{"taxonomy":"post_tag","embeddable":true,"href":"https:\/\/www.europesays.com\/it\/wp-json\/wp\/v2\/tags?post=150007"}],"curies":[{"name":"wp","href":"https:\/\/api.w.org\/{rel}","templated":true}]}}