{"id":150150,"date":"2025-10-06T14:45:13","date_gmt":"2025-10-06T14:45:13","guid":{"rendered":"https:\/\/www.europesays.com\/it\/150150\/"},"modified":"2025-10-06T14:45:13","modified_gmt":"2025-10-06T14:45:13","slug":"coloriamo-la-nostra-vita-il-viaggio-poetico-di-cecilia-quattrer-nel-suo-ultimo-e-book-bellunopress","status":"publish","type":"post","link":"https:\/\/www.europesays.com\/it\/150150\/","title":{"rendered":"Coloriamo la nostra vita. Il viaggio poetico di Cecilia Quattrer nel suo ultimo e-book | Bellunopress"},"content":{"rendered":"<p><img fetchpriority=\"high\" decoding=\"async\" class=\"aligncenter size-full wp-image-163887\" src=\"https:\/\/www.europesays.com\/it\/wp-content\/uploads\/2025\/10\/Coloriamo-la-nostra-vita-di-Cecilia-Quattrer.jpg\" alt=\"\" width=\"534\" height=\"800\"  \/>E\u2019 una dolce pennellata che d\u00e0 voce al proprio \u201cio\u201d interiore, la scrittura di Cecilia Quattrer che, nella sua opera \u201cColoriamo la nostra vita\u201d \u2013 disponibile solo nella versione e-book \u2013 accompagna il lettore in un piacevole viaggio tra emozioni, ricordi, abbracci e calore. \u00abMolti dei miei componimenti \u2013 confessa l\u2019autrice che vive a Santo Stefano di Cadore (Belluno) \u2013 fanno parte della quotidianit\u00e0, cerco di vedere sempre il lato positivo delle cose. Ecco allora il perch\u00e9 del titolo: \u00e8 semplicemente un invito rivolto a tutti coloro che hanno difficolt\u00e0 a dare il giusto risalto alle bellezze che ci stanno attorno, \u201ccolorando\u201d noi stessi e il nostro vivere\u00bb.<\/p>\n<p>L\u2019opera \u00e8 pubblicata nella collana \u201cAltre Frontiere\u201d dell\u2019Aletti editore, poich\u00e9 tradotto anche nella versione inglese, in collaborazione con \u201cSSML Istituto di Alti Studi Linguistici Carlo Bo\u201d. \u00abIn un mondo dove la lingua inglese la fa da padrone, potrebbe essere la scelta giusta, anche se ritengo che la mia lingua, l\u2019italiano, sia la pi\u00f9 bella e la pi\u00f9 armoniosa sotto ogni punto di vista\u00bb.<\/p>\n<p>La scrittura di Cecilia trova la sua fonte nella quotidianit\u00e0, nelle emozioni interiori suscitate da sentimenti come l\u2019amore, l\u2019amicizia, la malinconia; nei rapporti umani, nella natura circostante, tramutati in versi semplici, profondi e coinvolgenti, in cui ciascuno pu\u00f2 riflettersi.<\/p>\n<p>\u00abImprimere nero su bianco quello che hai dentro, \u00e8 come guardarsi allo specchio. Non \u00e8 sicuramente facile; bisogna avere il coraggio di spogliarsi, mettendo a nudo le proprie fragilit\u00e0, accettando i propri errori e, possibilmente, perdonandosi. Ritrovare la pace interiore \u00e8 il passo successivo\u00bb.<\/p>\n<p>La poesia diventa, cos\u00ec, un modo per esprimere stati d\u2019animo complessi e sfumature delle esperienze umane, dove la Quattrer accosta la potenza della parola a quella del colore, ognuno dei quali ha un significato ben definito.<\/p>\n<p>\u00abLa passione, l\u2019amore, talvolta la rabbia sono ben rappresentate dal rosso fiammante, l\u2019invidia e la cattiveria sono, a tutti gli effetti, nere come la pece\u00bb.<\/p>\n<p>Ma se l\u2019autrice dovesse pensare, ad occhi chiusi, al colore che, per eccellenza, illumina la sua vita, non ha dubbi: \u00e8 l\u2019azzurro, che dona serenit\u00e0, ispira fiducia e stimola la creativit\u00e0.<\/p>\n<p>\u00abIn ognuno di noi le emozioni hanno un peso non indifferente. Se anche un solo lettore, leggendo i miei componimenti, riesce a sentirsi parte integrante del mio scrivere, immedesimandosi, ritengo sia la giusta ricompensa, per chi come me, sceglie di parlare con il cuore\u00bb.<\/p>\n<p>E il cuore di Cecilia parla ad altri cuori, invitandoli, con la sua penna, a vedere oltre il buio delle proprie paure, avendo il coraggio di guardare oltre le apparenze, di saper accettare le sconfitte, di perdonarsi e davanti ad un tramonto, emozionarsi come fosse sempre la prima volta. Solo con la sensibilit\u00e0 di chi sa respirare il profumo delle pagine, immaginando l\u2019autore chino su di esso nel completare la sua fatica.<\/p>\n<p>\u00abIn un\u2019era tecnologica come quella che stiamo vivendo, anche il mondo della letteratura deve, per forza di cose, adeguarsi. Ma l\u2019e-book, per quanto moderno e forse pi\u00f9 letto dalle nuove generazioni, non toglier\u00e0 mai il gusto di avere tra le mani il vecchio, caro amico cartaceo\u00bb.<\/p>\n","protected":false},"excerpt":{"rendered":"E\u2019 una dolce pennellata che d\u00e0 voce al proprio \u201cio\u201d interiore, la scrittura di Cecilia Quattrer che, nella&hellip;\n","protected":false},"author":3,"featured_media":150151,"comment_status":"","ping_status":"","sticky":false,"template":"","format":"standard","meta":{"footnotes":""},"categories":[1445],"tags":[1608,203,204,1537,90,89,1609],"class_list":{"0":"post-150150","1":"post","2":"type-post","3":"status-publish","4":"format-standard","5":"has-post-thumbnail","7":"category-libri","8":"tag-books","9":"tag-entertainment","10":"tag-intrattenimento","11":"tag-it","12":"tag-italia","13":"tag-italy","14":"tag-libri"},"share_on_mastodon":{"url":"","error":""},"_links":{"self":[{"href":"https:\/\/www.europesays.com\/it\/wp-json\/wp\/v2\/posts\/150150","targetHints":{"allow":["GET"]}}],"collection":[{"href":"https:\/\/www.europesays.com\/it\/wp-json\/wp\/v2\/posts"}],"about":[{"href":"https:\/\/www.europesays.com\/it\/wp-json\/wp\/v2\/types\/post"}],"author":[{"embeddable":true,"href":"https:\/\/www.europesays.com\/it\/wp-json\/wp\/v2\/users\/3"}],"replies":[{"embeddable":true,"href":"https:\/\/www.europesays.com\/it\/wp-json\/wp\/v2\/comments?post=150150"}],"version-history":[{"count":0,"href":"https:\/\/www.europesays.com\/it\/wp-json\/wp\/v2\/posts\/150150\/revisions"}],"wp:featuredmedia":[{"embeddable":true,"href":"https:\/\/www.europesays.com\/it\/wp-json\/wp\/v2\/media\/150151"}],"wp:attachment":[{"href":"https:\/\/www.europesays.com\/it\/wp-json\/wp\/v2\/media?parent=150150"}],"wp:term":[{"taxonomy":"category","embeddable":true,"href":"https:\/\/www.europesays.com\/it\/wp-json\/wp\/v2\/categories?post=150150"},{"taxonomy":"post_tag","embeddable":true,"href":"https:\/\/www.europesays.com\/it\/wp-json\/wp\/v2\/tags?post=150150"}],"curies":[{"name":"wp","href":"https:\/\/api.w.org\/{rel}","templated":true}]}}