{"id":150155,"date":"2025-10-06T14:51:09","date_gmt":"2025-10-06T14:51:09","guid":{"rendered":"https:\/\/www.europesays.com\/it\/150155\/"},"modified":"2025-10-06T14:51:09","modified_gmt":"2025-10-06T14:51:09","slug":"la-bugia-di-belen-8-il-problema-di-stefano-8","status":"publish","type":"post","link":"https:\/\/www.europesays.com\/it\/150155\/","title":{"rendered":"la bugia di Belen (8), il problema di Stefano (8)"},"content":{"rendered":"<p>Retroscena, bugie e alchimie mai svelate fino ad oggi. A <strong>La Volta Buona<\/strong> si \u00e8 discusso a lungo, ma con ritmo incalzante, della seconda puntata di Ballando con le Stelle. Un\u2019ottima scelta visto che il variet\u00e0 del sabato sera sta appassionando quasi quattro milioni di spettatori. Un talk guidato da <strong>Caterina Balivo<\/strong> con alcuni protagonisti del programma, come i ballerini Anastasia Kuzmina e Nikita Perotti e il tribuno del popolo Rossella Erra.\n<\/p>\n<p>Nikita Perotti, la danza non ha et\u00e0. Voto 10<\/p>\n<p>Al centro del talk de La Volta Buona su Ballando con le Stelle, i commenti spesso fuori luogo e cattivi della giuria di <a href=\"https:\/\/dilei.it\/star-e-vip\/milly-carlucci\/\" data-doctype=\"\" rel=\"nofollow noopener\" target=\"_blank\">Milly Carlucci.<\/a> Ancora una volta si \u00e8 parlato di Marcella Bella, \u201crea\u201d di aver mostrato una certa sensualit\u00e0 fin dalla prima puntata nonostante i suoi 73 anni. Forte e chiaro il messaggio del pi\u00f9 giovane in studio, il 21enne Nikita Perotti, il ballerino che danza con <a href=\"https:\/\/dilei.it\/star-e-vip\/andrea-delogu\/\" data-doctype=\"\" rel=\"nofollow noopener\" target=\"_blank\">Andrea Delogu<\/a>.<\/p>\n<p>\u201c<strong>Hanno esagerato con i giudizi su Marcella Bella, la danza non ha et\u00e0<\/strong>. Tutti devono divertirsi\u201d, ha ammesso il ragazzo, che un giorno spera di seguire le orme di Stefano De Martino e diventare cos\u00ec anche lui un conduttore.<\/p>\n<p>Un messaggio semplice, che forse pu\u00f2 apparire banale ai pi\u00f9, ma che ora, alla luce di quanto emerso, sembra pi\u00f9 necessario che mai. Perch\u00e9 la danza non ha et\u00e0, cos\u00ec come la sensualit\u00e0. Perch\u00e9 ci si pu\u00f2 sentire belle e seducenti anche dopo i 70 anni. Come<a href=\"https:\/\/dilei.it\/star-e-vip\/marcella-bella\/\" data-doctype=\"\" rel=\"nofollow noopener\" target=\"_blank\"> Marcella Bella<\/a> docet.<\/p>\n<p>I piedi di Caterina Balivo, Rosa Chemical imbarazza. Voto 7<\/p>\n<p>La breve intervista a <strong>Rosa Chemical<\/strong> dopo la diretta di Ballando con le Stelle e trasmessa durante La Volta Buona ha creato attimi di imbarazzo in studio. Soprattutto per la padrona di casa. Il cantante, coerente con il suo animo provocatorio, ha momentaneamente lasciato da parte la sua partecipazione al dancing show per rivelare di essere <strong>un grande fan dei piedi di Caterina Balivo.<\/strong><\/p>\n<p>Cos\u00ec \u00e8 tornata a galla una vecchia storia che ha fatto arrossire in diretta la 45enne: la conduttrice Rai convive da sempre con un forte interesse da parte dei feticisti. \u201cRicevo molte mail. Ho un mondo di feticisti molto attivi. <strong>Sono Miss Piede d\u2019oro da diversi anni.<\/strong> Li vogliono vedere coi tacchi oppure nudi\u201d, aveva raccontato qualche anno fa. E tra quei fan ora figura anche <a href=\"https:\/\/dilei.it\/star-e-vip\/rosa-chemical\/\" data-doctype=\"\" rel=\"nofollow noopener\" target=\"_blank\">Rosa Chemical<\/a>.<\/p>\n<p>La bugia di Belen Rodriguez. Voto 8<\/p>\n<p>\u201cMilly se mi trovi un secondo marito, un ballerino, vengo\u201d, aveva detto <a href=\"https:\/\/dilei.it\/star-e-vip\/belen-rodriguez\/\" data-doctype=\"\" rel=\"nofollow noopener\" target=\"_blank\">Belen Rodriguez<\/a> a Ballando con le Stelle dopo che la Carlucci le aveva proposto di tornare a gareggiare il prossimo anno. Intervistata da Domenico Marocchi de La Volta Buona la soubrette argentina ha per\u00f2 smentito tutto. <strong>\u201cNon ne voglio pi\u00f9, era una bugia\u201d,<\/strong> ha spiegato Belen all\u2019inviato, prima di aggiungere: \u201cQuesto \u00e8 un momento tranquillo della mia vita\u201d. Dopo i numerosi tira e molla con <a href=\"https:\/\/dilei.it\/star-e-vip\/stefano-de-martino\/\" data-doctype=\"\" rel=\"nofollow noopener\" target=\"_blank\">Stefano De Martino<\/a> la Rodriguez non ha proprio voglia di ripetere certi errori del passato. Brava cos\u00ec: errare \u00e8 umano, perseverare \u00e8 diabolico.<\/p>\n<p>Barbara D\u2019Urso e Pasquale La Rocca insieme. Voto 8<\/p>\n<p>Ad aggiungere retroscena su Ballando con le Stelle Rossella Erra, tribuno del popolo e opinionista di <a href=\"https:\/\/dilei.it\/star-e-vip\/caterina-balivo\/\" data-doctype=\"\" rel=\"nofollow noopener\" target=\"_blank\">Caterina Balivo<\/a>. \u201cSta nascendo un bellissimo rapporto di amicizia tra Barbara e Pasquale.<strong> Lui non \u00e8 mai stato cos\u00ec con nessuna<\/strong> a Ballando. Ho assistito ad un momento privato in cui lui l\u2019ha rincuorata con delle parole bellissime\u201d, ha assicurato Rossella. \u201cSe son rose fioriranno\u201d, ha aggiunto Vladimir Luxuria, che conosce bene la D\u2019Urso, essendo stata per anni sua opinionista. E poi: \u201cSi sta concentrando sul ballo, \u00e8 giusto cos\u00ec. Lei sar\u00e0 sul podio\u201d.<\/p>\n<p>Fabio Fognini, pi\u00f9 che tigre un micione. Voto 6<\/p>\n<p>Celebre per i suoi sfoghi di ira in campo, il tennista <strong>Fabio Fognini<\/strong> sta dimostrando tutt\u2019altro a Ballando con le Stelle. Un uomo placido, a tratti timido. Altro che tigre, non esageriamo a definirlo un micione. E cos\u00ec si \u00e8 mostrato anche a La Volta Buona, in collegamento con la ballerina Giada Lini, dove ha rimarcato di non essere stato capito fino a ora nel variet\u00e0 di Milly Carlucci.<\/p>\n<p>\u201cMi sto impegnando anche grazie all\u2019aiuto della mia maestra ma non hanno capito una cosa; <strong>nello sport e nella vita sono due persone diverse<\/strong> e questo forse non \u00e8 arrivato. Cosa sono sportivamente non c\u2019\u00e8 bisogno che lo dica data la carriera ventennale; nel privato sono molto riservato, faccio fatica ad aprirmi e dare confidenza\u201d.<\/p>\n<p>Fognini non ha nascosto pure un discreto malcontento nei confronti di se stesso: \u201cSto lavorando, sono uscito dal secondo ballo molto incavolato con me stesso\u2026 Ancora non riesco a capire: cosa posso fare meglio e come posso convincere la giuria?\u201d. Non resta che attendere gli artigli in pista\u2026<\/p>\n<p>Il problema di Stefano De Martino a Sanremo. Voto 8<\/p>\n<p>Schietta e sincera l\u2019analisi di Aldo Vitali, direttore di Tv Sorrisi e Canzoni, su Stefano De Martino e la sua chiacchierata <strong>partecipazione a Sanremo<\/strong> non ancora ufficializzata. Da anni si vocifera del suo approdo nella citt\u00e0 dei fiori ma per ora non c\u2019\u00e8 ancora nulla di conreto. Si \u00e8 sempre parlato, soprattutto a La Volta Buona, di quanto Stefano sia bravo e talentuoso.<\/p>\n<p>A volte \u00e8 stato erroneamente accostato a mostri sacri dello spettacolo come Pippo Baudo, Fiorello e Renzo Arbore, ma in pochi hanno evidenziato i <strong>limiti attuali di Stefano<\/strong>. Osservazione fatta invece ora da Vitali con grande acume.<\/p>\n<p>\u201cCredo che Stefano speri che Carlo prolunghi a Sanremo. <strong>Il problema per Stefano non \u00e8 condurre ma fare il direttore artistico<\/strong>. Lo stesso Carlo mi ha detto che fare il direttore artistico \u00e8 la vera fatica. \u2013 ha sottolineato il giornalista \u2013 Non so se De Martino se la sente di fare anche il direttore artistico, non so se abbia gi\u00e0 in piedi uno staff che possa fare questa cosa. Per Carlo Conti \u00e8 pi\u00f9 facile perch\u00e9 ha lavorato per tanti anni in radio\u201d.<\/p>\n<p>Parole sante. De Martino \u00e8 bravo, si \u00e8 saputo reinventare con grande umilt\u00e0 e determinazione togliendosi di dosso certe etichette e pregiudizi. <strong>Ma la gavetta \u00e8 ancora lunga.<\/strong><\/p>\n<p>La coerenza di Giulio Scarpati. Voto 9<\/p>\n<p>Ospite di un\u2019intervista face to face per presentare il suo nuovo spettacolo teatrale, <strong>Giulio Scarpati<\/strong> ha ribadito a La Volta Buona di non essere interessato ad una nuova stagione di Un Medico in Famiglia. Un sogno da realizzare a tutti i costi, invece, per <a href=\"https:\/\/dilei.it\/star-e-vip\/lino-banfi\/\" data-doctype=\"\" rel=\"nofollow noopener\" target=\"_blank\">Lino Banfi<\/a> che pi\u00f9 volte ha fatto appelli per realizzare nuove puntate della fiction cult della Rai.<\/p>\n<p>\u201cEra una situazione diversa che non c\u2019\u00e8 pi\u00f9.<strong>\u00a0Bisognerebbe inventarsi qualcosa di nuovo,<\/strong> tutti questi remake al cinema e in tv mi piacciono meno. Io credo che bisognerebbe sforzarsi a capire la realt\u00e0 attuale\u201d, ha spiegato l\u2019attore a Caterina Balivo. Del resto il troppo storpia e certe storie, certe serie che hanno segnato la storia della tv, \u00e8 bene lasciarle cos\u00ec com\u2019\u00e8. Ricordi indelebili da non macchiare inutilmente.<\/p>\n","protected":false},"excerpt":{"rendered":"Retroscena, bugie e alchimie mai svelate fino ad oggi. A La Volta Buona si \u00e8 discusso a lungo,&hellip;\n","protected":false},"author":3,"featured_media":150156,"comment_status":"","ping_status":"","sticky":false,"template":"","format":"standard","meta":{"footnotes":""},"categories":[174],"tags":[16556,39049,203,204,1537,90,89,214],"class_list":{"0":"post-150155","1":"post","2":"type-post","3":"status-publish","4":"format-standard","5":"has-post-thumbnail","7":"category-intrattenimento","8":"tag-ballando-con-le-stelle","9":"tag-caterina-balivo","10":"tag-entertainment","11":"tag-intrattenimento","12":"tag-it","13":"tag-italia","14":"tag-italy","15":"tag-spettacolo"},"share_on_mastodon":{"url":"","error":""},"_links":{"self":[{"href":"https:\/\/www.europesays.com\/it\/wp-json\/wp\/v2\/posts\/150155","targetHints":{"allow":["GET"]}}],"collection":[{"href":"https:\/\/www.europesays.com\/it\/wp-json\/wp\/v2\/posts"}],"about":[{"href":"https:\/\/www.europesays.com\/it\/wp-json\/wp\/v2\/types\/post"}],"author":[{"embeddable":true,"href":"https:\/\/www.europesays.com\/it\/wp-json\/wp\/v2\/users\/3"}],"replies":[{"embeddable":true,"href":"https:\/\/www.europesays.com\/it\/wp-json\/wp\/v2\/comments?post=150155"}],"version-history":[{"count":0,"href":"https:\/\/www.europesays.com\/it\/wp-json\/wp\/v2\/posts\/150155\/revisions"}],"wp:featuredmedia":[{"embeddable":true,"href":"https:\/\/www.europesays.com\/it\/wp-json\/wp\/v2\/media\/150156"}],"wp:attachment":[{"href":"https:\/\/www.europesays.com\/it\/wp-json\/wp\/v2\/media?parent=150155"}],"wp:term":[{"taxonomy":"category","embeddable":true,"href":"https:\/\/www.europesays.com\/it\/wp-json\/wp\/v2\/categories?post=150155"},{"taxonomy":"post_tag","embeddable":true,"href":"https:\/\/www.europesays.com\/it\/wp-json\/wp\/v2\/tags?post=150155"}],"curies":[{"name":"wp","href":"https:\/\/api.w.org\/{rel}","templated":true}]}}