{"id":150186,"date":"2025-10-06T15:18:09","date_gmt":"2025-10-06T15:18:09","guid":{"rendered":"https:\/\/www.europesays.com\/it\/150186\/"},"modified":"2025-10-06T15:18:09","modified_gmt":"2025-10-06T15:18:09","slug":"margot-sikabonyi-di-nuovo-mamma-e-nato-il-terzo-figlio-dellattrice","status":"publish","type":"post","link":"https:\/\/www.europesays.com\/it\/150186\/","title":{"rendered":"Margot Sikabonyi di nuovo mamma, \u00e8 nato il terzo figlio dell&#8217;attrice"},"content":{"rendered":"<p>Ancora un fiocco azzurro per <strong>Margot Sikabonyi<\/strong>. L\u2019attrice, indimenticabile <strong>Maria di Un Medico in Famiglia<\/strong>, \u00e8 diventata mamma per la terza volta all\u2019et\u00e0 di 42 anni. Un terzo maschietto dopo <strong>Bruno James<\/strong>, nato nel 2015, e <strong>Leonardo<\/strong> arrivato nel 2017. A dare l\u2019annuncio in televisione sul nuovo arrivato \u00e8 stata Caterina Balivo, mentre intervistava Giulio Scarpati, il mitico Lele, a La Volta Buona.<\/p>\n<p>\u00c8 nato il terzo figlio di Margot Sikabonyi<\/p>\n<p><a href=\"https:\/\/dilei.it\/spettacolo\/margot-sikabonyi-terzo-figlio-cosa-fa-oggi\/1825523\/\" data-doctype=\"\" rel=\"nofollow noopener\" target=\"_blank\">Margot Sikabonyi<\/a> \u00e8 di nuovo mamma: <strong>\u00e8 nato Michele<\/strong>. Cos\u00ec si chiama il suo terzo figlio, come confermato da<a href=\"https:\/\/dilei.it\/star-e-vip\/caterina-balivo\/\" data-doctype=\"\" rel=\"nofollow noopener\" target=\"_blank\"> Caterina Balivo<\/a> a La Volta Buona. Solo qualche settimana fa la conduttrice di Aversa aveva invitato l\u2019attrice, oggi insegnante di yoga, nel talk dedicato alla maternit\u00e0.<\/p>\n<p>E in tale occasione Margot aveva ammesso una certa indecisione sul nome del suo beb\u00e8. <strong>La scelta \u00e8 arrivata solo a poche ore dal parto.<\/strong> Soprattutto perch\u00e9 il suo compagno, la cui identit\u00e0 \u00e8 ancora oggi avvolta nel mistero, era intenzionato a chiamare il piccolo Charlie. \u201cMa<strong> il nome lo scelgo io<\/strong>\u201c, aveva detto perentoria Margot e cos\u00ec \u00e8 stato.<\/p>\n<p>Michele \u00e8 un nome di origine ebraica, derivato da \u201cMikha\u2019el\u201d che significa \u201cChi \u00e8 come Dio?\u201d. Questo nome esprime un senso di umilt\u00e0 e riverenza verso la divinit\u00e0, ponendo implicitamente una domanda retorica che sottolinea l\u2019unicit\u00e0 e l\u2019incomparabilit\u00e0 di Dio.<\/p>\n<p>La diffusione del nome \u00e8 legata alla venerazione dell\u2019Arcangelo Michele, figura importante nelle tradizioni giudaico-cristiane. Il nome Michele \u00e8 quindi portatore di un significato profondo, legato alla fede e alla spiritualit\u00e0.<\/p>\n<p>A La Volta Buona Margot aveva confidato di aver vissuto senza troppi problemi questa sua terza gravidanza, complice anche la quotidiana <strong>pratica dello yoga e della meditazione.\u00a0<\/strong>Ma ovviamente a dare il giusto contributo sono stati anche gli altri due figli della Sikabonyi.<\/p>\n<p>\u201cCome faccio ad essere cos\u00ec in forma? Perch\u00e9 ne ho altri due! Ci pensano loro a tenermi attiva\u201d, aveva raccontato divertita. Una risposta da manuale per tutte le mamme multitasking, che ha fatto sorridere anche la conduttrice.<\/p>\n<p>\u201cGli altri due miei figli sono eccessivamente felici di diventare fratelli ma hanno precisato: \u2018Solo se \u00e8 maschio\u2019. Sono ovviamente felicissima anche io\u201d, aveva aggiunto. Bruno e Leonardo sono nati dal rapporto, oggi concluso, con <strong>l\u2019ex compagno Jacopo Neri.<\/strong><\/p>\n<p>Cosa fa oggi Margot Sikabonyi<\/p>\n<p>Margot Sikabonyi non ha mai smesso di recitare e si \u00e8 detta\u00a0<strong>pronta a tornare sul set di\u00a0<\/strong><strong>Un Medico in Famiglia<\/strong>, qualora si dovesse davvero fare un reboot come per I Cesaroni.<\/p>\n<p>L\u2019ultimo film di Margot uscito al cinema \u00e8 Bocche inutili, del 2022, ma ora il set non \u00e8 pi\u00f9 tutta la sua vita. Ha infatti anche\u00a0<strong>pubblicato dei libri<\/strong>. Nel 2021 \u00e8 stata la volta di\u00a0Respira! Alla ricerca della calma nel caos. Un testo molto personale, che richiama una pratica che ancora oggi fa parte della sua quotidianit\u00e0: la respirazione yoga. Le bastano anche pochi minuti tutti i giorni per riuscire a \u201ccentrarsi\u201d, aveva spiegato sempre a La Volta Buona.<\/p>\n<p>Negli anni ha iniziato a <strong>insegnare yoga<\/strong> e nel 2024 \u00e8 uscito il suo secondo libro: Lara vuole essere felice. Un testo che racconta il suo percorso verso la luce. Un volume che offre una storia universale e che spera, un giorno, possa avere dei seguiti letterari e magari anche un adattamento cinematografico: \u201cVedo la possibilit\u00e0 di usare il mio lavoro per portare luce\u201d.<\/p>\n","protected":false},"excerpt":{"rendered":"Ancora un fiocco azzurro per Margot Sikabonyi. L\u2019attrice, indimenticabile Maria di Un Medico in Famiglia, \u00e8 diventata mamma&hellip;\n","protected":false},"author":3,"featured_media":150187,"comment_status":"","ping_status":"","sticky":false,"template":"","format":"standard","meta":{"footnotes":""},"categories":[174],"tags":[39049,203,92922,204,1537,90,89,71067,86],"class_list":{"0":"post-150186","1":"post","2":"type-post","3":"status-publish","4":"format-standard","5":"has-post-thumbnail","7":"category-intrattenimento","8":"tag-caterina-balivo","9":"tag-entertainment","10":"tag-giulio-scarpati","11":"tag-intrattenimento","12":"tag-it","13":"tag-italia","14":"tag-italy","15":"tag-un-medico-in-famiglia","16":"tag-vip"},"share_on_mastodon":{"url":"","error":""},"_links":{"self":[{"href":"https:\/\/www.europesays.com\/it\/wp-json\/wp\/v2\/posts\/150186","targetHints":{"allow":["GET"]}}],"collection":[{"href":"https:\/\/www.europesays.com\/it\/wp-json\/wp\/v2\/posts"}],"about":[{"href":"https:\/\/www.europesays.com\/it\/wp-json\/wp\/v2\/types\/post"}],"author":[{"embeddable":true,"href":"https:\/\/www.europesays.com\/it\/wp-json\/wp\/v2\/users\/3"}],"replies":[{"embeddable":true,"href":"https:\/\/www.europesays.com\/it\/wp-json\/wp\/v2\/comments?post=150186"}],"version-history":[{"count":0,"href":"https:\/\/www.europesays.com\/it\/wp-json\/wp\/v2\/posts\/150186\/revisions"}],"wp:featuredmedia":[{"embeddable":true,"href":"https:\/\/www.europesays.com\/it\/wp-json\/wp\/v2\/media\/150187"}],"wp:attachment":[{"href":"https:\/\/www.europesays.com\/it\/wp-json\/wp\/v2\/media?parent=150186"}],"wp:term":[{"taxonomy":"category","embeddable":true,"href":"https:\/\/www.europesays.com\/it\/wp-json\/wp\/v2\/categories?post=150186"},{"taxonomy":"post_tag","embeddable":true,"href":"https:\/\/www.europesays.com\/it\/wp-json\/wp\/v2\/tags?post=150186"}],"curies":[{"name":"wp","href":"https:\/\/api.w.org\/{rel}","templated":true}]}}