{"id":150530,"date":"2025-10-06T20:23:10","date_gmt":"2025-10-06T20:23:10","guid":{"rendered":"https:\/\/www.europesays.com\/it\/150530\/"},"modified":"2025-10-06T20:23:10","modified_gmt":"2025-10-06T20:23:10","slug":"unabomber-il-dna-esclude-tutti-gli-indagati-la-consulente-delle-vittime-epilogo-che-rattrista","status":"publish","type":"post","link":"https:\/\/www.europesays.com\/it\/150530\/","title":{"rendered":"Unabomber, il Dna esclude tutti gli indagati. La consulente delle vittime: \u00abEpilogo che rattrista\u00bb"},"content":{"rendered":"<p>    di<br \/>\n    Andrea Pasqualetto<\/p>\n<p class=\"summary-art is-line-h-12\">Trieste, la superperizia di 2mila pagine disposta dal gip: risultati negativi. La soddisfazione del legale di Zornitta: \u00abArchiviazione scontata\u00bb Deluse le vittime dell&#8217;attentatore<\/p>\n<p class=\"chapter-paragraph\">Nessuna pistola fumante. N\u00e8 contro <b><a href=\"https:\/\/www.corriere.it\/cronache\/25_ottobre_04\/superperizia-unabomber-zornitta-f55f2f3a-6390-421b-9193-e5bad2863xlk.shtml\" rel=\"nofollow noopener\" target=\"_blank\">l\u2019ingegnere Elvo Zornitta<\/a><\/b> n\u00e9 contro gli altri dieci indagati. La nuova perizia sul <b><a href=\"https:\/\/corrieredelveneto.corriere.it\/notizie\/venezia-mestre\/cronaca\/25_settembre_30\/unabomber-storia-nuova-inchiesta-zornitta-2712ad20-8abf-4a63-9b23-e3d087295xlk.shtml\" rel=\"nofollow noopener\" target=\"_blank\">caso Unabomber<\/a><\/b>, disposta oltre due anni e mezzo fa dal gip di Trieste, <b>non ha individuato l\u2019imprendibile attentatore<\/b> che piazz\u00f2 <b>trappole esplosive fra Veneto e Friuli<\/b> negli anni compresi<b> fra il 1994 e il 2006<\/b>. Si tratta di un documento di circa duemila pagine, firmato dall\u2019ex comandante del Ris di Parma oggi in pensione Giampietro Lago e dall\u2019antropologa molecolare forense Elena Pilli, che sar\u00e0 consegnato alle parti nei prossimi giorni in vista dell\u2019udienza di incidente probatorio fissata per il prossimo 20 ottobre.<\/p>\n<p>    Le comparazioni e l&#8217;archiviazione<\/p>\n<p class=\"chapter-paragraph\">I periti hanno comparato vecchi e nuovi reperti degli ordigni, ripescati dagli archivi del tribunale, con <b>il Dna delle undici persone<\/b> che all\u2019epoca erano state sospettate. Tutti uomini  di una certa et\u00e0,  pensionati, che si sono ritrovati sotto inchiesta dopo essere stati  all\u2019epoca sospettati e archiviati. Gli inquirenti speravano nelle nuove tecniche di biologia forense ma la ricerca del cosiddetto <b>match ha dato esito negativo<\/b>. Sono state fatte centinaia di analisi, nelle quali sono finiti anche i profili genetici di altre 39 persone, soprattutto investigatori e tecnici di laboratorio, che avrebbero potuto contaminare i reperti. Dopo il deposito e il confronto in aula sui dati, la parola passer\u00e0 alla Procura. A  meno di sorprese  <b>Unabomber rester\u00e0 dunque un mistero<\/b>  e il fascicolo destinato a una nuova, definitiva  archiviazione. <br \/>Triste epilogo per le sue vittime.\u00a0    &#13;<br \/>\n&#13;<br \/>\n&#13;<br \/>\n&#13;<br \/>\n&#13;<br \/>\n&#13;<br \/>\n&#13;<br \/>\n&#13;<br \/>\n&#13;<br \/>\n&#13;<br \/>\n&#13;<br \/>\n&#13;<br \/>\n&#13;<br \/>\n&#13;<br \/>\n&#13;<br \/>\n&#13;<br \/>\n&#13;<br \/>\n&#13;<br \/>\n&#13;<br \/>\n&#13;<br \/>\n&#13;<br \/>\n&#13;<br \/>\n&#13;<br \/>\n&#13;<br \/>\n&#13;<br \/>\n&#13;<br \/>\n&#13;<br \/>\n&#13;<br \/>\n&#13;<br \/>\n&#13;<br \/>\n&#13;<br \/>\n&#13;<br \/>\n&#13;<br \/>\n&#13;<br \/>\n&#13;<br \/>\n&#13;<br \/>\n&#13;<br \/>\n&#13;<br \/>\n&#13;<br \/>\n&#13;<br \/>\n&#13;<br \/>\n&#13;<br \/>\n&#13;<br \/>\n&#13;<br \/>\n&#13;<br \/>\n&#13;<br \/>\n&#13;<br \/>\n&#13;<br \/>\n&#13;<br \/>\n&#13;<br \/>\n&#13;<br \/>\n&#13;<br \/>\n&#13;\n<\/p>\n<p>    \u00abNon \u00e8 stato trovato nulla\u00bb<\/p>\n<p class=\"chapter-paragraph\">\u00abLa situazione rattrista un po\u2019 perch\u00e9 non \u00e8 stato trovato assolutamente nulla\u00bb, ha commentato una delusa Marina Baldi, il consulente nominato dall\u2019avvocato Serena Gasperini, presente ieri all\u2019incontro con i periti. Gasperini assiste <b>Francesca Girardi<\/b> che oggi ha 31 anni e <b>ne aveva nove quando perse la mano destra<\/b> e la funzionalit\u00e0 di un occhio per aver raccolto un evidenziatore esplosivo sul greto del Piave. L\u2019inchiesta bis \u00e8 partita anche grazie a lei e a Greta Momesso, che a sei anni rest\u00f2 mutilata della mano sinistra per lo scoppio di un cero elettrico.  Entrambe, con il giornalista Marco Maisano,  hanno dato impulso alle indagini.<\/p>\n<p>    \u00abAnalisi complicatissime\u00bb<\/p>\n<p class=\"chapter-paragraph\">\u00a0Diverso l\u2019umore dalle parti degli indagati. \u00abSiamo soddisfatti per aver avuto la conferma che il mio assistito non c\u2019entra nulla e che anche rispetto agli altri non siano state trovate tracce. Si chiudono cos\u00ec due anni e mezzo di analisi complicatissime e costosissime, archiviazione scontata\u00bb, ha ricordato <b>Maurizio Paniz, difensore di Elvo Zornitta<\/b>, l\u2019ingegnere di Azzano Decimo (Pordenone) che pi\u00f9 a lungo \u00e8 stato sotto accusa. \u00abNon ne posso pi\u00f9\u00bb, aveva detto Zornitta al Corriere la scorsa settimana.<br \/>Degli altri, ricordiamo le preoccupazioni di <b>Fausto Muccin<\/b>, pensionato di <b>Casarsa della Delizia<\/b>: \u00abPer me questa vicenda \u00e8 sconvolgente perch\u00e9 non mi fido pi\u00f9 di nessuno: se vogliono incastrarti t\u2019incastrano anche se sei innocente\u00bb.<\/p>\n<p>    Le contaminazioni<\/p>\n<p class=\"chapter-paragraph\">Va detto che, quali che fossero le conclusioni dei periti, la <b>nuova indagine su Unabomber nasceva con un paio di vizi<\/b>: la vicina  prescrizione e la contaminazione dei reperti, rispetto alla quale le difese degli indagati avrebbero buon gioco  a dare battaglia .<\/p>\n<p class=\"is-last-update\" datetime=\"2025-10-06T21:57:31+02:00\">6 ottobre 2025 ( modifica il 6 ottobre 2025 | 21:57)<\/p>\n<p class=\"is-copyright\">\n            \u00a9 RIPRODUZIONE RISERVATA\n        <\/p>\n","protected":false},"excerpt":{"rendered":"di Andrea Pasqualetto Trieste, la superperizia di 2mila pagine disposta dal gip: risultati negativi. La soddisfazione del legale&hellip;\n","protected":false},"author":3,"featured_media":150531,"comment_status":"","ping_status":"","sticky":false,"template":"","format":"standard","meta":{"footnotes":""},"categories":[79],"tags":[506,5143,93110,28358,93111,18221,93112,1243,14,93,94,1277,21849,93113,2640,88646,93114,23236,3452,65253,5301,5558,51,5539,8256,1537,90,89,962,7,15,273,8968,5262,27578,93115,51369,1270,93116,6687,11,84,91,12,85,92,93108,838,93109],"class_list":{"0":"post-150530","1":"post","2":"type-post","3":"status-publish","4":"format-standard","5":"has-post-thumbnail","7":"category-italia","8":"tag-accusa","9":"tag-analisi","10":"tag-analisi-complicatissime","11":"tag-archiviazione","12":"tag-archiviazione-scontata","13":"tag-attentatore","14":"tag-complicatissime","15":"tag-consulente","16":"tag-cronaca","17":"tag-cronaca-italiana","18":"tag-cronacaitaliana","19":"tag-dato","20":"tag-disposta","21":"tag-disposta-gip","22":"tag-dna","23":"tag-elvo","24":"tag-elvo-zornitta","25":"tag-epilogo","26":"tag-epoca","27":"tag-forense","28":"tag-gasperini","29":"tag-gip","30":"tag-inchiesta","31":"tag-indagati","32":"tag-ingegnere","33":"tag-it","34":"tag-italia","35":"tag-italy","36":"tag-mano","37":"tag-news","38":"tag-notizie","39":"tag-nuova","40":"tag-pagine","41":"tag-parti","42":"tag-periti","43":"tag-rattrista","44":"tag-reperti","45":"tag-rispetto","46":"tag-scontata","47":"tag-trieste","48":"tag-ultime-notizie","49":"tag-ultime-notizie-e-news-di-oggi","50":"tag-ultime-notizie-italia","51":"tag-ultimenotizie","52":"tag-ultimenotizieenewsdioggi","53":"tag-ultimenotizieitalia","54":"tag-unabomber","55":"tag-vittime","56":"tag-zornitta"},"share_on_mastodon":{"url":"","error":""},"_links":{"self":[{"href":"https:\/\/www.europesays.com\/it\/wp-json\/wp\/v2\/posts\/150530","targetHints":{"allow":["GET"]}}],"collection":[{"href":"https:\/\/www.europesays.com\/it\/wp-json\/wp\/v2\/posts"}],"about":[{"href":"https:\/\/www.europesays.com\/it\/wp-json\/wp\/v2\/types\/post"}],"author":[{"embeddable":true,"href":"https:\/\/www.europesays.com\/it\/wp-json\/wp\/v2\/users\/3"}],"replies":[{"embeddable":true,"href":"https:\/\/www.europesays.com\/it\/wp-json\/wp\/v2\/comments?post=150530"}],"version-history":[{"count":0,"href":"https:\/\/www.europesays.com\/it\/wp-json\/wp\/v2\/posts\/150530\/revisions"}],"wp:featuredmedia":[{"embeddable":true,"href":"https:\/\/www.europesays.com\/it\/wp-json\/wp\/v2\/media\/150531"}],"wp:attachment":[{"href":"https:\/\/www.europesays.com\/it\/wp-json\/wp\/v2\/media?parent=150530"}],"wp:term":[{"taxonomy":"category","embeddable":true,"href":"https:\/\/www.europesays.com\/it\/wp-json\/wp\/v2\/categories?post=150530"},{"taxonomy":"post_tag","embeddable":true,"href":"https:\/\/www.europesays.com\/it\/wp-json\/wp\/v2\/tags?post=150530"}],"curies":[{"name":"wp","href":"https:\/\/api.w.org\/{rel}","templated":true}]}}