{"id":151019,"date":"2025-10-07T06:00:15","date_gmt":"2025-10-07T06:00:15","guid":{"rendered":"https:\/\/www.europesays.com\/it\/151019\/"},"modified":"2025-10-07T06:00:15","modified_gmt":"2025-10-07T06:00:15","slug":"un-dono-speciale-al-ritrovo-di-roberta-per-le-pazienti-oncologiche","status":"publish","type":"post","link":"https:\/\/www.europesays.com\/it\/151019\/","title":{"rendered":"Un dono speciale al \u201cRitrovo di Roberta\u201c per le pazienti oncologiche"},"content":{"rendered":"<p>Un gesto di <strong>solidariet\u00e0<\/strong> e collaborazione da parte dell\u2019<strong>Associazione \u201cIl Sorriso\u201c di Francesco Odv<\/strong> di Barga, che ha donato una <strong>carrozzina<\/strong> all\u2019Associazione Il Ritrovo di Roberta Odv di Pontecosi di <strong>Pieve Fosciana<\/strong>, come utile ausilio in dotazione alla <strong>Roby Car<\/strong>, l\u2019auto, in servizio gratuito, che serve per accompagnare in ospedale le <strong>donne oncologiche<\/strong> in difficolt\u00e0 economiche per effettuare le terapie richieste. L\u2019Associazione Il Sorriso di Francesco Odv, lo ricordiamo, \u00e8 sorta in ricordo del giovane barghigiano <strong>Francesco Tontini<\/strong>, tragicamente scomparso in un <strong>incidente stradale<\/strong> nell\u2019ottobre 2019 a Fornaci di Barga. &#8220;La nostra associazione \u2013 ha spiegato presidente dell\u2019Associazione Il Sorriso di Francesco, Marilena Marcalli \u2013 \u00e8 nata per portare un aiuto con un sorriso. Abbiamo pensato a Il Ritrovo di Roberta perch\u00e9 sappiamo l\u2019importanza di quello che svolgono sul territorio ogni giorno per le donne in difficolt\u00e0. Siamo sicure che da ogni gesto d\u2019amore nasce ancora amore&#8221;. <\/p>\n<p>Da parte di Caterina Catia Donati, presidente dell\u2019Associazione il Ritrovo di Roberta, un grazie evidenziando l\u2019importanza di questo strumento che aiuter\u00e0 le donne che hanno difficolt\u00e0 nella mobilit\u00e0 e i volontari del Cav di Pieve Fosciana che, con il loro supporto logistico, danno un contributo operativo alla gestione dell\u2019auto. E\u2019 stata anche l\u2019occasione per conoscere i numeri di questo servizio. Franco Raggiri del Cav ha comunicato che \u00e8 stata superata la soglia dei 900 viaggi, con 78 mila km percorsi. Sono pi\u00f9 di 40 le donne che hanno usufruito di questo servizio gratuito, grazie alle donazioni ricevute. Alla serata erano presenti alcuni autisti volontari del Ritrovo, in rappresentanza di tutto il gruppo che pu\u00f2 contare su 32 persone che dedicano qualche ora del loro tempo a questo importante servizio sul territorio. Per informazioni o richieste \u00e8 a disposizione il numero di telefono 350.5114477 oppure \u00e8 possibile inviare una mail a <a rel=\"nofollow noopener\" href=\"http:\/\/www.lanazione.it\/cdn-cgi\/l\/email-protection#96fff8f0f9d6fffae4ffe2e4f9e0f9f2ffe4f9f4f3e4e2f7b8ffe2\" target=\"_blank\">[email\u00a0protected]<\/a>.<\/p>\n<p>Dino Magistrelli<\/p>\n","protected":false},"excerpt":{"rendered":"Un gesto di solidariet\u00e0 e collaborazione da parte dell\u2019Associazione \u201cIl Sorriso\u201c di Francesco Odv di Barga, che ha&hellip;\n","protected":false},"author":3,"featured_media":151020,"comment_status":"","ping_status":"","sticky":false,"template":"","format":"standard","meta":{"footnotes":""},"categories":[1481],"tags":[2065,2066,18010,239,2063,2064,1537,90,89,68272,10225,72916,9818,240,10162],"class_list":{"0":"post-151019","1":"post","2":"type-post","3":"status-publish","4":"format-standard","5":"has-post-thumbnail","7":"category-assistenza-sanitaria","8":"tag-assistenza-sanitaria","9":"tag-assistenzasanitaria","10":"tag-dono","11":"tag-health","12":"tag-health-care","13":"tag-healthcare","14":"tag-it","15":"tag-italia","16":"tag-italy","17":"tag-oncologiche","18":"tag-pazienti","19":"tag-ritrovo","20":"tag-roberta","21":"tag-salute","22":"tag-speciale"},"share_on_mastodon":{"url":"","error":""},"_links":{"self":[{"href":"https:\/\/www.europesays.com\/it\/wp-json\/wp\/v2\/posts\/151019","targetHints":{"allow":["GET"]}}],"collection":[{"href":"https:\/\/www.europesays.com\/it\/wp-json\/wp\/v2\/posts"}],"about":[{"href":"https:\/\/www.europesays.com\/it\/wp-json\/wp\/v2\/types\/post"}],"author":[{"embeddable":true,"href":"https:\/\/www.europesays.com\/it\/wp-json\/wp\/v2\/users\/3"}],"replies":[{"embeddable":true,"href":"https:\/\/www.europesays.com\/it\/wp-json\/wp\/v2\/comments?post=151019"}],"version-history":[{"count":0,"href":"https:\/\/www.europesays.com\/it\/wp-json\/wp\/v2\/posts\/151019\/revisions"}],"wp:featuredmedia":[{"embeddable":true,"href":"https:\/\/www.europesays.com\/it\/wp-json\/wp\/v2\/media\/151020"}],"wp:attachment":[{"href":"https:\/\/www.europesays.com\/it\/wp-json\/wp\/v2\/media?parent=151019"}],"wp:term":[{"taxonomy":"category","embeddable":true,"href":"https:\/\/www.europesays.com\/it\/wp-json\/wp\/v2\/categories?post=151019"},{"taxonomy":"post_tag","embeddable":true,"href":"https:\/\/www.europesays.com\/it\/wp-json\/wp\/v2\/tags?post=151019"}],"curies":[{"name":"wp","href":"https:\/\/api.w.org\/{rel}","templated":true}]}}