{"id":15107,"date":"2025-07-29T03:15:14","date_gmt":"2025-07-29T03:15:14","guid":{"rendered":"https:\/\/www.europesays.com\/it\/15107\/"},"modified":"2025-07-29T03:15:14","modified_gmt":"2025-07-29T03:15:14","slug":"e-un-problema-della-lega","status":"publish","type":"post","link":"https:\/\/www.europesays.com\/it\/15107\/","title":{"rendered":"\u00abE&#8217; un problema della Lega\u00bb"},"content":{"rendered":"<p>\u00abI partiti devono fare le loro liste, poi ci sono le liste civiche. Non mi pare una buona idea se uno si mette a fare le liste personali. Si crea un po&#8217; di confusione nell&#8217;elettorato\u00bb. Lo ha detto il vicepremier e ministro degli Esteri Antonio Tajani, in conferenza stampa nella sede di Forza Italia, entrando a gamba tesa sull&#8217;ipotesi, al centro del dibattito in questi giorni, di una lista Zaia alle prossime elezioni regionali in Veneto, la cui data non \u00e8 ancora stata fissata. La decisione spetterebbe allo stesso ormai ex presidente che dopo aver visto sfumare la possibilit\u00e0 di un quarto mandato, continua ad essere pi\u00f9 che mai scomodo. La stessa Lega, se permettesse la formazione di una lista Zaia, rischia un ulteriore indebolimento (i segnali delle ultime tornate elettorali) e di vedersi superare da Fratelli d&#8217;Italia. Pi\u00f9 probabile immaginare Zaia capolista della stessa Lega a sostegno del candidato (sempre pi\u00f9 probabile toccher\u00e0 al segretario regionale Alberto Stefani).<\/p>\n<p>\u00abNon ho mai avuto la percezione che Luca Zaia potesse porsi al di fuori del centrodestra, anzi Luca Zaia e&#8217; un patrimonio del centro destra e&#8217; un grandissimo &#8216;bomber&#8217;, lo ha dimostrato durate tutto il percorso politico non credo che esista una possibilit\u00e0 secondo la quale Zaia sia fuori dal centro destra\u00bb. Cos\u00ec ha detto Luca De Carlo di FdI, ospite al programma Stat di SkyTg24. \u00abChe faccia una sua lista e&#8217; un problema della Lega. Credo che come la Lega decida di raccogliere il proprio consenso e&#8217; una cosa che non spetta a Fratelli d&#8217;Italia e nemmeno alla coalizione, ognuno si da&#8217; l&#8217;assetto che crede\u00bb.<\/p>\n<p>In questo contesto di incertezza nel fronte avverso, il centrosinistra affila le armi. \u00abOrmai neanche cercano pi\u00f9 di nasconderlo: il candidato presidente del Veneto lo sceglieranno a Roma. Non i cittadini, non i territori, ma i leader nazionali nei palazzi della capitale. \u00c8 la resa definitiva del centrodestra veneto alla logica della spartizione e del centralismo di partito\u00bb. Cos\u00ec il senatore Andrea Martella, segretario regionale del Pd del Veneto, commenta la linea dei vertici del centrodestra. \u00ab\u00c8 una beffa clamorosa da parte di forze che per anni hanno sbandierato il vessillo dell&#8217;autonomia. Ma dopo otto anni dal referendum, tre di governo Meloni e 15 anni di presidenza Zaia, dell&#8217;autonomia promessa non c&#8217;\u00e8 traccia. E ora ci dicono che perfino il candidato alla guida della Regione dovr\u00e0 essere deciso dalle segreterie romane. Altro che potere ai territori\u00bb. Dunque, \u00abla differenza con il nostro percorso- prosegue Martella- non potrebbe essere pi\u00f9 evidente. Noi abbiamo fatto la scelta opposta: costruzione di una coalizione larga e alternativa, confronto con i cittadini sulle priorit\u00e0, definizione condivisa di un programma, scelta del miglior candidato per rappresentarlo. \u00c8 stato un cammino serio, lungo, trasparente\u00bb. In campo per il centrosinistra c&#8217;\u00e8 Giovanni Manildo, \u00abfigura competente e appassionata, un ex amministratore credibile, radicato nel territorio, con una visione chiara per il futuro del Veneto. La nostra- conclude il segretario del Pd Veneto- \u00e8 la coalizione pi\u00f9 ampia che il centrosinistra abbia espresso in Veneto da molti anni a questa parte. Ed \u00e8 stata costruita qui, con le forze politiche e civiche venete, non calata dall&#8217;alto da Roma. Il centrodestra, dopo trent&#8217;anni al governo della Regione, \u00e8 stanco, diviso e senza idee. Noi siamo pronti a voltare pagina\u00bb.<\/p>\n<p>Ieri, domenica 27 luglio, lo stesso Manildo ha trascorso la giornata a Tonezza del Cimone \u201ccon due grandi protagonisti del teatro Veneto come Mirko Artuso e Marco Paolini che, insieme al professor Mauro Varotto dell\u2019Universit\u00e0 di Padova e mio commilitone negli Alpini\u201d ha scritto sui social \u201cci hanno ricordato come la montagna sia un luogo magico da tutelare e da vivere garantendo il rispetto dell\u2019ambiente e la presenza di servizi essenziali a evitare lo spopolamento. Un equilibrio certamente non semplice da costruire insieme. Anche da qui dobbiamo Creare Futuro\u201d.<\/p>\n<p><img decoding=\"async\" src=\"https:\/\/www.europesays.com\/it\/wp-content\/uploads\/2025\/07\/manildo-in-montagna.jpg\" alt=\"Manildo in montagna\" title=\"Manildo in montagna\"\/><\/p>\n","protected":false},"excerpt":{"rendered":"\u00abI partiti devono fare le loro liste, poi ci sono le liste civiche. Non mi pare una buona&hellip;\n","protected":false},"author":3,"featured_media":15108,"comment_status":"","ping_status":"","sticky":false,"template":"","format":"standard","meta":{"footnotes":""},"categories":[6],"tags":[14,8,1537,90,89,18262,7,15,82,9,83,10,136,2527,13,11,80,84,12,81,85,108],"class_list":{"0":"post-15107","1":"post","2":"type-post","3":"status-publish","4":"format-standard","5":"has-post-thumbnail","7":"category-ultime-notizie","8":"tag-cronaca","9":"tag-headlines","10":"tag-it","11":"tag-italia","12":"tag-italy","13":"tag-martella","14":"tag-news","15":"tag-notizie","16":"tag-notizie-di-cronaca","17":"tag-notizie-principali","18":"tag-notiziedicronaca","19":"tag-notizieprincipali","20":"tag-regionali","21":"tag-tajani","22":"tag-titoli","23":"tag-ultime-notizie","24":"tag-ultime-notizie-di-cronaca","25":"tag-ultime-notizie-e-news-di-oggi","26":"tag-ultimenotizie","27":"tag-ultimenotiziedicronaca","28":"tag-ultimenotizieenewsdioggi","29":"tag-veneto"},"share_on_mastodon":{"url":"","error":""},"_links":{"self":[{"href":"https:\/\/www.europesays.com\/it\/wp-json\/wp\/v2\/posts\/15107","targetHints":{"allow":["GET"]}}],"collection":[{"href":"https:\/\/www.europesays.com\/it\/wp-json\/wp\/v2\/posts"}],"about":[{"href":"https:\/\/www.europesays.com\/it\/wp-json\/wp\/v2\/types\/post"}],"author":[{"embeddable":true,"href":"https:\/\/www.europesays.com\/it\/wp-json\/wp\/v2\/users\/3"}],"replies":[{"embeddable":true,"href":"https:\/\/www.europesays.com\/it\/wp-json\/wp\/v2\/comments?post=15107"}],"version-history":[{"count":0,"href":"https:\/\/www.europesays.com\/it\/wp-json\/wp\/v2\/posts\/15107\/revisions"}],"wp:featuredmedia":[{"embeddable":true,"href":"https:\/\/www.europesays.com\/it\/wp-json\/wp\/v2\/media\/15108"}],"wp:attachment":[{"href":"https:\/\/www.europesays.com\/it\/wp-json\/wp\/v2\/media?parent=15107"}],"wp:term":[{"taxonomy":"category","embeddable":true,"href":"https:\/\/www.europesays.com\/it\/wp-json\/wp\/v2\/categories?post=15107"},{"taxonomy":"post_tag","embeddable":true,"href":"https:\/\/www.europesays.com\/it\/wp-json\/wp\/v2\/tags?post=15107"}],"curies":[{"name":"wp","href":"https:\/\/api.w.org\/{rel}","templated":true}]}}