{"id":151070,"date":"2025-10-07T07:12:10","date_gmt":"2025-10-07T07:12:10","guid":{"rendered":"https:\/\/www.europesays.com\/it\/151070\/"},"modified":"2025-10-07T07:12:10","modified_gmt":"2025-10-07T07:12:10","slug":"panatta-tornei-come-prove-di-sopravvivenza-giocatori-si-ribellino-sinner-eviti-tour-de-force","status":"publish","type":"post","link":"https:\/\/www.europesays.com\/it\/151070\/","title":{"rendered":"Panatta: \u00abTornei come prove di sopravvivenza, giocatori si ribellino. Sinner eviti tour de force\u00bb"},"content":{"rendered":"<p>    di<br \/>\n    Adriano Panatta<\/p>\n<p class=\"summary-art is-line-h-12\">Nicola Pietrangeli, cui voglio davvero molto bene, recrimina sempre di essere nato troppo presto perch\u00e9 con il tennis di oggi avrebbe fatto soldi a palate. Ma io mi sarei divertito molto meno<\/p>\n<p class=\"chapter-paragraph\">C&#8217;\u00e8 un problema di fragilit\u00e0 nel tennis? <b>Direi proprio di s\u00ec<\/b>. Ma riguarda tutti, <a href=\"https:\/\/www.corriere.it\/sport\/tennis\/25_ottobre_06\/sinner-come-sta-2dd57eaf-43aa-44b7-92fc-b036c4a39xlk.shtml\" title=\"Come sta Sinner e quando torner\u00e0 in campo: il virus, i crampi, Alcaraz che lo spinge al limite\" target=\"_blank\" rel=\"nofollow noopener\">non solo Sinner<\/a>, e non \u00e8 un problema fisico. Piuttosto, dell\u2019intero sistema. Fateci caso, in una stagione straordinaria come lo sono tutte quelle in cui si vincono due tornei del Grand Slam, e uno dei due \u00e8 il pi\u00f9 antico e celebrato del nostro sport, Wimbledon, Jannik ha perso due occasioni che hanno finito per deludere le proprie ambizioni e obbligarlo a compiere scelte diverse. La prima a <b><a href=\"https:\/\/www.corriere.it\/sport\/tennis\/diretta-live\/25_agosto_18\/sinner-alcaraz-finale-atp-cincinnati-diretta-live.shtml\" target=\"_blank\" rel=\"nofollow noopener\">Cincinnati<\/a><\/b>, l\u2019altra a <b>Shanghai<\/b>. Due tornei giocati in condizioni estreme, quasi fossero prove di sopravvivenza. Finiti con due ritiri evitabili, e dolorosi.\u00a0<\/p>\n<p class=\"chapter-paragraph\">Dite, ma non dovrebbero essere i tornei a garantire la salute dei giocatori? Non capitava spesso ai miei tempi di dover affrontare tornei impossibili, ne ricordo appena uno a<b> Forest Hills,<\/b> forse era il \u201874 o il \u201875, <a href=\"https:\/\/www.corriere.it\/sport\/tennis\/23_novembre_06\/billie-jean-king-intervista-cdfa2990-7bee-11ee-8eea-fc9ff09b1145.shtml\" target=\"_blank\" rel=\"nofollow noopener\">Billie Jean King<\/a> giocava ancora&#8230; Ma allora era pi\u00f9 facile girare i tacchi e andarsene, mandando a quel paese chi di dovere. Oggi magari \u00e8 meno facile, non lo so, ma si pu\u00f2 dire no preventivamente. Alcaraz l\u2019ha fatto prima di Shanghai. Bella mossa Carletto, poco da dire. Hai visto giusto, Sinner ha giocato a Pechino, poi a Shanghai. Ora \u00e8 atteso dai milioni di Riad, poi Vienna, l\u2019indoor a Parigi, le Finals e la Davis. Tutto in un mese e mezzo. <b>Mi chiedo, ma \u00e8 proprio necessario questo tour de force? <\/b>C\u2019era proprio bisogno di andare a Pechino? Conosco la replica: i punti, la classifica, il numero uno\u2026 E chissenefrega di tutto questo non ce lo mettete?\u00a0    &#13;<br \/>\n&#13;<br \/>\n&#13;<br \/>\n&#13;<br \/>\n&#13;<br \/>\n&#13;<br \/>\n&#13;<br \/>\n&#13;<br \/>\n&#13;<br \/>\n&#13;<br \/>\n&#13;<br \/>\n&#13;<br \/>\n&#13;<br \/>\n&#13;<br \/>\n&#13;<br \/>\n&#13;<br \/>\n&#13;<br \/>\n&#13;<br \/>\n&#13;<br \/>\n&#13;<br \/>\n&#13;<br \/>\n&#13;<br \/>\n&#13;<br \/>\n&#13;<br \/>\n&#13;<br \/>\n&#13;<br \/>\n&#13;<br \/>\n&#13;<br \/>\n&#13;<br \/>\n&#13;<br \/>\n&#13;<br \/>\n&#13;<br \/>\n&#13;<br \/>\n&#13;<br \/>\n&#13;<br \/>\n&#13;<br \/>\n&#13;<br \/>\n&#13;<br \/>\n&#13;<br \/>\n&#13;<br \/>\n&#13;<br \/>\n&#13;<br \/>\n&#13;<br \/>\n&#13;<br \/>\n&#13;<br \/>\n&#13;<br \/>\n&#13;<br \/>\n&#13;<br \/>\n&#13;<br \/>\n&#13;<br \/>\n&#13;<br \/>\n&#13;<br \/>\n&#13;\n<\/p>\n<p class=\"chapter-paragraph\">I giocatori pi\u00f9 forti, oggi, hanno la fortuna di poter programmare la stagione solo sui tornei del Grand Slam e sui Masters 1000. Vero \u00e8 che Sinner ha avuto una stagione corta per via della stupida squalifica doping, ma il discorso di fondo non cambia. Tanto pi\u00f9 che i Masters sono diventati tutti o quasi di due settimane, e obbligano a periodi di lavoro sempre pi\u00f9 lunghi. Poi, il numero uno. E vabb\u00e8\u2026 <b>Se non vi sono contratti particolari con gli sponsor, non vedo perch\u00e9 corrergli dietro<\/b>. Primo e secondo hanno gli stessi vantaggi. Se il podio pi\u00f9 alto deve arrivare, pu\u00f2 farlo per vie naturali, inutile giocare tornei in pi\u00f9. Anche perch\u00e9 le condizioni di stress non sembrano interessare granch\u00e9 gli organizzatori. L\u2019unico torneo che ha preparato un regolamento riguardante il caldo e l\u2019umidit\u00e0 \u00e8 lo Slam australiano. Oltre certi limiti non si va, suona l\u2019allarme, e tutti nello spogliatoio.\u00a0<\/p>\n<p class=\"chapter-paragraph\">Avrebbero dovuto farlo anche Cincinnati e Shanghai. Ci sono tanti modi, chiusura del tetto, aria condizionata, ombrelloni sulle sedie dei cambi campo, refrigerazione, fermare i match&#8230;Niente \u00e8 stato fatto e l\u2019Atp sta zitta. Ma chi \u00e8 che deve chiedere agli organizzatori condizioni di gioco migliori? <b>Nicola Pietrangeli, <\/b>cui voglio davvero molto bene, recrimina sempre di essere nato troppo presto perch\u00e9 con il tennis di oggi avrebbe fatto soldi a palate. Sa gi\u00e0 come la penso, ma gli rispondo una volta di pi\u00f9, indirettamente\u2026 Sono felice di essere nato \u00abtroppo presto\u00bb, perch\u00e9 in un tennis cos\u00ec non mi sarei divertito neanche un po\u2019.<\/p>\n<p class=\"is-last-update\" datetime=\"2025-10-06T21:39:23+02:00\">7 ottobre 2025<\/p>\n<p class=\"is-copyright\">\n            \u00a9 RIPRODUZIONE RISERVATA\n        <\/p>\n","protected":false},"excerpt":{"rendered":"di Adriano Panatta Nicola Pietrangeli, cui voglio davvero molto bene, recrimina sempre di essere nato troppo presto perch\u00e9&hellip;\n","protected":false},"author":3,"featured_media":151071,"comment_status":"","ping_status":"","sticky":false,"template":"","format":"standard","meta":{"footnotes":""},"categories":[176],"tags":[6191,3858,1278,93524,93525,277,93526,86879,2606,2154,29981,3412,24835,93527,1537,90,89,2193,2737,93521,93522,15374,22147,93528,1312,6031,93529,386,37229,93530,2895,93523,15388,366,3423,245,244,577,1273,1995],"class_list":{"0":"post-151070","1":"post","2":"type-post","3":"status-publish","4":"format-standard","5":"has-post-thumbnail","7":"category-sport","8":"tag-cincinnati","9":"tag-condizioni","10":"tag-davvero","11":"tag-davvero-recrimina","12":"tag-davvero-recrimina-nato","13":"tag-de","14":"tag-de-force","15":"tag-divertito","16":"tag-facile","17":"tag-farlo","18":"tag-force","19":"tag-giocatori","20":"tag-grand","21":"tag-grand-slam","22":"tag-it","23":"tag-italia","24":"tag-italy","25":"tag-masters","26":"tag-nato","27":"tag-nato-presto","28":"tag-nato-presto-tennis","29":"tag-nicola","30":"tag-nicola-pietrangeli","31":"tag-nicola-pietrangeli-voglio","32":"tag-numero","33":"tag-organizzatori","34":"tag-palate","35":"tag-pechino","36":"tag-pietrangeli","37":"tag-pietrangeli-voglio","38":"tag-presto","39":"tag-presto-tennis","40":"tag-shanghai","41":"tag-sinner","42":"tag-slam","43":"tag-sport","44":"tag-sports","45":"tag-stagione","46":"tag-tennis","47":"tag-tornei"},"share_on_mastodon":{"url":"","error":""},"_links":{"self":[{"href":"https:\/\/www.europesays.com\/it\/wp-json\/wp\/v2\/posts\/151070","targetHints":{"allow":["GET"]}}],"collection":[{"href":"https:\/\/www.europesays.com\/it\/wp-json\/wp\/v2\/posts"}],"about":[{"href":"https:\/\/www.europesays.com\/it\/wp-json\/wp\/v2\/types\/post"}],"author":[{"embeddable":true,"href":"https:\/\/www.europesays.com\/it\/wp-json\/wp\/v2\/users\/3"}],"replies":[{"embeddable":true,"href":"https:\/\/www.europesays.com\/it\/wp-json\/wp\/v2\/comments?post=151070"}],"version-history":[{"count":0,"href":"https:\/\/www.europesays.com\/it\/wp-json\/wp\/v2\/posts\/151070\/revisions"}],"wp:featuredmedia":[{"embeddable":true,"href":"https:\/\/www.europesays.com\/it\/wp-json\/wp\/v2\/media\/151071"}],"wp:attachment":[{"href":"https:\/\/www.europesays.com\/it\/wp-json\/wp\/v2\/media?parent=151070"}],"wp:term":[{"taxonomy":"category","embeddable":true,"href":"https:\/\/www.europesays.com\/it\/wp-json\/wp\/v2\/categories?post=151070"},{"taxonomy":"post_tag","embeddable":true,"href":"https:\/\/www.europesays.com\/it\/wp-json\/wp\/v2\/tags?post=151070"}],"curies":[{"name":"wp","href":"https:\/\/api.w.org\/{rel}","templated":true}]}}