{"id":151094,"date":"2025-10-07T07:39:10","date_gmt":"2025-10-07T07:39:10","guid":{"rendered":"https:\/\/www.europesays.com\/it\/151094\/"},"modified":"2025-10-07T07:39:10","modified_gmt":"2025-10-07T07:39:10","slug":"a-poggioreale-lo-stadio-meglio-del-palasport","status":"publish","type":"post","link":"https:\/\/www.europesays.com\/it\/151094\/","title":{"rendered":"\u00abA Poggioreale lo stadio meglio del Palasport\u00bb"},"content":{"rendered":"<p>Quattro paginette su carta intestata della <strong>Ssc Napoli<\/strong> dove si legge tutta la determinazione del Presidente <a href=\"https:\/\/www.ilmattino.it\/t\/aurelio-de-laurentiis\" rel=\"nofollow noopener\" target=\"_blank\">Aurelio De Laurentiis<\/a> nell\u2019andare avanti sul progetto dello stadio al <strong>Caramanico<\/strong>. Si tratta delle controdeduzioni del club azzurro alle criticit\u00e0 rilevate da <strong>Comune<\/strong> e <strong>Citt\u00e0 metropolitana<\/strong> &#8211; entrambe guidate dal sindaco Gaetano Manfredi &#8211; al progetto di fattibilit\u00e0 del nuovo impianto. Tra queste spuntano quella dove <strong>Manfredi<\/strong> ha contestato \u201cL\u2019assenza di titolarit\u00e0 dei suoli\u201d dove sorgerebbe l\u2019impianto rivendicando che sono del <strong>Comune<\/strong>.<\/p>\n<p><strong>E che nell\u2019area del Macello<\/strong> &#8211; facente parte del Sin di <a href=\"https:\/\/www.ilmattino.it\/t\/napoli-est\" rel=\"nofollow noopener\" target=\"_blank\">Napoli est<\/a> &#8211; occorre fare una bonifica. Che si aggiungano alla questioni dei mercatali e del Palazzetto al Centro direzionale progetto di <strong>AreNapoli<\/strong>. De Laurentiis respinge per\u00f2 tutto al mittente. Lancia la sfida il patron. Una posizione forte che Comune e Citt\u00e0 metropolitana trovano poco gestibile. Contesto complesso e forse per questo motivo dalla Zes ancora non arrivano segnali per la convocazione della Conferenza dei servizi. Il progetto del Patron a oggi &#8211; questa la situazione &#8211; non ha avuto un s\u00ec ma nemmeno un no. <\/p>\n<p><a class=\"link_item\" data-linked_from=\"9110843\" href=\"https:\/\/www.ilmattino.it\/napoli\/citta\/stadio_maradona_napoli_ultime_notizie_oggi-6823249.html\" rel=\"nofollow noopener\" target=\"_blank\"> Stadio Maradona, \u00e8 braccio di ferro tra Comune e Napoli: \u00abADL paghi i debiti\u00bb<\/a><\/p>\n<p>La Zes &#8211; il presidente \u00e8 <strong>Giosi Romano<\/strong> &#8211; pu\u00f2 dare solo un rinvio cos\u00ec quando De Laurentiis ha chiesto di controdedurre ha detto s\u00ec ma amministrativamente \u00e8 stato inquadrato come \u201csospensione\u201d del procedimento per riservarsi un\u2019altra cartuccia, appunto il rinvio, nella speranza che tra le parti si possa trovare un accordo in bonis e non lasciare la decisione definitiva alla Zes. Insomma, Romano sta tentando di prendere tempo. A oggi per\u00f2 il termine ultimo per dire s\u00ec o no al progetto \u00e8 fissato al 18 ottobre che potrebbe dunque slittare.<\/p>\n","protected":false},"excerpt":{"rendered":"Quattro paginette su carta intestata della Ssc Napoli dove si legge tutta la determinazione del Presidente Aurelio De&hellip;\n","protected":false},"author":3,"featured_media":151095,"comment_status":"","ping_status":"","sticky":false,"template":"","format":"standard","meta":{"footnotes":""},"categories":[176],"tags":[91257,1537,90,89,248,45719,245,244,2957],"class_list":{"0":"post-151094","1":"post","2":"type-post","3":"status-publish","4":"format-standard","5":"has-post-thumbnail","7":"category-sport","8":"tag-aurelio-de-laurentiis","9":"tag-it","10":"tag-italia","11":"tag-italy","12":"tag-napoli","13":"tag-poggioreale","14":"tag-sport","15":"tag-sports","16":"tag-stadio"},"share_on_mastodon":{"url":"","error":""},"_links":{"self":[{"href":"https:\/\/www.europesays.com\/it\/wp-json\/wp\/v2\/posts\/151094","targetHints":{"allow":["GET"]}}],"collection":[{"href":"https:\/\/www.europesays.com\/it\/wp-json\/wp\/v2\/posts"}],"about":[{"href":"https:\/\/www.europesays.com\/it\/wp-json\/wp\/v2\/types\/post"}],"author":[{"embeddable":true,"href":"https:\/\/www.europesays.com\/it\/wp-json\/wp\/v2\/users\/3"}],"replies":[{"embeddable":true,"href":"https:\/\/www.europesays.com\/it\/wp-json\/wp\/v2\/comments?post=151094"}],"version-history":[{"count":0,"href":"https:\/\/www.europesays.com\/it\/wp-json\/wp\/v2\/posts\/151094\/revisions"}],"wp:featuredmedia":[{"embeddable":true,"href":"https:\/\/www.europesays.com\/it\/wp-json\/wp\/v2\/media\/151095"}],"wp:attachment":[{"href":"https:\/\/www.europesays.com\/it\/wp-json\/wp\/v2\/media?parent=151094"}],"wp:term":[{"taxonomy":"category","embeddable":true,"href":"https:\/\/www.europesays.com\/it\/wp-json\/wp\/v2\/categories?post=151094"},{"taxonomy":"post_tag","embeddable":true,"href":"https:\/\/www.europesays.com\/it\/wp-json\/wp\/v2\/tags?post=151094"}],"curies":[{"name":"wp","href":"https:\/\/api.w.org\/{rel}","templated":true}]}}