{"id":151112,"date":"2025-10-07T07:49:09","date_gmt":"2025-10-07T07:49:09","guid":{"rendered":"https:\/\/www.europesays.com\/it\/151112\/"},"modified":"2025-10-07T07:49:09","modified_gmt":"2025-10-07T07:49:09","slug":"psicologi-nel-servizio-sanitario-nazionale-tra-carenze-e-riforme","status":"publish","type":"post","link":"https:\/\/www.europesays.com\/it\/151112\/","title":{"rendered":"Psicologi nel Servizio Sanitario Nazionale: tra carenze e riforme"},"content":{"rendered":"<p>                Psicologi nel Servizio Sanitario Nazionale: lo stato dell\u2019arte<\/p>\n<p>Nonostante la domanda crescente, la presenza degli <strong>psicologi<\/strong> nel <strong>Servizio Sanitario Nazionale<\/strong> (SSN) resta limitata. Nel 2022 il personale delle unit\u00e0 operative psichiatriche pubbliche ammontava a 30.101 unit\u00e0: il 42,2% infermieri, il 17,2% medici e appena il 6,9% psicologi (Ministero della Salute, 2023). La rete rilevata comprende 1.222 servizi territoriali, 2.001 strutture residenziali e 776 semiresidenziali, pari a circa il 92% dei Dipartimenti di salute mentale (DSM) censiti (Ministero della Salute, 2023).\u00a0 Sul versante ospedaliero, i Servizi Psichiatrici di Diagnosi e Cura attivi sono 323 per complessivi 3.897 posti letto ordinari; l\u2019offerta corrisponde a 9,3 posti letto per 100.000 abitanti adulti (Ministero della Salute, 2023).\u00a0<\/p>\n<p>Nel 2022 gli utenti presi in carico dai Dipartimenti di <strong>salute mentale<\/strong> (DSM) sono stati 776.829 (154,2 ogni 10.000 adulti), con 285.101 nuovi contatti nell\u2019anno (Ministero della Salute, 2023).\u00a0 Sui percorsi di cura, per\u00f2, l\u2019\u201cattivit\u00e0 psicologica e psicoterapica\u201d rappresenta meno del 7% delle prestazioni territoriali erogate (6,7\u20136,8%) a fronte di una prevalenza di interventi medici e infermieristici (Ministero della Salute, 2023).\u00a0<\/p>\n<p>In prospettiva comparativa, un consenso europeo segnala che solo l\u20198% delle persone con <a href=\"https:\/\/www.stateofmind.it\/depressione\/\" data-wpel-link=\"internal\" rel=\"nofollow noopener\" target=\"_blank\">depressione<\/a> in Italia riceve un trattamento psicoterapeutico, contro il 15% in Germania (Barbato et al., 2016). <\/p>\n<p>Salute mentale: confronto europeo e investimenti<\/p>\n<p>Sul piano delle risorse professionali, l\u2019Europa mostra ampie differenze. Nella stessa analisi europea, l\u2019Italia conta circa 2,6 <strong>psicologi<\/strong> (in servizi di salute mentale) ogni 100.000 abitanti, valore sensibilmente inferiore a quello di diversi Paesi UE (Barbato et al., 2016).\u00a0<\/p>\n<p>Il nodo, tuttavia, non \u00e8 solo di organico: alla <strong>salute mentale<\/strong> \u00e8 destinato il 3,3% della spesa sanitaria totale (contro una media europea intorno al 5%) e il costo economico dei disturbi mentali \u00e8 stimato in circa il 3,3% del PIL (D\u2019Agostino et al., 2025). Un ulteriore elemento di contesto organizzativo: nell\u2019<strong>Servizio Sanitario Nazionale<\/strong> , l\u2019assistenza territoriale residenziale \u00e8 erogata per l\u201985% da strutture private accreditate, e quella semiresidenziale per il 72,3%, segnali di una forte esternalizzazione che pu\u00f2 alimentare frammentazione e disomogeneit\u00e0 (Ministero della Salute, 2022).\u00a0<\/p>\n<p>Riforme in corso e prospettive per gli psicologi <\/p>\n<p>Negli ultimi anni si registrano tentativi di riorganizzazione. Con la Legge 18 dicembre 2020, n. 176, art. 20-bis, \u00e8 stata introdotta la Funzione aziendale di <strong>Psicologia<\/strong>, che consente alle aziende sanitarie di coordinare in un\u2019unica struttura le attivit\u00e0 degli <strong>psicologi<\/strong> dipendenti e convenzionati (Legge n. 176\/2020). Sul fronte dell\u2019accesso, il \u201cbonus psicologo\u201d, reso permanente dalla legge di bilancio 2023, ha ampliato la possibilit\u00e0 di fruire di <strong>psicoterapia<\/strong> nel privato, pur con risorse ridotte rispetto al 2022 (Adduci &amp; de Belvis, 2023).\u00a0<\/p>\n<p>Il quadro pi\u00f9 organico \u00e8 per\u00f2 nel Piano nazionale per la Salute Mentale 2025\u20132030, approvato nel luglio 2025: tra le misure, l\u2019introduzione dello <strong>psicologo<\/strong> di primo livello nella cura primaria (nei centri di comunit\u00e0) e del case manager per i disturbi gravi, oltre alla promozione di tele-visite e tele-consulti (D\u2019Agostino et al., 2025).\u00a0<\/p>\n<p>Per colmare i divari servono interventi multilivello: incremento stabile degli <strong>psicologi<\/strong> nel <strong>Servizio Sanitario Nazionale<\/strong> , maggiore finanziamento dedicato, integrazione strutturata tra sanitario e sociale e un accesso pi\u00f9 ampio alla <strong>psicoterapia<\/strong>, in linea con le raccomandazioni nazionali sulle terapie psicologiche per <a href=\"https:\/\/www.stateofmind.it\/ansia\/\" data-wpel-link=\"internal\" rel=\"nofollow noopener\" target=\"_blank\">ansia<\/a> e depressione (Barbato et al., 2022).\u00a0<\/p>\n","protected":false},"excerpt":{"rendered":"Psicologi nel Servizio Sanitario Nazionale: lo stato dell\u2019arte Nonostante la domanda crescente, la presenza degli psicologi nel Servizio&hellip;\n","protected":false},"author":3,"featured_media":151113,"comment_status":"","ping_status":"","sticky":false,"template":"","format":"standard","meta":{"footnotes":""},"categories":[1481],"tags":[2065,2066,239,2063,2064,1537,90,89,240,93532],"class_list":{"0":"post-151112","1":"post","2":"type-post","3":"status-publish","4":"format-standard","5":"has-post-thumbnail","7":"category-assistenza-sanitaria","8":"tag-assistenza-sanitaria","9":"tag-assistenzasanitaria","10":"tag-health","11":"tag-health-care","12":"tag-healthcare","13":"tag-it","14":"tag-italia","15":"tag-italy","16":"tag-salute","17":"tag-servizio-pubblico-psicologia-psichiatria"},"share_on_mastodon":{"url":"","error":""},"_links":{"self":[{"href":"https:\/\/www.europesays.com\/it\/wp-json\/wp\/v2\/posts\/151112","targetHints":{"allow":["GET"]}}],"collection":[{"href":"https:\/\/www.europesays.com\/it\/wp-json\/wp\/v2\/posts"}],"about":[{"href":"https:\/\/www.europesays.com\/it\/wp-json\/wp\/v2\/types\/post"}],"author":[{"embeddable":true,"href":"https:\/\/www.europesays.com\/it\/wp-json\/wp\/v2\/users\/3"}],"replies":[{"embeddable":true,"href":"https:\/\/www.europesays.com\/it\/wp-json\/wp\/v2\/comments?post=151112"}],"version-history":[{"count":0,"href":"https:\/\/www.europesays.com\/it\/wp-json\/wp\/v2\/posts\/151112\/revisions"}],"wp:featuredmedia":[{"embeddable":true,"href":"https:\/\/www.europesays.com\/it\/wp-json\/wp\/v2\/media\/151113"}],"wp:attachment":[{"href":"https:\/\/www.europesays.com\/it\/wp-json\/wp\/v2\/media?parent=151112"}],"wp:term":[{"taxonomy":"category","embeddable":true,"href":"https:\/\/www.europesays.com\/it\/wp-json\/wp\/v2\/categories?post=151112"},{"taxonomy":"post_tag","embeddable":true,"href":"https:\/\/www.europesays.com\/it\/wp-json\/wp\/v2\/tags?post=151112"}],"curies":[{"name":"wp","href":"https:\/\/api.w.org\/{rel}","templated":true}]}}