{"id":151117,"date":"2025-10-07T07:53:24","date_gmt":"2025-10-07T07:53:24","guid":{"rendered":"https:\/\/www.europesays.com\/it\/151117\/"},"modified":"2025-10-07T07:53:24","modified_gmt":"2025-10-07T07:53:24","slug":"il-gispi-rugby-prato-presenta-le-squadre-serata-di-orgoglio-passione-e-comunita","status":"publish","type":"post","link":"https:\/\/www.europesays.com\/it\/151117\/","title":{"rendered":"Il Gispi Rugby Prato presenta le squadre: serata di orgoglio, passione e comunit\u00e0"},"content":{"rendered":"<p>            <a href=\"https:\/\/www.europesays.com\/it\/wp-content\/uploads\/2025\/10\/1759823601_921_presentazione-squadre-gispi-rugby-bis.jpeg\" data-caption=\"\"><img loading=\"lazy\" decoding=\"async\" width=\"696\" height=\"464\" class=\"entry-thumb td-modal-image\" src=\"https:\/\/www.europesays.com\/it\/wp-content\/uploads\/2025\/10\/1759823601_921_presentazione-squadre-gispi-rugby-bis.jpeg\" alt=\"\" title=\"presentazione squadre gispi rugby bis\"\/><\/a><\/p>\n<p><a class=\"gofollow\" data-track=\"MTEsMywxLDYw\" href=\"https:\/\/lpnucci.it\" rel=\"nofollow noopener\" target=\"_blank\"><img decoding=\"async\" src=\"https:\/\/www.europesays.com\/it\/wp-content\/uploads\/2025\/10\/LP-Nucci.jpg\"\/><\/a><\/p>\n<p>Una serata di sport, appartenenza e passione quella che si \u00e8 svolta a Coiano, sul campo del Gispi Rugby Prato, dove societ\u00e0, staff tecnico, atleti e famiglie si sono ritrovati per la tradizionale\u00a0<strong>presentazione ufficiale delle squadre<\/strong>\u00a0che affronteranno la nuova stagione sportiva 2025\/2026. In campo, una dopo l\u2019altra, sono sfilate tutte le formazioni del club \u2014 dalle categorie\u00a0<strong>Kids Prime Mete<\/strong>\u00a0fino alle squadre\u00a0<strong>senior<\/strong>\u00a0\u2014 in un\u2019atmosfera di festa, applausi e orgoglio condiviso.<\/p>\n<p>\u201c<strong>Dietro ogni successo del Gispi Rugby ci sono persone che guidano, sostengono e credono nelle squadre<\/strong>\u201d: con queste parole \u00e8 stato aperto il KickOff, presentando i\u00a0<strong>Tigers<\/strong>, la formazione di Serie C guidata da\u00a0<strong>Lorenzo Vannini<\/strong>\u00a0e\u00a0<strong>Luca Nuti<\/strong>, con il supporto di\u00a0<strong>Simone Pagliai<\/strong>, del preparatore atletico\u00a0<strong>Fabio Marinaccio<\/strong>\u00a0e dei dirigenti\u00a0<strong>Claudio Seghi Rospigliosi<\/strong>\u00a0e\u00a0<strong>Daniele Tempestini<\/strong>. Spazio poi al\u00a0<strong>Gispi Femminile<\/strong>, guidato da\u00a0<strong>Elena Chiarella<\/strong>\u00a0e\u00a0<strong>Marco Mencacci<\/strong>, con la preparatrice\u00a0<strong>Giulia Chilleri<\/strong>. E il\u00a0<strong>Gispi Touch<\/strong>, coordinato da\u00a0<strong>Laura Sanesi<\/strong>, che unisce tutte le et\u00e0 nel segno del divertimento e della socialit\u00e0.<\/p>\n<p>Grande attenzione anche alle\u00a0<strong>categorie giovanili<\/strong>, il cuore pulsante del Gispi, dove passione e formazione vanno di pari passo. Dall\u2019<strong>Under 14\u00a0<\/strong>fino ai piccolini nati nel 2022 della categoria\u00a0<strong>Kids Prime Mete<\/strong>, sono quasi\u00a0<strong>300 i ragazzi<\/strong>\u00a0che compongono il settore giovanile del Gispi: un vero vivaio di energie, dove ogni squadra \u00e8 parte di un percorso educativo che fa crescere i giovani dentro e fuori dal campo.<\/p>\n<p>A completare lo staff, un gruppo di professionisti che contribuisce ogni giorno a elevare il livello tecnico e umano del club:\u00a0<strong>Fabio Marinaccio<\/strong>\u00a0come responsabile dei motricisti,\u00a0<strong>Matteo Liguori<\/strong>\u00a0come Scrum Coach,\u00a0<strong>Riccardo Romoli<\/strong>\u00a0come Skills Coach,\u00a0<strong>Andrea Ortolani<\/strong>\u00a0come Maestro di lotta, e il doppio supporto psicologico di\u00a0<strong>Beatrice Bianchini<\/strong>\u00a0e\u00a0<strong>Arianna Croci<\/strong>.<\/p>\n<p>\u201c<strong>Ogni anno vediamo crescere non solo i nostri atleti, ma anche il senso di comunit\u00e0 che li circonda. \u00c8 questo che rende il Gispi qualcosa di speciale: l\u2019energia, la passione e il cuore che ognuno mette in campo<\/strong>\u201d, ha dichiarato il presidente\u00a0<strong>Fabrizio Bertocchi<\/strong>\u00a0durante la serata.<\/p>\n<p>Il club \u00e8 gi\u00e0 pronto ai prossimi appuntamenti che apriranno ufficialmente la stagione:<\/p>\n<ul class=\"wp-block-list\">\n<li><strong>Domenica 12 ottobre<\/strong>\u00a0il\u00a0<strong>Torneo Compiani-Reali<\/strong>, dedicato alle categorie\u00a0<strong>Under 8 e Under 10<\/strong>.<\/li>\n<li><strong>Domenica 2 novembre<\/strong>, invece, sar\u00e0 la volta del\u00a0<strong>Torneo Memorial Francesco Bolognese<\/strong>, riservato all\u2019<strong>Under 14<\/strong>.<\/li>\n<\/ul>\n<p>Con oltre quarant\u2019anni di storia alle spalle, il Gispi Rugby Prato continua a rappresentare una delle realt\u00e0 giovanili pi\u00f9 solide e appassionate del panorama rugbistico toscano. Una societ\u00e0 che non smette mai di credere nei propri valori:\u00a0<strong>formare persone, prima ancora che giocatori<\/strong>.<\/p>\n<p><a class=\"gofollow\" data-track=\"NCw0LDEsNjA=\" href=\"https:\/\/autofficinamontegrappa.com\" rel=\"nofollow noopener\" target=\"_blank\"><img decoding=\"async\" src=\"https:\/\/www.europesays.com\/it\/wp-content\/uploads\/2025\/10\/Montegrappa-Banner-testata-1.png\"\/><\/a>        <\/p>\n","protected":false},"excerpt":{"rendered":"Una serata di sport, appartenenza e passione quella che si \u00e8 svolta a Coiano, sul campo del Gispi&hellip;\n","protected":false},"author":3,"featured_media":151118,"comment_status":"","ping_status":"","sticky":false,"template":"","format":"standard","meta":{"footnotes":""},"categories":[1458],"tags":[1537,90,89,1840,245,244],"class_list":{"0":"post-151117","1":"post","2":"type-post","3":"status-publish","4":"format-standard","5":"has-post-thumbnail","7":"category-rugby","8":"tag-it","9":"tag-italia","10":"tag-italy","11":"tag-rugby","12":"tag-sport","13":"tag-sports"},"share_on_mastodon":{"url":"","error":""},"_links":{"self":[{"href":"https:\/\/www.europesays.com\/it\/wp-json\/wp\/v2\/posts\/151117","targetHints":{"allow":["GET"]}}],"collection":[{"href":"https:\/\/www.europesays.com\/it\/wp-json\/wp\/v2\/posts"}],"about":[{"href":"https:\/\/www.europesays.com\/it\/wp-json\/wp\/v2\/types\/post"}],"author":[{"embeddable":true,"href":"https:\/\/www.europesays.com\/it\/wp-json\/wp\/v2\/users\/3"}],"replies":[{"embeddable":true,"href":"https:\/\/www.europesays.com\/it\/wp-json\/wp\/v2\/comments?post=151117"}],"version-history":[{"count":0,"href":"https:\/\/www.europesays.com\/it\/wp-json\/wp\/v2\/posts\/151117\/revisions"}],"wp:featuredmedia":[{"embeddable":true,"href":"https:\/\/www.europesays.com\/it\/wp-json\/wp\/v2\/media\/151118"}],"wp:attachment":[{"href":"https:\/\/www.europesays.com\/it\/wp-json\/wp\/v2\/media?parent=151117"}],"wp:term":[{"taxonomy":"category","embeddable":true,"href":"https:\/\/www.europesays.com\/it\/wp-json\/wp\/v2\/categories?post=151117"},{"taxonomy":"post_tag","embeddable":true,"href":"https:\/\/www.europesays.com\/it\/wp-json\/wp\/v2\/tags?post=151117"}],"curies":[{"name":"wp","href":"https:\/\/api.w.org\/{rel}","templated":true}]}}