{"id":151134,"date":"2025-10-07T08:13:10","date_gmt":"2025-10-07T08:13:10","guid":{"rendered":"https:\/\/www.europesays.com\/it\/151134\/"},"modified":"2025-10-07T08:13:10","modified_gmt":"2025-10-07T08:13:10","slug":"lex-pm-di-garlasco-mario-venditti-spunta-in-unaltra-inchiesta-brenda-i-pizzini-i-carabinieri-amici-lui-quando-lo-cerco-ce-sempre-piu-di-mio-marito","status":"publish","type":"post","link":"https:\/\/www.europesays.com\/it\/151134\/","title":{"rendered":"L\u2019ex pm di Garlasco Mario Venditti spunta in un&#8217;altra inchiesta: Brenda, i pizzini, i carabinieri amici. \u00abLui, quando lo cerco, c\u2019\u00e8 sempre, pi\u00f9 di mio marito\u00bb"},"content":{"rendered":"<p>    di<br \/>\n    Alfio Sciacca<\/p>\n<p class=\"summary-art is-line-h-12\">La Procura di Brescia indaga sul \u00absistema Pavia\u00bb. Una donna ha raccontato ai magistrati il legame che aveva con l&#8217;ex procuratore aggiunto di Pavia e con l&#8217;ex europarlamentare della Lega Angelo Ciocca<\/p>\n<p class=\"chapter-paragraph\">\u00abA lui <b>mi sono rivolta anche con parole affettuose, come tesoro<\/b>&#8230; ci saremo scambiati parole carine\u2026 anche con Angelo ero molto affettuosa. Forse hanno trovato dei messaggi. Ma io non ho niente da nascondere, si tratta di amici di famiglia\u00bb.\u00a0Cos\u00ec parla dei suoi rapporti con <b>l\u2019ex procuratore aggiunto di Pavia <a href=\"https:\/\/milano.corriere.it\/notizie\/cronaca\/25_settembre_26\/mario-venditti-bloc-notes-sempio-8d6c252f-797f-40d1-8594-e411d6eacxlk.shtml\" rel=\"nofollow noopener\" target=\"_blank\">Mario Venditti<\/a><\/b> e con l\u2019ex eurodeputato della Lega <b>Angelo Ciocca<\/b>.<\/p>\n<p class=\"chapter-paragraph\">Lei \u00e8<b> Cornelia \u00abBrenda\u00bb Brindusa 41 anni,<\/b> origini rumene, moglie di  Matteo Cipolla, titolare di un\u2019azienda di giardinaggio a San Genesio ed Uniti (Pavia). Qualche mese fa \u00e8 stata convocata in Procura a Brescia e  interrogata nell\u2019ambito dell\u2019inchiesta <b>\u00abClean 2\u00bb<\/b> sul \u00absistema Pavia\u00bb,  una rete di rapporti opachi tra carabinieri, imprenditori, politica e magistratura. Inchiesta che ha gi\u00e0 portato all\u2019arresto dell\u2019ex ufficiale <b>Maurizio Pappalardo<\/b> e del carabiniere forestale <b>Antonio Scoppetta<\/b>, che lavorava a Pavia negli anni in cui Venditti era procuratore aggiunto.    &#13;<br \/>\n&#13;<br \/>\n&#13;<br \/>\n&#13;<br \/>\n&#13;<br \/>\n&#13;<br \/>\n&#13;<br \/>\n&#13;<br \/>\n&#13;<br \/>\n&#13;<br \/>\n&#13;<br \/>\n&#13;<br \/>\n&#13;<br \/>\n&#13;<br \/>\n&#13;<br \/>\n&#13;<br \/>\n&#13;<br \/>\n&#13;<br \/>\n&#13;<br \/>\n&#13;<br \/>\n&#13;<br \/>\n&#13;<br \/>\n&#13;<br \/>\n&#13;<br \/>\n&#13;<br \/>\n&#13;<br \/>\n&#13;<br \/>\n&#13;<br \/>\n&#13;<br \/>\n&#13;<br \/>\n&#13;<br \/>\n&#13;<br \/>\n&#13;<br \/>\n&#13;<br \/>\n&#13;<br \/>\n&#13;<br \/>\n&#13;<br \/>\n&#13;<br \/>\n&#13;<br \/>\n&#13;<br \/>\n&#13;<br \/>\n&#13;<br \/>\n&#13;<br \/>\n&#13;<br \/>\n&#13;<br \/>\n&#13;<br \/>\n&#13;<br \/>\n&#13;<br \/>\n&#13;<br \/>\n&#13;<br \/>\n&#13;<br \/>\n&#13;<br \/>\n&#13;\n<\/p>\n<p class=\"chapter-paragraph\">In questa indagine \u00e8 saltato fuori anche il nome di  Venditti, attualmente indagato, sempre a Brescia, nella nuova inchiesta su Garlasco. <b>\u00c8 accusato  di aver chiesto <a href=\"https:\/\/milano.corriere.it\/notizie\/cronaca\/25_settembre_27\/garlasco-30-mila-euro-andrea-sempio-venditti-ee2eaaa1-1a73-4507-9902-03fa807d1xlk.shtml\" rel=\"nofollow noopener\" target=\"_blank\">l\u2019archiviazione di Andrea Sempio in cambio di denaro<\/a>. <\/b>Dell\u2019ex toga  aveva gi\u00e0 parlato  uno degli indagati, Carlo Primo Boiocchi, che collabora con i pm. \u00abScoppetta \u2014 ha  raccontato \u2014 mi diceva che era solito fare da tramite, consegnando dei \u201cpizzini\u201d da Venditti a Ciocca e viceversa\u00bb. Ed \u00e8 sempre Boiocchi  a tirare fuori il nome della misteriosa Brenda,  in  grande confidenza con Venditti e  Ciocca: \u00abIl marito ha preso una multa da 6 mila euro ed essendo Brenda amica di Venditti e questo capo di Scoppetta gli avevano tolto la multa\u00bb.<\/p>\n<p>APPROFONDISCI CON IL PODCAST<\/p>\n<p class=\"chapter-paragraph\"><b>Di ci\u00f2  che Brenda ha riferito ai  magistrati non era trapelato nulla<\/b>. Ieri \u00e8 stata La Verit\u00e0 a rintracciare la donna che ha  dato la sua versione sui<br \/>\nrapporti con l\u2019ex magistrato. Al momento Venditti non sarebbe indagato in questa indagine. Almeno non risulta al suo avvocato, Domenico Aiello, che sulle dichiarazioni di  Brenda \u00e8 sferzante: <b>\u00abFino ad ora avevamo  visto solo nani e figuranti. Mancavano le ballerine. <\/b>Ora entrano in scena. Ormai \u00e8 uno spettacolo degno dei rotocalchi che una volta si trovavano dal barbiere\u00bb.<\/p>\n<p class=\"chapter-paragraph\">Il racconto di Brenda a La Verit\u00e0  offre comunque  uno spaccato  della Pavia nella quale si muovevano  Venditti e Ciocca. Solo un piccolo cenno all\u2019indagine. Quando parla dei due arrestati. Venditti \u00abmi diceva che ricordava a Pappalardo di fare il carabiniere anche perch\u00e9 non lo sopportava molto. Pure con Scoppetta non \u00e8 che&#8230; <b>Venditti era un tipo un po\u2019 solitario,<\/b> non si fidava di nessuno, con questi signori aveva rapporti di lavoro, da quello che mi diceva, non li ha mai potuti vedere\u00bb.<\/p>\n<p class=\"chapter-paragraph\">Afferma che <b>Ciocca e il marito si conoscevano sin da giovanissimi<\/b>. E lei gli aveva dato una mano in  occasione di qualche campagna elettorale.  Venditti, invece,  l\u2019avrebbe conosciuto perch\u00e9 il marito faceva \u00abil giardiniere nel golf club in cui \u201cil dottore\u201d era consigliere di amministrazione\u00bb.<\/p>\n<p class=\"chapter-paragraph\">I pm  di Brescia non le hanno risparmiato neanche le domande imbarazzanti. \u00abMi hanno chiesto: <b>\u201cLei era l\u2019amante del dottor Venditti e di Ciocca?\u201d\u00bb E avrebbe replicato:  \u00abContemporaneamente \u00e8 un po\u2019 difficile\u00bb<\/b>. Quindi la prende a ridere: \u00abSe io dovessi avere un amante lo cercherei pi\u00f9 giovane. Ho 41 anni&#8230; se il dottore avesse avuto vent\u2019anni in meno magari ci avrei fatto un pensierino, ma cos\u00ec no\u00bb.<\/p>\n<p class=\"chapter-paragraph\">Insiste sul fatto che si tratta solo di \u00abamici di famiglia\u00bb. \u00abAlla  pm ho detto: \u201cGuardi che io Venditti lo considero il padre che non ho mai avuto\u201d\u00bb. E  chiosa: \u00abLo chiamo spesso, a volte mi sfogo. Lui, quando lo cerco, c\u2019\u00e8 sempre, pi\u00f9 di mio marito. Tante cose a Matteo neanche le dico perch\u00e9 ci rimarrebbe troppo male e al dottore s\u00ec perch\u00e9 mi d\u00e0 forza e, comunque, ha un\u2019altra et\u00e0. <b>Io sono praticamente la sua terza figlia<\/b>. Si \u00e8 instaurato un rapporto speciale: mi ha visto piangere, \u00e8 venuto a casa mia, mi ha asciugato le lacrime\u00bb.<\/p>\n<p class=\"is-last-update\" datetime=\"2025-10-07T08:10:23+02:00\">7 ottobre 2025 ( modifica il 7 ottobre 2025 | 08:10)<\/p>\n<p class=\"is-copyright\">\n            \u00a9 RIPRODUZIONE RISERVATA\n        <\/p>\n","protected":false},"excerpt":{"rendered":"di Alfio Sciacca La Procura di Brescia indaga sul \u00absistema Pavia\u00bb. Una donna ha raccontato ai magistrati il&hellip;\n","protected":false},"author":3,"featured_media":151135,"comment_status":"","ping_status":"","sticky":false,"template":"","format":"standard","meta":{"footnotes":""},"categories":[6],"tags":[772,93561,2537,11998,1266,93562,5310,93563,93564,63493,6073,2774,3905,4018,93565,1061,60769,93566,14,1277,14839,1731,24715,1909,6057,8,51,2782,950,1537,90,89,109,93567,93568,2422,4902,85686,7242,114,693,14344,7,15,82,9,83,10,8141,2439,22509,93560,7969,93558,13,11,80,84,12,81,85,86444,93559],"class_list":{"0":"post-151134","1":"post","2":"type-post","3":"status-publish","4":"format-standard","5":"has-post-thumbnail","7":"category-ultime-notizie","8":"tag-aggiunto","9":"tag-aggiunto-pavia","10":"tag-altra","11":"tag-amante","12":"tag-amici","13":"tag-amici-famiglia","14":"tag-angelo","15":"tag-angelo-ciocca","16":"tag-boiocchi","17":"tag-brenda","18":"tag-brescia","19":"tag-carabiniere","20":"tag-carabinieri","21":"tag-cerco","22":"tag-cerco-marito","23":"tag-chiesto","24":"tag-ciocca","25":"tag-ciocca-marito","26":"tag-cronaca","27":"tag-dato","28":"tag-diceva","29":"tag-donna","30":"tag-dottore","31":"tag-famiglia","32":"tag-garlasco","33":"tag-headlines","34":"tag-inchiesta","35":"tag-indagato","36":"tag-indagine","37":"tag-it","38":"tag-italia","39":"tag-italy","40":"tag-lega","41":"tag-lega-angelo","42":"tag-lega-angelo-ciocca","43":"tag-magistrati","44":"tag-mario","45":"tag-mario-venditti","46":"tag-marito","47":"tag-matteo","48":"tag-multa","49":"tag-neanche","50":"tag-news","51":"tag-notizie","52":"tag-notizie-di-cronaca","53":"tag-notizie-principali","54":"tag-notiziedicronaca","55":"tag-notizieprincipali","56":"tag-pavia","57":"tag-pm","58":"tag-procuratore","59":"tag-procuratore-aggiunto","60":"tag-rapporti","61":"tag-scoppetta","62":"tag-titoli","63":"tag-ultime-notizie","64":"tag-ultime-notizie-di-cronaca","65":"tag-ultime-notizie-e-news-di-oggi","66":"tag-ultimenotizie","67":"tag-ultimenotiziedicronaca","68":"tag-ultimenotizieenewsdioggi","69":"tag-venditti","70":"tag-venditti-ciocca"},"share_on_mastodon":{"url":"","error":""},"_links":{"self":[{"href":"https:\/\/www.europesays.com\/it\/wp-json\/wp\/v2\/posts\/151134","targetHints":{"allow":["GET"]}}],"collection":[{"href":"https:\/\/www.europesays.com\/it\/wp-json\/wp\/v2\/posts"}],"about":[{"href":"https:\/\/www.europesays.com\/it\/wp-json\/wp\/v2\/types\/post"}],"author":[{"embeddable":true,"href":"https:\/\/www.europesays.com\/it\/wp-json\/wp\/v2\/users\/3"}],"replies":[{"embeddable":true,"href":"https:\/\/www.europesays.com\/it\/wp-json\/wp\/v2\/comments?post=151134"}],"version-history":[{"count":0,"href":"https:\/\/www.europesays.com\/it\/wp-json\/wp\/v2\/posts\/151134\/revisions"}],"wp:featuredmedia":[{"embeddable":true,"href":"https:\/\/www.europesays.com\/it\/wp-json\/wp\/v2\/media\/151135"}],"wp:attachment":[{"href":"https:\/\/www.europesays.com\/it\/wp-json\/wp\/v2\/media?parent=151134"}],"wp:term":[{"taxonomy":"category","embeddable":true,"href":"https:\/\/www.europesays.com\/it\/wp-json\/wp\/v2\/categories?post=151134"},{"taxonomy":"post_tag","embeddable":true,"href":"https:\/\/www.europesays.com\/it\/wp-json\/wp\/v2\/tags?post=151134"}],"curies":[{"name":"wp","href":"https:\/\/api.w.org\/{rel}","templated":true}]}}