{"id":151136,"date":"2025-10-07T08:14:26","date_gmt":"2025-10-07T08:14:26","guid":{"rendered":"https:\/\/www.europesays.com\/it\/151136\/"},"modified":"2025-10-07T08:14:26","modified_gmt":"2025-10-07T08:14:26","slug":"vaccini-barretta-fimp-fondamentale-anti-meningococco-in-bimbi-e-adolescenti","status":"publish","type":"post","link":"https:\/\/www.europesays.com\/it\/151136\/","title":{"rendered":"Vaccini, Barretta (Fimp): &#8220;Fondamentale anti meningococco in bimbi e adolescenti&#8221;"},"content":{"rendered":"<p> (Adnkronos) \u2013 La vaccinazione contro il meningococco \u201c\u00e8 importantissima perch\u00e9 la meningite \u00e8 una malattia molto insidiosa: \u00e8 rara, ma \u00e8 grave. Si tratta infatti di una patologia che pu\u00f2 iniziare con sintomi simil-influenzali e poi, in poche ore, avere una evoluzione che pu\u00f2 diventare devastante e portare anche a morte. C\u2019\u00e8 stato proprio un caso di meningite mortale in Puglia nelle scorse settimane. Questo fa capire quanto sia fondamentale vaccinare, e farlo nei tempi previsti: bambini al di sotto dell\u2019anno e adolescenti\u201d. Cos\u00ec Martino Barretta, pediatra di famiglia e responsabile nazionale dell\u2019area vaccini e immunizzazioni di Fimp, Federazione italiana medici pediatri, interviene in occasione della giornata mondiale contro la meningite, che si celebra il 5 ottobre. \u00a0<\/p>\n<p>\u201cBisogna vaccinare i bambini come indicato dal calendario vaccinale nei primi mesi di vita e, poi, gli adolescenti \u2013 rimarca Barretta \u2013 Ci sono infatti due picchi di rischio: uno nel primo anno di vita e un altro durante l\u2019adolescenza. In quest\u2019ultima fascia d\u2019et\u00e0 le coperture non sono ottimali perch\u00e9\u201d i giovanissimi si recano \u201cpochissimo dal medico e sono restii alla vaccinazione. \u00c8 quindi necessario sensibilizzare i genitori e coinvolgere maggiormente i pediatri, che comunque sono i medici di fiducia anche per gli adolescenti\u201d e che possono proporre loro, \u201cin occasione delle visite di bilancio di salute, la vaccinazione\u201d. \u00a0<\/p>\n<p>Certo, \u201cse il pediatra potesse somministrare direttamente i vaccini durante queste visite, si potrebbe ridurre il rischio che molte famiglie, dovendosi riferire al centro vaccinale, si perdano lungo il percorso\u201d, riflette l\u2019esperto. Dove i pediatri possono passare \u201cdalla raccomandazione alla somministrazione, le coperture sono pi\u00f9 elevate\u201d, afferma il referente Fimp ricordando che questa pratica \u00e8 una realt\u00e0 \u201csolo in Regione Toscana e, in altre province, a macchia di leopardo, lungo lo Stivale\u201d. Per migliorare la copertura, Barretta suggerisce di utilizzare la strategia della \u201cchiamata attiva\u201d che come pediatri \u201cfacciamo attraverso i nostri gestionali e le applicazioni, invitando gli adolescenti ai bilanci di salute. Durante queste visite valutiamo crescita, sviluppo puberale, prevenzione, uso dei social e altre tematiche \u2013 illustra l\u2019esperto \u2013 In quell\u2019occasione possiamo anche parlare di vaccinazioni, fornire materiale informativo e, con la possibilit\u00e0 di somministrare direttamente il vaccino, completare il percorso in un unico appuntamento\u201d.\u00a0<\/p>\n<p>A variare sul territorio nazionale \u00e8 anche la disponibilit\u00e0 gratuita dell\u2019antimeningococo B. \u201cGli adolescenti hanno gi\u00e0, da calendario nazionale, un vaccino gratuito contro il meningococco, ma manca quello contro il B. Eppure \u2013 osserva Barretta \u2013 i dati di sorveglianza mostrano che pi\u00f9 dell\u201980% dei casi \u00e8 dovuto al sierogruppo B. Solo alcune regioni lo hanno inserito gratuitamente nel calendario regionale, altre no, creando discrepanze. Come Fimp \u2013 evidenzia \u2013 stiamo lavorando per portare avanti la richiesta di un\u2019offerta omogenea a livello nazionale, anche attraverso i nostri rappresentanti nei gruppi tecnici regionali e ministeriali\u201d.\u00a0<\/p>\n<p>Chi ha fatto il vaccino da piccolo \u201cdeve comunque ricevere una dose ulteriore in adolescenza: anche se il bambino \u00e8 stato vaccinato sotto i 2 anni, deve ripetere la vaccinazione nell\u2019adolescenza \u2013 avverte il pediatra \u2013 Il calendario prevede la vaccinazione al dodicesimo anno, quindi dagli anni successivi ai 12 . Pu\u00f2 essere fatta anche oltre, negli adulti, ma la fascia adolescenziale di riferimento \u00e8 dai 12 ai 18 anni. Attualmente sono previsti 2 vaccini \u2013 chiarisce \u2013 il tetravalente (contro sierogruppi A, C, W, Y) e il vaccino contro il sierogruppo B. In Italia non si usa ancora il pentavalente, quindi servono due vaccini separati. Il tetravalente ha quasi azzerato i casi di malattia invasiva da meningococco C, ma oggi il predominante resta il sierogruppo B. Per questo motivo le regioni dovrebbero assumersi la responsabilit\u00e0 di offrire anche questa vaccinazione, in base all\u2019epidemiologia, negli adolescenti, dove il sierogruppo maggioritario \u00e8 il B\u201d.\u00a0<\/p>\n<p>\u2014<\/p>\n<p>salute<\/p>\n<p><a href=\"https:\/\/cn24tv.it\/cdn-cgi\/l\/email-protection\" class=\"__cf_email__\" data-cfemail=\"2a5d4f4843444c456a4b4e4441584544455904494547\" rel=\"nofollow noopener\" target=\"_blank\">[email\u00a0protected]<\/a> (Web Info)<\/p>\n","protected":false},"excerpt":{"rendered":"(Adnkronos) \u2013 La vaccinazione contro il meningococco \u201c\u00e8 importantissima perch\u00e9 la meningite \u00e8 una malattia molto insidiosa: \u00e8&hellip;\n","protected":false},"author":3,"featured_media":151137,"comment_status":"","ping_status":"","sticky":false,"template":"","format":"standard","meta":{"footnotes":""},"categories":[1512],"tags":[239,1537,90,89,240,2189,2188,2187],"class_list":{"0":"post-151136","1":"post","2":"type-post","3":"status-publish","4":"format-standard","5":"has-post-thumbnail","7":"category-vaccini","8":"tag-health","9":"tag-it","10":"tag-italia","11":"tag-italy","12":"tag-salute","13":"tag-vaccine","14":"tag-vaccines","15":"tag-vaccini"},"share_on_mastodon":{"url":"","error":""},"_links":{"self":[{"href":"https:\/\/www.europesays.com\/it\/wp-json\/wp\/v2\/posts\/151136","targetHints":{"allow":["GET"]}}],"collection":[{"href":"https:\/\/www.europesays.com\/it\/wp-json\/wp\/v2\/posts"}],"about":[{"href":"https:\/\/www.europesays.com\/it\/wp-json\/wp\/v2\/types\/post"}],"author":[{"embeddable":true,"href":"https:\/\/www.europesays.com\/it\/wp-json\/wp\/v2\/users\/3"}],"replies":[{"embeddable":true,"href":"https:\/\/www.europesays.com\/it\/wp-json\/wp\/v2\/comments?post=151136"}],"version-history":[{"count":0,"href":"https:\/\/www.europesays.com\/it\/wp-json\/wp\/v2\/posts\/151136\/revisions"}],"wp:featuredmedia":[{"embeddable":true,"href":"https:\/\/www.europesays.com\/it\/wp-json\/wp\/v2\/media\/151137"}],"wp:attachment":[{"href":"https:\/\/www.europesays.com\/it\/wp-json\/wp\/v2\/media?parent=151136"}],"wp:term":[{"taxonomy":"category","embeddable":true,"href":"https:\/\/www.europesays.com\/it\/wp-json\/wp\/v2\/categories?post=151136"},{"taxonomy":"post_tag","embeddable":true,"href":"https:\/\/www.europesays.com\/it\/wp-json\/wp\/v2\/tags?post=151136"}],"curies":[{"name":"wp","href":"https:\/\/api.w.org\/{rel}","templated":true}]}}