{"id":151162,"date":"2025-10-07T08:40:08","date_gmt":"2025-10-07T08:40:08","guid":{"rendered":"https:\/\/www.europesays.com\/it\/151162\/"},"modified":"2025-10-07T08:40:08","modified_gmt":"2025-10-07T08:40:08","slug":"il-caffe-di-massimo-gramellini-francesca-albanese-la-marchesa-del-grillo","status":"publish","type":"post","link":"https:\/\/www.europesays.com\/it\/151162\/","title":{"rendered":"Il Caff\u00e8 di Massimo Gramellini | Francesca Albanese, la marchesa del Grillo"},"content":{"rendered":"<p class=\"chapter-paragraph\">Per l\u2019esimia giurista <b>Francesca Albanese<\/b>, a cui va la nostra gratitudine per tutto il <a href=\"\">tempo che trascorre quotidianamente in tv <\/a>nel tentativo davvero improbo di istruirci, la <b>senatrice Liliana Segre <\/b>non \u00e8 autorizzata a intervenire su <b>Gaza<\/b>. Se hai un tumore, spiega l\u2019esimia, chiedi la diagnosi a un oncologo, non a qualcuno che \u00e8 sopravvissuto alla malattia. Un <b>paragone di buon gusto<\/b>, non c\u2019\u00e8 dubbio, e dalle applicazioni sorprendenti. Nel mondo della marchesa del Grillo (\u201cio s\u00f2 io e voi\u2026\u201d con quel che segue), solo gli psicologi e i criminologi potrebbero discutere di femminicidi, non le vittime <b>scampate<\/b> alla morte, troppo coinvolte emotivamente per riuscire credibili. In uno slancio di generosit\u00e0, Albanese si dichiara disponibile a parlare di genocidio con \u201c<b>accademici sionisti<\/b>\u201d (esister\u00e0 un albo apposito?), ma non con Segre e men meno con giornalisti, politici e cittadini in genere, che soffrono, dice, di \u201c<b>analfabetismo funzionale<\/b>\u201d.<\/p>\n<p class=\"chapter-paragraph\">A forza di studiare la democrazia di Hamas, pu\u00f2 darsi che Albanese abbia finito per <b>ridisegnare i contorni<\/b> di un concetto che noi analfabeti funzionali ci ricordavano un po\u2019meno elitario. Una volta la <b>democrazia<\/b> non\u00a0consisteva infatti\u00a0nel parlare con tutti e, soprattutto, nell\u2019ascoltarli? O almeno nel fingere di farlo, invece di alzarsi di scatto dalla poltrona di uno studio televisivo, come ha fatto lei, piantando in asso gli altri ospiti per punirli del grave torto di non volerle dare sempre ragione.    &#13;<br \/>\n&#13;<br \/>\n&#13;<br \/>\n&#13;<br \/>\n&#13;<br \/>\n&#13;<br \/>\n&#13;<br \/>\n&#13;<br \/>\n&#13;<br \/>\n&#13;<br \/>\n&#13;<br \/>\n&#13;<br \/>\n&#13;<br \/>\n&#13;<br \/>\n&#13;<br \/>\n&#13;<br \/>\n&#13;<br \/>\n&#13;<br \/>\n&#13;<br \/>\n&#13;<br \/>\n&#13;<br \/>\n&#13;<br \/>\n&#13;<br \/>\n&#13;<br \/>\n&#13;<br \/>\n&#13;<br \/>\n&#13;<br \/>\n&#13;<br \/>\n&#13;<br \/>\n&#13;<br \/>\n&#13;<br \/>\n&#13;<br \/>\n&#13;<br \/>\n&#13;<br \/>\n&#13;<br \/>\n&#13;<br \/>\n&#13;<br \/>\n&#13;<br \/>\n&#13;<br \/>\n&#13;<br \/>\n&#13;<br \/>\n&#13;<br \/>\n&#13;<br \/>\n&#13;<br \/>\n&#13;<br \/>\n&#13;<br \/>\n&#13;<br \/>\n&#13;<br \/>\n&#13;<br \/>\n&#13;<br \/>\n&#13;<br \/>\n&#13;<br \/>\n&#13;\n<\/p>\n<p style=\"\">Il Caff\u00e8 di Gramellini vi aspetta qui, da marted\u00ec a sabato. Chi \u00e8 abbonato al Corriere ha a disposizione anche \u00abPrimaOra\u00bb, la newsletter che permette di iniziare al meglio la giornata. Chi non \u00e8 ancora abbonato <a style=\"color:#29abef;text-decoration:underline;\" href=\"https:\/\/www.corriere.it\/abbonati\/\" rel=\"nofollow noopener\" target=\"_blank\">pu\u00f2 trovare qui<\/a> le modalit\u00e0 per farlo e avere accesso a tutti i contenuti del sito, tutte le newsletter e i podcast, e all\u2019archivio storico del giornale.<\/p>\n<p class=\"is-last-update\" datetime=\"2025-10-07T08:00:13+02:00\" content=\"2025-10-07\">7 ottobre 2025, 06:52  &#8211; modifica il 7 ottobre 2025 | 08:00<\/p>\n<p class=\"is-copyright\">\u00a9 RIPRODUZIONE RISERVATA<\/p>\n","protected":false},"excerpt":{"rendered":"Per l\u2019esimia giurista Francesca Albanese, a cui va la nostra gratitudine per tutto il tempo che trascorre quotidianamente&hellip;\n","protected":false},"author":3,"featured_media":151163,"comment_status":"","ping_status":"","sticky":false,"template":"","format":"standard","meta":{"footnotes":""},"categories":[6],"tags":[10667,93586,93587,24444,93588,93589,93590,93591,14,7695,93583,6157,8,1537,90,89,93584,93585,7,15,82,9,83,10,5775,1848,13,11,80,84,12,81,85],"class_list":{"0":"post-151162","1":"post","2":"type-post","3":"status-publish","4":"format-standard","5":"has-post-thumbnail","7":"category-ultime-notizie","8":"tag-accademici","9":"tag-accademici-sionisti","10":"tag-accademici-sionisti-esistera","11":"tag-albanese","12":"tag-albanese-dichiara","13":"tag-albanese-dichiara-disponibile","14":"tag-albanese-finito","15":"tag-albanese-finito-ridisegnare","16":"tag-cronaca","17":"tag-democrazia","18":"tag-esimia","19":"tag-grillo","20":"tag-headlines","21":"tag-it","22":"tag-italia","23":"tag-italy","24":"tag-marchesa","25":"tag-marchesa-grillo","26":"tag-news","27":"tag-notizie","28":"tag-notizie-di-cronaca","29":"tag-notizie-principali","30":"tag-notiziedicronaca","31":"tag-notizieprincipali","32":"tag-parlare","33":"tag-segre","34":"tag-titoli","35":"tag-ultime-notizie","36":"tag-ultime-notizie-di-cronaca","37":"tag-ultime-notizie-e-news-di-oggi","38":"tag-ultimenotizie","39":"tag-ultimenotiziedicronaca","40":"tag-ultimenotizieenewsdioggi"},"share_on_mastodon":{"url":"","error":""},"_links":{"self":[{"href":"https:\/\/www.europesays.com\/it\/wp-json\/wp\/v2\/posts\/151162","targetHints":{"allow":["GET"]}}],"collection":[{"href":"https:\/\/www.europesays.com\/it\/wp-json\/wp\/v2\/posts"}],"about":[{"href":"https:\/\/www.europesays.com\/it\/wp-json\/wp\/v2\/types\/post"}],"author":[{"embeddable":true,"href":"https:\/\/www.europesays.com\/it\/wp-json\/wp\/v2\/users\/3"}],"replies":[{"embeddable":true,"href":"https:\/\/www.europesays.com\/it\/wp-json\/wp\/v2\/comments?post=151162"}],"version-history":[{"count":0,"href":"https:\/\/www.europesays.com\/it\/wp-json\/wp\/v2\/posts\/151162\/revisions"}],"wp:featuredmedia":[{"embeddable":true,"href":"https:\/\/www.europesays.com\/it\/wp-json\/wp\/v2\/media\/151163"}],"wp:attachment":[{"href":"https:\/\/www.europesays.com\/it\/wp-json\/wp\/v2\/media?parent=151162"}],"wp:term":[{"taxonomy":"category","embeddable":true,"href":"https:\/\/www.europesays.com\/it\/wp-json\/wp\/v2\/categories?post=151162"},{"taxonomy":"post_tag","embeddable":true,"href":"https:\/\/www.europesays.com\/it\/wp-json\/wp\/v2\/tags?post=151162"}],"curies":[{"name":"wp","href":"https:\/\/api.w.org\/{rel}","templated":true}]}}