{"id":151203,"date":"2025-10-07T09:23:12","date_gmt":"2025-10-07T09:23:12","guid":{"rendered":"https:\/\/www.europesays.com\/it\/151203\/"},"modified":"2025-10-07T09:23:12","modified_gmt":"2025-10-07T09:23:12","slug":"firenze-books-2025-le-librerie-indipendenti-si-incontrano-allippodromo-del-visarno","status":"publish","type":"post","link":"https:\/\/www.europesays.com\/it\/151203\/","title":{"rendered":"Firenze Books 2025: le librerie indipendenti si incontrano all&#8217;Ippodromo del Visarno"},"content":{"rendered":"<p>Firenze torna a essere capitale della parola scritta con <strong>Firenze Books,<\/strong> il festival che ogni anno celebra<strong> la lettura in tutte le sue forme.<\/strong><\/p>\n<p><strong>Dal 10 al 12 ottobre<\/strong> i tre giorni organizzati da<a href=\"https:\/\/www.confartigianatofirenze.it\" target=\"_blank\" rel=\"noopener nofollow\"><strong> Confartigianato Imprese Firenze<\/strong><\/a> in collaborazione con <strong>Libreria Alfani, Libreria Farollo e Falpal\u00e0, Libreria Florida, Libreria Leggermente<\/strong> si svolgeranno nuovamente presso l\u2019<strong>Ippodromo del Visarno al Piazzale delle Cascine a Firenze,<\/strong> unendo<strong> lettrici e lettori, autrici e autori,<\/strong> in una manifestazione che si rivolge a tutte le fasce d\u2019et\u00e0.<\/p>\n<p><strong>Tra presentazioni, incontri con autori, dibattiti e laboratori,<\/strong> <strong>Firenze Books<\/strong> trasforma la citt\u00e0 in<strong> un grande salotto letterario dove lettori, scrittori ed editori<\/strong> si incontrano per condividere storie, idee e passioni.<\/p>\n<p>Un appuntamento che conferma quanto<strong> la cultura a Firenze,<\/strong> non sia solo memoria del passato ma <strong>linfa vitale del presente.<\/strong><\/p>\n<p><img decoding=\"async\" src=\"https:\/\/www.europesays.com\/it\/wp-content\/uploads\/2025\/10\/245140229_1034639183979460_5827366167823694757_n.jpg-1.webp.webp\" alt=\"\"\/><\/p>\n<p>Firenze Books<\/p>\n<p>Il programma<\/p>\n<p><strong>Venerd\u00ec 10 ottobre<\/strong><\/p>\n<p>Il pomeriggio di apertura si apre alle 15 sul Palco con <strong>Eleonora Brandigi,<\/strong> che presenta la rassegna <strong>Dialoghi urbani<\/strong> e il <strong>Patto per la lettura,<\/strong> in dialogo con Jacopo Vicini, Assessore allo Sviluppo Economico del Comune di Firenze. In contemporanea, nel salotto,<strong> Iacopo Gianassi<\/strong> presenta il suo libro <strong>Il dono delle stelle: l\u2019ultimo guardiano<\/strong> (Albatros).<br \/>Alle 16, il Palco ospita <strong>Francesco Musolino<\/strong> con <strong>Giallo Lipari <\/strong>(E\/O), intervistato da Alessandra Manenti.<br \/>Segue, alle 17, un momento dedicato ai pi\u00f9 piccoli con<strong> Farollo<\/strong> e le sue <strong>Letture da paura,<\/strong> pensate per bambini dai 4 anni in su, nell\u2019ambito di Firenze Books Junior. Contemporaneamente, nel salotto, <strong>Lavinia Bianca<\/strong> presenta <strong>La vita potenziale <\/strong>(Gramma Feltrinelli), in dialogo con Lorenzo Berto (@faunaletteraria).<br \/>Alle 18, torna il sorriso con<strong> Laura Formenti<\/strong> e il suo libro<strong> L\u2019umorismo non salver\u00e0 il mondo. Ma salva te dal mondo! <\/strong>(Sperling &amp; Kupfer), mentre nel salotto Alessandra Pomilio parla di Generazione R (E\/O) insieme a Paola Landi (@libri_amo_insieme).<br \/>La giornata si chiude alle 19: sul palco,<strong> Luca Ongaro<\/strong> presenta <strong>Una brutta strada per il Commissario Campani<\/strong> (I Dobloni), in dialogo con Wladimiro Borchi; nel salotto, <strong>Lucia Petraroli<\/strong> racconta <strong>Data di scadenza<\/strong> (Effigi), con Giovanni Bettarini.<\/p>\n<p><strong>Sabato 11 ottobre<\/strong><\/p>\n<p>La seconda giornata si apre alle 10 con un incontro educativo sul palco:<strong> Caterina Di Chio<\/strong> presenta<strong> Chiedimi se lo voglio. Promuovere il consenso, rispettando se stessi e gli altri <\/strong>(Erickson), un appuntamento rivolto ad adolescenti, genitori e insegnanti, all\u2019interno di Firenze Books Junior. Nel salotto, <strong>Giusy De Gori<\/strong> esplora il mondo del design e dell\u2019armocromia con <strong>Vesti la tua casa e la tua attivit\u00e0 <\/strong>(Maggioli).<br \/>Alle 11, sul palco,<strong> Sofia Gallo<\/strong> conduce i bambini nel mito con<strong> Il viaggio di Ulisse <\/strong>(Giralangolo), mentre nel salotto <strong>Linda Scaffidi<\/strong> parla del suo romanzo<strong> Sette fate di Youssef<\/strong> (Fazi) con Serena Vavolo.<br \/>A mezzogiorno, <strong>Ilide Carmignani<\/strong> presenta sul palco <strong>Saltare nelle pozzanghere <\/strong>(Rizzoli) insieme a Nicoletta Verna; nel salotto<strong>, Silvana Bartoli<\/strong> racconta <strong>Le scelte di Cristina Trivulzio. Storia di un\u2019emancipazione <\/strong>(Olschki) con Serena Panerai.<br \/>Dopo la pausa, alle 14, <strong>Antonella Mollicone<\/strong> sale sul palco con <strong>La femminanza <\/strong>(Nord), dialogando con Carolina Natoli, mentre nel salotto <strong>Elena Andreini<\/strong> presenta<strong> Il cielo sottosopra<\/strong> (Apice).<br \/>Alle 15, il palco accoglie<strong> Francesco Muzzopappa<\/strong> con la sua ironica <strong>La contessa va in crociera <\/strong>(Solferino), intervistato da Edoardo Semmola. Nel salotto, <strong>Barbara Cagni<\/strong> propone <strong>Alba della nostra libert\u00e0<\/strong> (Fazi), ancora con Carolina Natoli.<br \/>Alle 16, i riflettori tornano sui bambini: <strong>Lucia Stipari<\/strong> spiega <strong>Che cos\u2019\u00e8 un libro<\/strong> (Castoro), per piccoli lettori dai 4 anni in su. In contemporanea nel salotto, il poeta <strong>Massimo Gezzi<\/strong> presenta <strong>Adriatica<\/strong> (Gramma Feltrinelli) con Edoardo Semmola.<br \/>Alle 17, il palco ospita<strong> Fabio Bac\u00e0<\/strong> con <strong>L\u2019era dell\u2019acquario<\/strong> (Adelphi), intervistato da Simone Innocenti, mentre nel salotto si gioca con <strong>Investigators: un pomeriggio da investigatori, <\/strong>laboratorio per bambini da 6 anni in su curato da Farollo.<br \/>Alle 18, <strong>Antonella Fioravanti<\/strong> propone sul palco<strong> Viaggio nel mondo invisibile<\/strong> (Aboca), mentre nel salotto Cecilia Rita parla del suo romanzo<strong> Mantide <\/strong>(NN) con Serena Vavolo.<br \/>A concludere la giornata, alle 19, un doppio appuntamento: sul palco, il <strong>neuroscienziato Giorgio Vallortigara<\/strong> presenta <strong>Desiderare<\/strong> (Marsilio) insieme a Tommaso Codignola e Alessandro Pagnini; nel salotto, Wladimiro Borchi racconta <strong>Omicidio al lampredotto<\/strong> (Frilli), in dialogo con Luca Ongaro.<\/p>\n<p><strong>Domenica 12 ottobre<\/strong><\/p>\n<p>La giornata conclusiva comincia alle 10 con un incontro per bambini dai 5 anni in su: Francesco Viliani porta sul <strong>Palco Piccole e grandi cose della scuola,<\/strong> mentre nel salotto<strong> Francesca Tofanari<\/strong> presenta <strong>La stagione delle anime fragili<\/strong> (Bonfirraro) con Massimiliano Scudeletti.<br \/>Alle 11, il palco si anima con <strong>Eleonora Babbo, Vincenzo Galli e Francesca Carabelli,<\/strong> che presentano<strong> I resistosauri. Pioggia puzzosa<\/strong> (Castoro), per bambini dai 6 anni in su. Nel salotto,<strong> Silvia Montemurro<\/strong> introduce <strong>La Mondina <\/strong>(E\/O) in dialogo con Francesca Tofanari.<br \/>A mezzogiorno, il palco ospita <strong>Daniela Bencivenni e Roberto Malesci<\/strong> con<strong> Alberi e arbusti. Usi alimentari, rimedi tradizionali e tanto altro<\/strong> (Sarnus), mentre nel salotto <strong>Romina Cecconi<\/strong> presenta <strong>Io, la Romanina <\/strong>(Le Plurali), in dialogo con Vincent Vallon (@altrasponda).<br \/>Alle 13, ancora nel salotto, <strong>Claudia Camilletti<\/strong> propone una doppia lettura: <strong>Fe-li-ci-t\u00e0 al profumo di vaniglia <\/strong>e<strong> SopraSotto che casino<\/strong> (Giovane Holden).<br \/>Il pomeriggio riparte alle 14 con <strong>Elvira Mujcic,<\/strong> che presenta<strong> La stagione che non c\u2019era<\/strong> (Guanda) sul palco, in dialogo con Raffaele Palumbo.<br \/>Alle 15, <strong>Riccardo Pedicone<\/strong> sale sul palco con <strong>E sembra quasi vero<\/strong> (Rizzoli), insieme a Maddalena Mariani; nel salotto, <strong>Gian Andrea Cerone<\/strong> discute di <strong>La curva dell\u2019oblio<\/strong> (Guanda) con Raffaele Palumbo.<br \/>Alle 16, spazio ancora ai bambini con<strong> Simone Frasca<\/strong> e il suo <strong>Buon compleanno, Bruno Lo Zozzo!<\/strong> (Piemme), mentre nel salotto Nadia Noio presenta<strong> Torner\u00e0 la primavera<\/strong> (Fazi) con Alice Lobreglio.<br \/>Alle 17, sul palco, <strong>Nadeesha Uyangoda<\/strong> parla di <strong>Acqua sporca<\/strong> (Einaudi) con Sabrina Carollo, mentre nel salotto <strong>Tommaso Codignola<\/strong> presenta <strong>La civilt\u00e0 dell\u2019eccesso<\/strong> (Edizioni Storia e Letteratura).<br \/>Alle 18, <strong>Agnese Pini<\/strong> \u00e8 protagonista sul palco con <strong>La verit\u00e0 \u00e8 un fuoco <\/strong>(Garzanti), ancora in dialogo con Sabrina Carollo. In contemporanea nel salotto, <strong>Massimiliano Scudeletti<\/strong> presenta<strong> La laguna del disincanto<\/strong> (Arkadia) con Francesca Tofanari.<br \/>Chiudono la rassegna, alle 19 <strong>Gigi Paoli e Gianluca Campagna<\/strong> che presentano rispettivamente <strong>L\u2019ordine del drago <\/strong>(Giunti) e <strong>Il giardino dei nani solitari <\/strong>(Arkadia), in un dialogo conclusivo sul palco.<\/p>\n<p><img decoding=\"async\" src=\"https:\/\/www.europesays.com\/it\/wp-content\/uploads\/2025\/10\/Firenze-Books-2025-Sito-web-9.png\" alt=\"\"\/><\/p>\n","protected":false},"excerpt":{"rendered":"Firenze torna a essere capitale della parola scritta con Firenze Books, il festival che ogni anno celebra la&hellip;\n","protected":false},"author":3,"featured_media":151204,"comment_status":"","ping_status":"","sticky":false,"template":"","format":"standard","meta":{"footnotes":""},"categories":[1445],"tags":[1608,203,204,1537,90,89,1609],"class_list":{"0":"post-151203","1":"post","2":"type-post","3":"status-publish","4":"format-standard","5":"has-post-thumbnail","7":"category-libri","8":"tag-books","9":"tag-entertainment","10":"tag-intrattenimento","11":"tag-it","12":"tag-italia","13":"tag-italy","14":"tag-libri"},"share_on_mastodon":{"url":"","error":""},"_links":{"self":[{"href":"https:\/\/www.europesays.com\/it\/wp-json\/wp\/v2\/posts\/151203","targetHints":{"allow":["GET"]}}],"collection":[{"href":"https:\/\/www.europesays.com\/it\/wp-json\/wp\/v2\/posts"}],"about":[{"href":"https:\/\/www.europesays.com\/it\/wp-json\/wp\/v2\/types\/post"}],"author":[{"embeddable":true,"href":"https:\/\/www.europesays.com\/it\/wp-json\/wp\/v2\/users\/3"}],"replies":[{"embeddable":true,"href":"https:\/\/www.europesays.com\/it\/wp-json\/wp\/v2\/comments?post=151203"}],"version-history":[{"count":0,"href":"https:\/\/www.europesays.com\/it\/wp-json\/wp\/v2\/posts\/151203\/revisions"}],"wp:featuredmedia":[{"embeddable":true,"href":"https:\/\/www.europesays.com\/it\/wp-json\/wp\/v2\/media\/151204"}],"wp:attachment":[{"href":"https:\/\/www.europesays.com\/it\/wp-json\/wp\/v2\/media?parent=151203"}],"wp:term":[{"taxonomy":"category","embeddable":true,"href":"https:\/\/www.europesays.com\/it\/wp-json\/wp\/v2\/categories?post=151203"},{"taxonomy":"post_tag","embeddable":true,"href":"https:\/\/www.europesays.com\/it\/wp-json\/wp\/v2\/tags?post=151203"}],"curies":[{"name":"wp","href":"https:\/\/api.w.org\/{rel}","templated":true}]}}