{"id":151205,"date":"2025-10-07T09:24:11","date_gmt":"2025-10-07T09:24:11","guid":{"rendered":"https:\/\/www.europesays.com\/it\/151205\/"},"modified":"2025-10-07T09:24:11","modified_gmt":"2025-10-07T09:24:11","slug":"martina-colombari-non-mi-sento-per-niente-sexy-sono-stata-criticata-per-essere-troppo-rigida-ma-la-vita-mi-ha-insegnato-a-strutturarmi-tanto","status":"publish","type":"post","link":"https:\/\/www.europesays.com\/it\/151205\/","title":{"rendered":"Martina Colombari: \u00abNon mi sento per niente sexy. Sono stata criticata per essere troppo rigida, ma la vita mi ha insegnato a strutturarmi tanto\u00bb"},"content":{"rendered":"<p class=\"has-dropcap\"><strong>Martina Colombari ha debuttato a <a href=\"https:\/\/www.vanityfair.it\/article\/ballando-con-le-stelle-2025-coppie-vip-ballerini-barbara-durso-tv\" target=\"_blank\" rel=\"nofollow noopener\">Ballando con le Stelle<\/a><\/strong>, accendendo i riflettori su di s\u00e9. Ma \u00e8 nel salotto di La Volta Buona che la showgirl si \u00e8 lasciata andare a confessioni pi\u00f9 intime, raccontando le emozioni vissute sulla pista e alcune sorprese inattese del suo percorso.<\/p>\n<p>\u00ab<strong>Non mi sento per niente sexy\u00bb<\/strong>, ha detto. \u00abHo lavorato con il mio corpo per pi\u00f9 di trent\u2019anni, ma ora \u00e8 diverso. <strong>Su quella pista non scende il personaggio, scende Martina<\/strong>\u00bb. Proprio questa autenticit\u00e0 sembra aver colpito il pubblico. Anche suo marito, <a href=\"https:\/\/www.vanityfair.it\/people\/italia\/16\/11\/01\/martina-colombari-gossip-billy-costacurta-figlio-achille-intervista-foto\" target=\"_blank\" rel=\"nofollow noopener\">Alessandro \u00abBilly\u00bb Costacurta<\/a>, che la seguiva in streaming dalla Svizzera, le ha voluto far sentire il suo sostegno: \u00abMi ha scritto \u201cBravissima, ti amo\u201d\u00bb.<\/p>\n<p>Non tutto, per\u00f2, \u00e8 stato semplice. Dalla giuria sono arrivate osservazioni che l\u2019hanno colpita: \u00ab<strong>Sono stata criticata per essere troppo rigida, contenuta e poco emotiva<\/strong>\u00bb, ha raccontato. Una rigidit\u00e0 che nasce dall\u2019esperienza accumulata in una carriera sotto i riflettori iniziata a 16 anni, con la vittoria di Miss Italia nel 1991. \u00ab<strong>La vita mi ha insegnato a strutturarmi tanto, se non fossi stata cos\u00ec corazzata non so se sarei riuscita<\/strong>\u00bb. La showgirl sembra riferirsi essere anche ai <a href=\"https:\/\/www.vanityfair.it\/article\/martina-colombari-parla-in-tv-complicato-rapporto-figlio-achille\" rel=\"nofollow noopener\" target=\"_blank\">rapporti non sempre semplici con il figlio<\/a>, di cui ha parlato spesso, e che adesso sono migliorati. \u00abCon il periodo dell&#8217;adolescenza di Achille sono sorte delle dinamiche difficili da gestire. Il periodo storico \u00e8 diverso da quello in cui siamo cresciuti noi, e <strong>nessuno ci ha insegnato come fare i genitori<\/strong>\u00bb, aveva spiegato.<\/p>\n<p>La danza, per\u00f2, su Martina Colombari, che ha compiuto 50 anni a luglio, ha avuto effetti profondi e inaspettati. \u00abBallando \u00e8 terapeutico. <strong>Ero convinta di essere in menopausa, invece mi \u00e8 tornato il ciclo. Questa forte emozione mi ha sbloccata<\/strong>\u00bb, confessa. Il movimento, pi\u00f9 che un esercizio fisico, si \u00e8 rivelato uno strumento di liberazione emotiva.<\/p>\n<p>Martina ha parlato anche del suo percorso di introspezione personale, in linea con la tendenza ormai sempre pi\u00f9 diffusa tra le persone di spettacolo a discutere apertamente di salute mentale e terapia. <strong>Da circa quattro anni segue un percorso terapeutico,<\/strong> che le ha fornito un supporto essenziale per gestire le pressioni della carriera e le aspettative del pubblico. \u00ab<strong>Concediti di sbagliare, di essere fragile e insicura. Concediti di non avere il controllo di tutto<\/strong> perch\u00e9 \u00e8 impossibile\u00bb, ha spiegato.<\/p>\n<p>Infine, la showgirl ha affrontato il tema dei social: \u00abCi hanno devastato, raccontano un mondo che non rappresenta la realt\u00e0\u00bb. E tra le anticipazioni sulle prossime puntate, ha confidato <strong>il desiderio di scendere in pista completamente struccata<\/strong>, pronta a mostrarsi cos\u00ec com\u2019\u00e8, senza artifici.<\/p>\n","protected":false},"excerpt":{"rendered":"Martina Colombari ha debuttato a Ballando con le Stelle, accendendo i riflettori su di s\u00e9. Ma \u00e8 nel&hellip;\n","protected":false},"author":3,"featured_media":151206,"comment_status":"","ping_status":"","sticky":false,"template":"","format":"standard","meta":{"footnotes":""},"categories":[1444],"tags":[203,204,1537,90,89,13780,253],"class_list":{"0":"post-151205","1":"post","2":"type-post","3":"status-publish","4":"format-standard","5":"has-post-thumbnail","7":"category-tv","8":"tag-entertainment","9":"tag-intrattenimento","10":"tag-it","11":"tag-italia","12":"tag-italy","13":"tag-martina-colombari","14":"tag-tv"},"share_on_mastodon":{"url":"","error":""},"_links":{"self":[{"href":"https:\/\/www.europesays.com\/it\/wp-json\/wp\/v2\/posts\/151205","targetHints":{"allow":["GET"]}}],"collection":[{"href":"https:\/\/www.europesays.com\/it\/wp-json\/wp\/v2\/posts"}],"about":[{"href":"https:\/\/www.europesays.com\/it\/wp-json\/wp\/v2\/types\/post"}],"author":[{"embeddable":true,"href":"https:\/\/www.europesays.com\/it\/wp-json\/wp\/v2\/users\/3"}],"replies":[{"embeddable":true,"href":"https:\/\/www.europesays.com\/it\/wp-json\/wp\/v2\/comments?post=151205"}],"version-history":[{"count":0,"href":"https:\/\/www.europesays.com\/it\/wp-json\/wp\/v2\/posts\/151205\/revisions"}],"wp:featuredmedia":[{"embeddable":true,"href":"https:\/\/www.europesays.com\/it\/wp-json\/wp\/v2\/media\/151206"}],"wp:attachment":[{"href":"https:\/\/www.europesays.com\/it\/wp-json\/wp\/v2\/media?parent=151205"}],"wp:term":[{"taxonomy":"category","embeddable":true,"href":"https:\/\/www.europesays.com\/it\/wp-json\/wp\/v2\/categories?post=151205"},{"taxonomy":"post_tag","embeddable":true,"href":"https:\/\/www.europesays.com\/it\/wp-json\/wp\/v2\/tags?post=151205"}],"curies":[{"name":"wp","href":"https:\/\/api.w.org\/{rel}","templated":true}]}}