{"id":151239,"date":"2025-10-07T10:00:12","date_gmt":"2025-10-07T10:00:12","guid":{"rendered":"https:\/\/www.europesays.com\/it\/151239\/"},"modified":"2025-10-07T10:00:12","modified_gmt":"2025-10-07T10:00:12","slug":"ryanair-lancia-la-nuova-offerta-autunnale-2025-su-voli-in-tutta-europa","status":"publish","type":"post","link":"https:\/\/www.europesays.com\/it\/151239\/","title":{"rendered":"Ryanair lancia la nuova offerta autunnale 2025 su voli in tutta Europa"},"content":{"rendered":"<p>L\u2019autunno \u00e8 arrivato, ma chi ha detto che \u00e8 tempo di restare a casa? Le giornate si accorciano, l\u2019aria si fa pi\u00f9 frizzante e <strong>l\u2019Europa si colora di tonalit\u00e0 calde e romantiche<\/strong>: il momento perfetto per concedersi una fuga tra arte, cultura e panorami da cartolina. \u00c8 la stagione in cui <strong>le citt\u00e0 storiche si accendono di fascino\u00a0<\/strong>e\u00a0le destinazioni pi\u00f9 amate ritrovano la loro autenticit\u00e0, lontano dalla folla estiva.<\/p>\n<p>E c\u2019\u00e8 una buona notizia per chi ha voglia di partire: <strong>Ryanair<\/strong> ha appena lanciato una <strong>nuova offerta flash autunnale<\/strong> irresistibile. Prenotando <strong>entro l\u20198 ottobre 2025<\/strong>, potrete volare tra il 9 ottobre e il 18 dicembre 2025 con tariffe <strong>a partire da 16,99 euro<\/strong>.<\/p>\n<p>Noi di SiViaggia abbiamo selezionato tre destinazioni perfette per vivere la magia dell\u2019autunno europeo, trovando anche offerte ancora pi\u00f9 vantaggiose con <strong>voli a partire da 14,99 euro<\/strong>.<\/p>\n<p>\t\t<strong class=\"gated_banner_title\">Vuoi continuare a leggere?<\/strong><\/p>\n<p class=\"gated_banner_subtitle\">Iscriviti e avrai accesso completo a tutti i nostri contenuti.<\/p>\n<p>\n\t\t\tIscriviti\n        <\/p>\n<p>\n\t\t\t\tHai gi\u00e0 un profilo su SiViaggia?<br \/>\n\t\t\t\t\t\t\t\tAccedi<\/p>\n<p>\t\tDa Rimini a Vienna<\/p>\n<p>Che ne dite di un weekend tra eleganza imperiale e giardini immersi nelle atmosfere autunnali? <a href=\"https:\/\/siviaggia.it\/destinazioni\/europa\/austria\/vienna\/\" rel=\"nofollow noopener\" target=\"_blank\">Vienna<\/a> vi aspetta con tanti\u00a0parchi che, in questo periodo dell&#8217;anno, sono perfetti per una passeggiata dalle tinte dorate come\u00a0<b>Stadtpark<\/b>, l&#8217;<b>Augarten\u00a0<\/b>e l&#8217;immancabile\u00a0<b>Sch\u00f6nbrunn<\/b>. E se dovesse piovere, non preoccupatevi: la capitale austriaca ha diversi musei in cui rifugiarsi. Dovendo sceglierne solo uno, vi consigliamo il <strong>Belvedere<\/strong>, ospitato in un maestoso castello barocco, che custodisce al suo interno le pi\u00f9 <strong>famose opere di Gustav Klimt<\/strong>.<\/p>\n<p>E, se capitate durante i <strong>giorni di Halloween<\/strong>, raggiungete il <strong>Prater<\/strong>, il luna park pi\u00f9 antico d&#8217;Europa, per divertirvi tra zombie, streghe e atmosfere da brivido!<\/p>\n<p>Da Milano Bergamo a Liverpool<\/p>\n<p>Gli appassionati della musica sanno che le giuste\u00a0vibrazioni sono capaci di scaldare anche le giornate pi\u00f9 grigie. Ecco perch\u00e9 anche <a href=\"https:\/\/siviaggia.it\/notizie\/video\/liverpool-eurovision-citta-beatles\/402724\/\" rel=\"nofollow noopener\" target=\"_blank\">Liverpool<\/a> \u00e8 la meta ideale da raggiungere in autunno! In citt\u00e0 c&#8217;\u00e8 musica per tutti i gusti perch\u00e9 la scena \u00e8 vivace e spazia dalle band indie agli artisti jazz, toccando hip hop, blues, dance, house, rock, metal e musica classica.<\/p>\n<p>Oltre ai concerti, da inserire nell&#8217;itinerario ci sono tante attivit\u00e0 che vi faranno innamorare della <a href=\"https:\/\/siviaggia.it\/varie\/viaggio-orme-beatles\/371561\/\" rel=\"nofollow noopener\" target=\"_blank\">citt\u00e0 dei Beatles<\/a>.\u00a0Attraversate il <strong>Mersey in traghetto<\/strong>, godendovi la migliore vista su Liverpool, e visitate il <strong>Beatles Museum<\/strong>, il <strong>The Beatles Story<\/strong> e, naturalmente, non perdetevi i cancelli e il centro visitatori di <strong>Strawberry Field<\/strong>. Potete raggiungere tutti questi luoghi con il <strong>Magical Mystery Tour<\/strong>!<\/p>\n<p>Infine, non dimenticate di fare un salto al <strong>Baltic Market<\/strong>, dove troverete\u00a0una vasta selezione di banchi di <strong>street food locali e indipendenti<\/strong>.<\/p>\n<p>Da Cagliari a Palma<\/p>\n<p>Preferite immergervi nelle <strong>atmosfere mediterranee<\/strong> anche in autunno? Approfittate della nuova offerta lampo di Ryanair per raggiungere <strong>Palma\u00a0<\/strong>con voli a partire <strong>da 14,99 euro<\/strong>. In questo periodo dell&#8217;anno, la calura estiva lascia il posto a un <strong>clima mite e piacevole<\/strong>, perfetto per vivere la capitale delle Baleari all&#8217;aperto, esplorando le sue bellezze culturali e lasciandovi incantare dalle sue vie.<\/p>\n<p>L&#8217;autunno segna anche il <strong>tempo della vendemmia<\/strong> sull&#8217;isola: se siete amanti del vino, questo \u00e8 il momento giusto per contattare i vigneti locali e prenotare una degustazione. Inoltre, durante le belle giornate, i pi\u00f9 temerari potranno ancora nuotare e praticare sport acquatici!<\/p>\n","protected":false},"excerpt":{"rendered":"L\u2019autunno \u00e8 arrivato, ma chi ha detto che \u00e8 tempo di restare a casa? Le giornate si accorciano,&hellip;\n","protected":false},"author":3,"featured_media":151240,"comment_status":"","ping_status":"","sticky":false,"template":"","format":"standard","meta":{"footnotes":""},"categories":[172],"tags":[178,5854,177,5856,183,3085,1537,90,89,5857,15,5859],"class_list":{"0":"post-151239","1":"post","2":"type-post","3":"status-publish","4":"format-standard","5":"has-post-thumbnail","7":"category-affari","8":"tag-affari","9":"tag-autunno","10":"tag-business","11":"tag-citta-darte","12":"tag-compagnie-aeree","13":"tag-europa","14":"tag-it","15":"tag-italia","16":"tag-italy","17":"tag-itinerari-culturali","18":"tag-notizie","19":"tag-viaggi-relax"},"share_on_mastodon":{"url":"","error":""},"_links":{"self":[{"href":"https:\/\/www.europesays.com\/it\/wp-json\/wp\/v2\/posts\/151239","targetHints":{"allow":["GET"]}}],"collection":[{"href":"https:\/\/www.europesays.com\/it\/wp-json\/wp\/v2\/posts"}],"about":[{"href":"https:\/\/www.europesays.com\/it\/wp-json\/wp\/v2\/types\/post"}],"author":[{"embeddable":true,"href":"https:\/\/www.europesays.com\/it\/wp-json\/wp\/v2\/users\/3"}],"replies":[{"embeddable":true,"href":"https:\/\/www.europesays.com\/it\/wp-json\/wp\/v2\/comments?post=151239"}],"version-history":[{"count":0,"href":"https:\/\/www.europesays.com\/it\/wp-json\/wp\/v2\/posts\/151239\/revisions"}],"wp:featuredmedia":[{"embeddable":true,"href":"https:\/\/www.europesays.com\/it\/wp-json\/wp\/v2\/media\/151240"}],"wp:attachment":[{"href":"https:\/\/www.europesays.com\/it\/wp-json\/wp\/v2\/media?parent=151239"}],"wp:term":[{"taxonomy":"category","embeddable":true,"href":"https:\/\/www.europesays.com\/it\/wp-json\/wp\/v2\/categories?post=151239"},{"taxonomy":"post_tag","embeddable":true,"href":"https:\/\/www.europesays.com\/it\/wp-json\/wp\/v2\/tags?post=151239"}],"curies":[{"name":"wp","href":"https:\/\/api.w.org\/{rel}","templated":true}]}}