{"id":151257,"date":"2025-10-07T10:14:13","date_gmt":"2025-10-07T10:14:13","guid":{"rendered":"https:\/\/www.europesays.com\/it\/151257\/"},"modified":"2025-10-07T10:14:13","modified_gmt":"2025-10-07T10:14:13","slug":"come-max-verstappen-potrebbe-vincere-il-mondiale-2025","status":"publish","type":"post","link":"https:\/\/www.europesays.com\/it\/151257\/","title":{"rendered":"come Max Verstappen potrebbe vincere il Mondiale 2025"},"content":{"rendered":"<p>Siamo ormai entrati <a class=\"inline-paragraph__link\" title=\"nella seconda parte della stagione 2025\" href=\"https:\/\/www.redbull.com\/it-it\/calendario-f1-2025\" rel=\"nofollow noopener\" target=\"_blank\">nella seconda parte della stagione 2025<\/a> di Formula 1. Con 6 Gran Premi &#8211; e tre Sprint Race &#8211; ancora da disputare, la seconda met\u00e0 di questo Campionato del Mondo di F1 \u00e8 decisamente entrata nel vivo. Con il titolo costruttori gi\u00e0 matematicamente assegnato alla McLaren, che nel fine settimana di Singapore ha conquistato il 10\u00b0 Mondiale Costruttori della sua storia, i giochi restano ancora aperti solo per il titolo piloti. Quello che <a class=\"inline-paragraph__link\" title=\"Max Verstappen,\" href=\"https:\/\/www.redbull.com\/it-it\/athlete\/max-verstappen-news-e-informazioni-su-verstappen\" rel=\"nofollow noopener\" target=\"_blank\">Max Verstappen,<\/a> alla guida della sua Red\u00a0Bull RB21, punta a ottenere per la quinta volta in carriera.<\/p>\n<p>01<\/p>\n<p>Max dovrebbe continuare a sfruttare l&#8217;ottimo momento di forma suo e della RB21<a class=\"inline-image__link\" href=\"https:\/\/img.redbull.com\/images\/q_auto,f_auto\/redbullcom\/2025\/10\/3\/ygobrpm9utmiw9hlvmrf\/verstappen-win-baku-f1\" title=\"Festeggiamenti per un&#039;altra vittoria a Baku\" rel=\"nofollow noopener\" target=\"_blank\"><img decoding=\"async\" class=\"image-view__content\" src=\"data:image\/webp;base64,UklGRvYCAABXRUJQVlA4IOoCAADQFQCdASpkAEMAP1mUvVeyKiYjrbiNmkArCUAZyT\/9UIy1xBWVMntu\/CTOHtQtFvD2f\/\/Y5uXNV9Qk+\/bku6QwVLRYfnnZO9mD7DLrE60zkXKLYKkw0\/39AxA9vJe7Dw5\/QTQMHiPpAx7hOhlAsOQKNJn2QlcWSwA6cO7nFuLIFPac84vyon3pXuXS84BM5EGRthxDYPO9qGgF+eZ6xNXXVF22Y3A7MdaVXrVI8MDCCJVN1cec4oAA\/ujy1Vy3wareb4EN26W5ZLq5DkHTaFKYk0ZQefDr2XKPipoX3bwe\/0cHnolggk7Qtv1ZkgDPt392C9D4fyeMlLOg94nCxBQerpLc1aDg1\/TPdrwuU1ONTmmiI1Rfb4khLIFMCFaliKa3i+QdH4fNXTIXwWPz3qyWkHpfTsoizjsXXjZUetoRR6YjAfpVdLQihVNKY2DsU4F0AQqPW7THHBftsnujCwOatq8aCAQE9\/nWLEROg9h2tWBUvMu+SyYnF4VwyKNSRBcQeoxF1H+sLYIjKbhyiy\/UrWqZq\/m+T1fxNLqnDIf2Oew\/Dh\/5eNhEI32TpZq31jFfgplX2U\/ridcJOspuw5tlOSR8VBw3KsGiFlaiGYvXiwy1mMXByC9czn\/Wpe7YY7Wh\/8i32ZNdzt4yeEq1Bl4z0y9esN0zI0uRH1tAMhLKcpnb4fzK3+L4bXrJLmS\/Ad7f8N1CkM0Ul4lRey2ijYsjjUrQ+fbEV6cmpT6IR9AncOB7t5AUWh37CONB1LYshHtxU0CQgpqCQ3MvolwQ7kF7wKXBXKrB9DZlyYVsUFYTL5vWtWYql1d98W03mboXHd3njR4\/PhWRX7aiQc1tbz7R2RTjWZ80R1uWLFnwwF91n4FcuX8QAMwvDFijaqNWwadfDbW5V2wUYXquR0RzArKcs8zeDbnup2b0PHRxDR2WGYUVQ6Q43Oj1R7F0mZYEU86EpV3RuHtqAi6\/0pT4sWQKERs9tgtGzMAAAA==\" alt=\"Festeggiamenti per un'altra vittoria a Baku\" title=\"Festeggiamenti per un'altra vittoria a Baku\" data-id=\"rrn:content:images:b479dc9b-1bf6-4d95-9063-eff486e80638:it-IT\" data-preview-src=\"https:\/\/www.europesays.com\/it\/wp-content\/uploads\/2025\/10\/verstappen-win-baku-f1.webp\"\/><\/a><\/p>\n<p class=\"cosmos-text cosmos-text--spacing-none cosmos-text--kind-normal cosmos-text--weight-regular cosmos-text--appearance-dark cosmos-text--size-xx-small@small cosmos-text--size-small@large sc-cosmos-text-11-0-2 sc-cosmos-text-11-0-2-s\" part=\"base\">Festeggiamenti per un&#8217;altra vittoria a Baku<\/p>\n<p class=\"cosmos-text cosmos-text--spacing-none cosmos-text--kind-subtle cosmos-text--weight-regular cosmos-text--appearance-dark cosmos-text--size-xx-small sc-cosmos-text-11-0-2 sc-cosmos-text-11-0-2-s\" part=\"base\">\u00a9 Sam Bagnall\/Sutton Images\/Getty Images\/Red\u00a0Bull Content Pool <\/p>\n<p>Dopo essere arrivato secondo nel Gran Premio d&#8217;Olanda nella prima gara dopo la pausa, Max ha letteralmente dominato le due gare successive. Al successo ottenuto a Monza ha fatto seguito quello centrato a Baku, dove l&#8217;olandese ha addirittura conquistato il 6\u00b0 Grande Slam della sua carriera. Forte di uno svantaggio in classifica ridotto a 69 punti, Verstappen si \u00e8 presentato alla vigilia del Singapore con il chiaro intento di mantenere aperto qualsiasi discorso iridato. Tra i muretti di Marina Bay, dove l&#8217;olandese e la monoposto di Milton Keynes non hanno mai brillato particolarmente nel corso delle ultime stagioni, il #1 \u00e8 riuscito a mettersi dietro entrambe le McLaren rosicchiando cos\u00ec qualche altro punticino su Oscar Piastri e Lando Norris. <\/p>\n<p>Con 63 punti di distacco nei confronti dell&#8217;australiano della McLaren, Max Verstappen \u00e8 consapevole di essere chiamato a un&#8217;impresa tutt&#8217;altro che facile. Per sua fortuna, il #1 potr\u00e0 contare sul supporto di una fida alleata: la Red\u00a0Bull RB21, tornata a essere in grandissimo spolvero grazie ai recenti pacchetti di aggiornamenti aerodinamici introdotti a Monza e a Singapore, permette infatti a Verstappen di mantenere vive le speranze di titolo. Il vantaggio prestazionale delle McLaren MCL39 sulla concorrenza sembra essersi assottigliato dall&#8217;inizio dell&#8217;anno, e non solo Red\u00a0Bull ma anche Mercedes pare abbiano guadagnato terreno nei confronti delle monoposto di Woking. Per Max Verstappen questo potr\u00e0 essere un ulteriore vantaggio: inserire tra s\u00e9 e le due McLaren altre auto &#8211; come le W16 di George Russell e Andrea Kimi Antonelli, per esempio &#8211; potrebbe consentirgli di avvicinarsi alla coppia di testa con maggiore rapidit\u00e0. <\/p>\n<p><a class=\"inline-image__link\" href=\"https:\/\/img.redbull.com\/images\/q_auto,f_auto\/redbullcom\/2025\/10\/3\/b3qypuaypbg2bzwqwtbn\/max-verstappen-f1-baku\" title=\"Verstappen potrebbe ancora conquistare il 5\u00b0 titolo mondiale\" rel=\"nofollow noopener\" target=\"_blank\"><img decoding=\"async\" class=\"image-view__content\" src=\"data:image\/webp;base64,UklGRpQCAABXRUJQVlA4IIgCAACQEwCdASpkAEcAP1mgw1syK6ckKvK70kArCUAZzZxx\/zv\/APS9wP8UTD\/R9obOvXoLY5bcobbht56ootlzl4XBzxE7yWb+YkQA0VDmbbKF9yc4VADpb1CN9JAmYRYoLvaV8zahQ0PyKdJZe07cF8Iu3GH9tRE4sQG\/zoWkaO+KVffCwb2MEu\/LMVmVQQ9fq6JGG7DhaI99g3ZMEbh\/JJYq3iUZqAAA\/RxVMWw5F\/yEqRk4Dg0IyqApOT9u5OBeKsTzXITrgxe5ZReYyfdAbsfkUmu\/Om0epSAj27mIHEes9Wy9GokeUslMK9noj0MMTGEGklaIXkN252JSTMAHJeTYGVEmlm\/VPqjX405Vb4daOs33pHL6oI\/1h6T3EyGwFgmiezw6grMkbCzmiEu+9jCyqilmTL1oqEprmF3F4zwTvWP4RMUveFT8Lc3FqXbQgdmoqkx\/aqqCvGQaRUFY1fLLYuiXTDrhhOXLm14cm4HL5\/Q3NukrBARdrZ3rljCaii+MX31mfOueu+pGOewaBh6HPLdJvnyiCPsz\/MDyJuOguC1GaPTc3p\/WISgTnD4+EG+HAGjfr8UuRkiqJXSZSqPG9N7mqHLXQ9WHTYRui++A40XA7riva16jUWLerI0YO8FDYS9fiO62Lm0N4RrrOWvi35namGBLiGULcyBPOf14xc+Ltz+LIFWIV94UatktnYXoV+gA5hlWWxL\/APld0snYLxgZH\/R8mGcEfCTSaHtlmfhJYIOzwyZW+ME8oLuuaKkIK7YBb138EBg2Lt\/B513+00NKWpW3IX6T6I+2E5mQ24mitVSCYY058rrngT+8ueEK76KDCLYIS9wJ+DHpLTlgY+fo9x3mAAA=\" alt=\"Verstappen potrebbe ancora conquistare il 5\u00b0 titolo mondiale\" title=\"Verstappen potrebbe ancora conquistare il 5\u00b0 titolo mondiale\" data-id=\"rrn:content:images:a01814f7-cf3b-47d6-bb39-0f2203829b1c:it-IT\" data-preview-src=\"https:\/\/www.europesays.com\/it\/wp-content\/uploads\/2025\/10\/max-verstappen-f1-baku.webp\"\/><\/a><\/p>\n<p class=\"cosmos-text cosmos-text--spacing-none cosmos-text--kind-normal cosmos-text--weight-regular cosmos-text--appearance-dark cosmos-text--size-xx-small@small cosmos-text--size-small@large sc-cosmos-text-11-0-2 sc-cosmos-text-11-0-2-s\" part=\"base\">Verstappen potrebbe ancora conquistare il 5\u00b0 titolo mondiale<\/p>\n<p class=\"cosmos-text cosmos-text--spacing-none cosmos-text--kind-subtle cosmos-text--weight-regular cosmos-text--appearance-dark cosmos-text--size-xx-small sc-cosmos-text-11-0-2 sc-cosmos-text-11-0-2-s\" part=\"base\">\u00a9 Simon Galloway\/LAT Images\/Getty Images\/Red\u00a0Bull Content Pool <\/p>\n<p>02<\/p>\n<p>Cosa abbiamo imparato dall&#8217;avventura di Max in GT3<\/p>\n<p>Nelle ultime settimane Max Verstappen si \u00e8 dedicato anche a gare diverse dai Gran Premi di Formula 1. L&#8217;olandese, in coppia con Chris Lulham, tra i GP di Azerbaijan e Singapore ha infatti corso &#8211; e vinto &#8211; una gara NLS al N\u00fcrburgring Nordschleife al volante di una Ferrari 296 GT3. <\/p>\n<p>Il successo ottenuto tra le curve dell&#8217;inferno verde non fa che sottolineare l&#8217;ottimo stato di forma dell&#8217;olandese in questo momento, ed \u00e8 certamente un buon segno in vista di un finale di stagione che si preannuncia particolarmente intenso e combattuto. <\/p>\n<p>Verstappen, che per avere concrete chance di vittoria dovr\u00e0 guadagnare in media oltre 10 punti a weekend di gara nei confronti di Oscar Piastri, continuer\u00e0 a spingere al massimo fino all&#8217;ultimo giro del Gran Premio di Abu Dhabi nel tentativo di conquistare il suo quinto titolo mondiale consecutivo.<\/p>\n<p>03<\/p>\n<p>I prossimi appuntamenti della Formula 1<a class=\"inline-image__link\" href=\"https:\/\/img.redbull.com\/images\/q_auto,f_auto\/redbullcom\/2025\/10\/3\/mtg8j9jvj9se2ssmepxg\/max-verstappen-singapore-paddock\" title=\"Verstappen arriva nel paddock di Singapore\" rel=\"nofollow noopener\" target=\"_blank\"><img decoding=\"async\" class=\"image-view__content\" src=\"data:image\/webp;base64,UklGRvYCAABXRUJQVlA4IOoCAAAQFQCdASpkAEMAP1mYvleyKqYkr5PNwkArCWYAxCQjGAROMFAPQdZP7xGReKpwnFPas00AiiftjIsiXLCWJVttdgQZq2IELV3uiowdveTnM6dyzpvtZU5qYEWcR2RWLdcgfsPEPJxuOKBOqmT+kWO7USVltK2zXErJ+P0P5uWihEJTZaIAYIRZnlC5pBxKbgc2EX7oDFH9oMrcISjAWFuPAClnm85QPuteWwboZfB24AAA\/rppStF9SQnml\/NnpF2jRGGtxMay+\/Y2JX3yONUeIRXnAMYWS1Bn3gnLQkEgOHN6uqKlIyAMZ9eJ9XVs4DA7M3VtGKilrEG6P4DJt6Ij9KX3CsLNFsDkTicp7nHRNwld4ChIJf4iRBZQ6sZRKtKAoW+HYvMUuoCPuXI7SAdS\/CciyY051DZcXomDMY6e66mzTpTEQwt4DcDcBiT1HnDrK2\/MZ1U2nCg5ZW7fKa5FwZm9NM6HOJVWhavQsVZaS7tVZx3yXy5a1Vffl\/fBFJM\/0K7yspWwlfEOJ25kifK4GH51LzGt4Dof3l2bmUF2BCf0iEi1DN6h7MzQGY6Ec1ZYpfFmPW3QTrwKsx2rzDELKDf3vht2NtmKvik6+GUEAbAsKCB0z5lKi8w4PPxZCn92PfMcuObKpWwO7Tg4fZwVduBevaTR+u3uN7CrHl3M6jLO8nw0WOyE6wc4yHoU3xLo8J3flJAVU6JfPEAozVJE\/7T2Ow3Nc3YycYWTS798CSoNSyPL79qLp2XaC2EYmknbt3SI8odnDUqNb5H\/9FpCBhfqgqhSvPKhsq3bGyD9rmOAPl\/JDSxl+TgwsvScs\/5LyagSMRSJI9CtZVyGeFre5HogwNGuPnHMXzWnHMKeFBNdhR0DHoEVn0RwZiMZzlFeQz0mS0f+pwybjSRq0cm6CnI+VFR+Hx9yl+jYD0wH\/FUIUDysalwm5d4YI9BJjHxYERMG+LJ+dV5KX3xaABQxwY0\/LqWlc8AAAA==\" alt=\"Verstappen arriva nel paddock di Singapore\" title=\"Verstappen arriva nel paddock di Singapore\" data-id=\"rrn:content:images:bfcf7f5f-110f-4e26-b0ca-d69083ed9c87:it-IT\" data-preview-src=\"https:\/\/www.europesays.com\/it\/wp-content\/uploads\/2025\/10\/max-verstappen-singapore-paddock.webp\"\/><\/a><\/p>\n<p class=\"cosmos-text cosmos-text--spacing-none cosmos-text--kind-normal cosmos-text--weight-regular cosmos-text--appearance-dark cosmos-text--size-xx-small@small cosmos-text--size-small@large sc-cosmos-text-11-0-2 sc-cosmos-text-11-0-2-s\" part=\"base\">Verstappen arriva nel paddock di Singapore<\/p>\n<p class=\"cosmos-text cosmos-text--spacing-none cosmos-text--kind-subtle cosmos-text--weight-regular cosmos-text--appearance-dark cosmos-text--size-xx-small sc-cosmos-text-11-0-2 sc-cosmos-text-11-0-2-s\" part=\"base\">\u00a9 Mark Thompson\/Getty Images<\/p>\n<p>La Formula 1 si prepara ad affrontare ora una serie di trasferte ben lontane dall&#8217;Europa. Il Circus far\u00e0 prima tappa nel continente americano, per poi tornare in Medio Oriente in occasione degli ultimi due appuntamenti stagionali. Ecco quando e dove si correranno gli ultimi 6 fine settimana di gara del Campionato del Mondo 2025 di F1.<\/p>\n<ul class=\"inline-enumeration inline-enumeration--bullet\">\n<li class=\"inline-enumeration__item\">\n<p>Gran Premio degli Stati Uniti | 17-19 ottobre | weekend Sprint<\/p>\n<\/li>\n<li class=\"inline-enumeration__item\">\n<p>Gran Premio del Messico | 24-26 ottobre<\/p>\n<\/li>\n<li class=\"inline-enumeration__item\">\n<p>Gran Premio del Brasile |  07-09 novembre | weekend Sprint<\/p>\n<\/li>\n<li class=\"inline-enumeration__item\">\n<p>Gran Premio di Las Vegas | 21-23 novembre<\/p>\n<\/li>\n<li class=\"inline-enumeration__item\">\n<p>Gran Premio del Qatar | 28-30 novembre | weekend Sprint<\/p>\n<\/li>\n<li class=\"inline-enumeration__item\">\n<p>Gran Premio di Abu Dhabi | 5-7 dicembre<\/p>\n<\/li>\n<\/ul>\n<p>04<\/p>\n<p>La classifica del Campionato Piloti dopo il GP Singapore<\/p>\n<p>Dopo il Gran Premio di Singapore, la top five del campionato piloti \u00e8 la seguente:<\/p>\n<ol class=\"inline-enumeration inline-enumeration--numeric\">\n<li class=\"inline-enumeration__item\">\n<p>Oscar Piastri &#8211; McLaren &#8211; 336 punti<\/p>\n<\/li>\n<li class=\"inline-enumeration__item\">\n<p>Lando Norris &#8211; Mclaren &#8211; 314 punti<\/p>\n<\/li>\n<li class=\"inline-enumeration__item\">\n<p>Max Verstappen &#8211; Red\u00a0Bull &#8211; 273 punti<\/p>\n<\/li>\n<li class=\"inline-enumeration__item\">\n<p>George Russell &#8211; Mercedes &#8211; 237 punti<\/p>\n<\/li>\n<li class=\"inline-enumeration__item\">\n<p>Charles Leclerc &#8211; Ferrari &#8211; 173 punti<\/p>\n<\/li>\n<\/ol>\n<p class=\"cosmos-text cosmos-text--spacing-none cosmos-text--kind-normal cosmos-text--weight-medium cosmos-text--appearance-dark cosmos-text--size-x-small sc-cosmos-text-11-0-2 sc-cosmos-text-11-0-2-s\" part=\"base\">Parte di questa storia<\/p>\n<p><a class=\"part-of-this-story-card part-of-this-story-card--large\" href=\"https:\/\/www.redbull.com\/it-it\/athlete\/max-verstappen-news-e-informazioni-su-verstappen\" rel=\"nofollow noopener\" target=\"_blank\"><img decoding=\"async\" src=\"https:\/\/www.europesays.com\/it\/wp-content\/uploads\/2025\/10\/max-verstappen-profile-pic.jpeg\" class=\"plain-image-view plain-image-view--small-images\" alt=\"\" title=\"Max Verstappen Profile Pic\" data-id=\"rrn:content:images:225c9231-48e4-4382-8d21-33803edae119:en-INT\" loading=\"lazy\"\/>Max VerstappenKarting, F3 e F1, Max Verstappen ha la capacit\u00e0 di andare a prendersi qualsiasi cosa vedano i suoi occhi.<\/a><\/p>\n","protected":false},"excerpt":{"rendered":"Siamo ormai entrati nella seconda parte della stagione 2025 di Formula 1. Con 6 Gran Premi &#8211; e&hellip;\n","protected":false},"author":3,"featured_media":151258,"comment_status":"","ping_status":"","sticky":false,"template":"","format":"standard","meta":{"footnotes":""},"categories":[1454],"tags":[1770,683,1771,1537,90,89,245,244],"class_list":{"0":"post-151257","1":"post","2":"type-post","3":"status-publish","4":"format-standard","5":"has-post-thumbnail","7":"category-f1","8":"tag-f1","9":"tag-formula-1","10":"tag-formula1","11":"tag-it","12":"tag-italia","13":"tag-italy","14":"tag-sport","15":"tag-sports"},"share_on_mastodon":{"url":"","error":""},"_links":{"self":[{"href":"https:\/\/www.europesays.com\/it\/wp-json\/wp\/v2\/posts\/151257","targetHints":{"allow":["GET"]}}],"collection":[{"href":"https:\/\/www.europesays.com\/it\/wp-json\/wp\/v2\/posts"}],"about":[{"href":"https:\/\/www.europesays.com\/it\/wp-json\/wp\/v2\/types\/post"}],"author":[{"embeddable":true,"href":"https:\/\/www.europesays.com\/it\/wp-json\/wp\/v2\/users\/3"}],"replies":[{"embeddable":true,"href":"https:\/\/www.europesays.com\/it\/wp-json\/wp\/v2\/comments?post=151257"}],"version-history":[{"count":0,"href":"https:\/\/www.europesays.com\/it\/wp-json\/wp\/v2\/posts\/151257\/revisions"}],"wp:featuredmedia":[{"embeddable":true,"href":"https:\/\/www.europesays.com\/it\/wp-json\/wp\/v2\/media\/151258"}],"wp:attachment":[{"href":"https:\/\/www.europesays.com\/it\/wp-json\/wp\/v2\/media?parent=151257"}],"wp:term":[{"taxonomy":"category","embeddable":true,"href":"https:\/\/www.europesays.com\/it\/wp-json\/wp\/v2\/categories?post=151257"},{"taxonomy":"post_tag","embeddable":true,"href":"https:\/\/www.europesays.com\/it\/wp-json\/wp\/v2\/tags?post=151257"}],"curies":[{"name":"wp","href":"https:\/\/api.w.org\/{rel}","templated":true}]}}