{"id":151261,"date":"2025-10-07T10:19:13","date_gmt":"2025-10-07T10:19:13","guid":{"rendered":"https:\/\/www.europesays.com\/it\/151261\/"},"modified":"2025-10-07T10:19:13","modified_gmt":"2025-10-07T10:19:13","slug":"dai-libri-ai-luoghi-laccessibilita-moltiplica-i-mondi","status":"publish","type":"post","link":"https:\/\/www.europesays.com\/it\/151261\/","title":{"rendered":"Dai libri ai luoghi, l\u2019accessibilit\u00e0 moltiplica i mondi"},"content":{"rendered":"<p>L\u2019hanno intitolata \u201c<strong>Moltiplicare mondi. Tanti, possibili, accessibili: i libri per il diritto alla lettura\u201d<\/strong>. \u00c8 una giornata intera dedicata alla lettura per tutti ed \u00e8 stata organizzata dal Centro documentazione handicap e dalla cooperativa Accaparlante, entrambe realt\u00e0 bolognesi. <\/p>\n<p>Il diritto alla lettura<\/p>\n<p>Ma l\u2019accessibilit\u00e0 di cui si parla non \u00e8 solo quella legata al modo in cui vengono realizzati i volumi, ma \u00ab\u00e8 il diritto alla lettura per tutte le persone\u00bb, specifica <strong>Giovanna Di Pasquale<\/strong> pedagogista e presidente della cooperativa Accaparlante.<\/p>\n<p>E in effetti <strong>sabato 11 ottobre<\/strong>, alla Biblioteca Salaborsa di Bologna (dettagli in <a href=\"https:\/\/www.vita.it\/agenda\/moltiplicare-mondi-tanti-possibili-accessibili-i-libri-per-il-diritto-alla-lettura\/\" rel=\"nofollow noopener\" target=\"_blank\">agenda online<\/a>) la giornata rivolta a insegnanti, bibliotecari, educatori, operatori socio-sanitari, famiglie e appassionati vuole essere un <strong>momento di incontro e approfondimento sui libri accessibili<\/strong>. L\u2019evento vede la collaborazione con il settore Biblioteche e Welfare culturale del Comune di Bologna nell\u2019ambito del Patto per la lettura della citt\u00e0.<\/p>\n<p>Volumi nati per rispondere a bisogni specifici e che oggi sono entrati a pieno titolo nel mondo dell\u2019editoria dell\u2019infanzia. \u00abUna giornata a due facce in cui presentiamo da una parte lo stato dell\u2019arte del diritto alla lettura e dall\u2019altra presentiamo proposte concrete per le persone tutte che guardano al futuro\u00bb, continua Di Pasquale.<\/p>\n<p>Dai simboli all\u2019accessibilit\u00e0<\/p>\n<p>Oggi, infatti, i libri accessibili non sono solo quelli per le persone con disabilit\u00e0, ma anche quelli ad esempio realizzati per chi ha bisogno di simboli, come i <strong>bambini piccoli in et\u00e0 prescolare \u00abo i non madrelingua italiana.<\/strong> In questi ultimi dieci anni si sono moltiplicate le possibilit\u00e0 e si \u00e8 diffusa la coscienza che <strong>non \u00e8 una cosa speciale. <\/strong>Parliamo di libri accessibili per tutti perch\u00e9 lavorano su pi\u00f9 codici\u00bb, continua la presidente.<\/p>\n<p><img loading=\"lazy\" decoding=\"async\" width=\"666\" height=\"656\" alt=\"\" class=\"wp-image-499237 lazyload\"  src=\"https:\/\/www.europesays.com\/it\/wp-content\/uploads\/2025\/10\/Elisa-Rossoni.jpg\"  data-eio-rwidth=\"666\" data-eio-rheight=\"656\"\/>Elisa Rossoni, pedagogista e coordinatrice del LudoL\u2019ab di Milano<\/p>\n<p>La mattina del resto sar\u00e0 dedicata a workshop e laboratori che approfondiranno esperienze di utilizzo della <strong>Comunicazione Aumentativa e alternativa \u2013 Caa<\/strong> e dei simboli; dei libri tattili con traduzioni in Lis, ma anche percorsi sensoriali e metodologie progettate per qualsiasi tipologia di disabilit\u00e0.<\/p>\n<p>Anche i luoghi alla prova dell\u2019accessibilit\u00e0<\/p>\n<p>Al di l\u00e0 del libro come oggetto al centro dell\u2019incontro si parler\u00e0 anche di <strong>biblioteche e di luoghi inclusivi.<\/strong> Nel corso della plenaria del pomeriggio, infatti, verr\u00e0 raccontato e restituito il progetto <strong>\u201cBiblioteche per la citt\u00e0, biblioteche per tutti\u201d<\/strong> promosso dal settore Biblioteche e Welfare del Comune di Bologna, vincitore anche del bando \u201cLettura per tutti del Centro per il libro e la lettura \u2013 Cepell. \u00abParliamo di luoghi capaci di accogliere\u00bb, sottolinea ancora Di Pasquale ricordando la presenza dell\u2019architetta Lucia Baracco protagonista di un intervento dedicato ad <strong>ambienti \u201csgrammaticati\u201d.<\/strong><\/p>\n<p>L\u2019incontro pomeridiano in plenaria, condotto da Roberto Parmeggiani, sindaco di Sasso Marconi e scrittore, \u00e8 intitolato <strong>\u201cDai libri alla citt\u00e0, andate e ritorni. Idee, progetti, proposte per annodare i fili della<\/strong><strong> comunit\u00e0 intorno ai libri e alla possibilit\u00e0 di leggere le esperienze e l\u2019ambiente\u201d<\/strong>.<\/p>\n<p>L\u2019accessibilit\u00e0 culturale<\/p>\n<p>All\u2019evento bolognese collaborano anche le edizioni la meridiana, la direttrice Elvira Zaccagnino interviene alla plenaria per raccontare come, a partire dall\u2019esperienza e dalla scelta della casa editrice per l\u2019accessibilit\u00e0 dei libri, si arrivi a parlare di diritti, eguaglianza e cittadinanza. Ricadute che vanno al di l\u00e0 della pura accessibilit\u00e0 culturale. <\/p>\n<p>L\u2019intervento di Zaccagnino, nel pomeriggio \u00e8 intitolato <strong>\u201cScegliere di agire come editore per l\u2019accessibilit\u00e0 culturale\u201d<\/strong>.<\/p>\n<p><img loading=\"lazy\" decoding=\"async\" width=\"800\" height=\"533\" alt=\"\" class=\"wp-image-499239 lazyload\"  src=\"https:\/\/www.europesays.com\/it\/wp-content\/uploads\/2025\/10\/Lalbero-del-riccio-1.jpg\"  data-eio-rwidth=\"800\" data-eio-rheight=\"533\"\/>L\u2019albero del riccio, realizzato nel carcere di Turi<\/p>\n<p>Una delle esperienze che saranno presentate sar\u00e0 quella della realizzazione di un libro tattile con i detenuti del carcere di Turi. Il volume \u00e8 <strong>L\u2019albero del riccio<\/strong> di Antonio Gramsci (che fu detenuto nello stesso carcere) e che viene trasformato in un albo illustrato tattile e multisensoriale. <\/p>\n<p>Oltre il libro<\/p>\n<p>\u00abL\u2019idea dell\u2019intera giornata \u00e8 quella di ampliare lo sguardo andare oltre il libro\u00bb, conclude Di Pasquale che sottolinea: \u00abIl lavoro fatto sui libri contribuisce alle diverse accessibilit\u00e0. Non \u00e8 un caso il titolo scelto per l\u2019evento: \u201cDai libri ai mondi\u201d e la giusta conclusione \u00e8 l\u2019incontro aperto alla citt\u00e0 con Esp\u00e9rance Hakuzwimana, scrittrice di origini ruandesi. I suoi <strong>libri sono ponti inclusivi<\/strong>\u00bb.<\/p>\n<p>Nell\u2019immagine in apertura Elena Corniglia, responsabile del Centro di documentazione e ricerca sul libro Accessibile che interviene in uno dei workshop \u2013 tutte le foto da ufficio stampa<\/p>\n<p>                Nessuno ti regala niente, noi s\u00ec<\/p>\n<p>Hai letto questo articolo liberamente, senza essere bloccato dopo le prime righe. Ti \u00e8 piaciuto? L\u2019hai trovato interessante e utile? Gli articoli online di VITA sono in larga parte accessibili gratuitamente. Ci teniamo sia cos\u00ec per sempre, perch\u00e9 l\u2019informazione \u00e8 un diritto di tutti. E possiamo farlo grazie al supporto di chi si abbona.<\/p>\n","protected":false},"excerpt":{"rendered":"L\u2019hanno intitolata \u201cMoltiplicare mondi. Tanti, possibili, accessibili: i libri per il diritto alla lettura\u201d. \u00c8 una giornata intera&hellip;\n","protected":false},"author":3,"featured_media":151262,"comment_status":"","ping_status":"","sticky":false,"template":"","format":"standard","meta":{"footnotes":""},"categories":[1445],"tags":[33861,586,1608,8766,203,204,1537,90,89,1609],"class_list":{"0":"post-151261","1":"post","2":"type-post","3":"status-publish","4":"format-standard","5":"has-post-thumbnail","7":"category-libri","8":"tag-accessibilita","9":"tag-bologna","10":"tag-books","11":"tag-disabilita","12":"tag-entertainment","13":"tag-intrattenimento","14":"tag-it","15":"tag-italia","16":"tag-italy","17":"tag-libri"},"share_on_mastodon":{"url":"","error":""},"_links":{"self":[{"href":"https:\/\/www.europesays.com\/it\/wp-json\/wp\/v2\/posts\/151261","targetHints":{"allow":["GET"]}}],"collection":[{"href":"https:\/\/www.europesays.com\/it\/wp-json\/wp\/v2\/posts"}],"about":[{"href":"https:\/\/www.europesays.com\/it\/wp-json\/wp\/v2\/types\/post"}],"author":[{"embeddable":true,"href":"https:\/\/www.europesays.com\/it\/wp-json\/wp\/v2\/users\/3"}],"replies":[{"embeddable":true,"href":"https:\/\/www.europesays.com\/it\/wp-json\/wp\/v2\/comments?post=151261"}],"version-history":[{"count":0,"href":"https:\/\/www.europesays.com\/it\/wp-json\/wp\/v2\/posts\/151261\/revisions"}],"wp:featuredmedia":[{"embeddable":true,"href":"https:\/\/www.europesays.com\/it\/wp-json\/wp\/v2\/media\/151262"}],"wp:attachment":[{"href":"https:\/\/www.europesays.com\/it\/wp-json\/wp\/v2\/media?parent=151261"}],"wp:term":[{"taxonomy":"category","embeddable":true,"href":"https:\/\/www.europesays.com\/it\/wp-json\/wp\/v2\/categories?post=151261"},{"taxonomy":"post_tag","embeddable":true,"href":"https:\/\/www.europesays.com\/it\/wp-json\/wp\/v2\/tags?post=151261"}],"curies":[{"name":"wp","href":"https:\/\/api.w.org\/{rel}","templated":true}]}}