{"id":151314,"date":"2025-10-07T11:00:12","date_gmt":"2025-10-07T11:00:12","guid":{"rendered":"https:\/\/www.europesays.com\/it\/151314\/"},"modified":"2025-10-07T11:00:12","modified_gmt":"2025-10-07T11:00:12","slug":"il-rifugio-san-francesco-e-disponibile-ad-accoglierlo-per-scontare-il-residuo-di-pena","status":"publish","type":"post","link":"https:\/\/www.europesays.com\/it\/151314\/","title":{"rendered":"il Rifugio San Francesco \u00e8 disponibile ad accoglierlo per scontare il residuo di pena"},"content":{"rendered":"<p><a href=\"https:\/\/www.ilgazzettino.it\/t\/piazzola-sul-brenta\" rel=\"nofollow noopener\" target=\"_blank\">PIAZZOLA SUL BRENTA<\/a> (<a href=\"https:\/\/www.ilgazzettino.it\/t\/padova\" rel=\"nofollow noopener\" target=\"_blank\">PADOVA<\/a>) &#8211; Il freddo non ha fermato, domenica scorsa, la grande partecipazione alla festa annuale del Rifugio San Francesco a Presina di Piazzola sul Brenta. \u00c8 il ventiduesimo anno di attivit\u00e0 per la quarantina di volontari della Lega nazionale per la difesa del cane &#8211; sezione Alta Padovana, che hanno gi\u00e0 accolto seimila <a href=\"https:\/\/www.ilgazzettino.it\/t\/cani\" rel=\"nofollow noopener\" target=\"_blank\">cani<\/a>, dando una nuova famiglia al 90% di loro. Numerose anche le autorit\u00e0 presenti. Tra il pubblico <a href=\"https:\/\/www.ilgazzettino.it\/t\/massimo-zen\" rel=\"nofollow noopener\" target=\"_blank\">Massimo Zen<\/a>, la guardia giurata graziata dal presidente della Repubblica che sconter\u00e0 tre anni e tre mesi di residuo pena in regime di servizi alternativi alla detenzione. Il Rifugio si era reso disponibile, considerato il grande amore per i cani di Zen che desidera diventare istruttore cinofilo. Lui ha accolto l&#8217;offerta, che dovr\u00e0 essere autorizzata dall&#8217;autorit\u00e0 di vigilanza, la quale si esprimer\u00e0 gioved\u00ec. Zen era con la compagna Franca Berto, che in un breve intervento ha ripercorso quanto vissuto, ribadendo l&#8217;importanza delle misure alternative alla carcerazione. Il <a href=\"https:\/\/www.ilgazzettino.it\/t\/canile\" rel=\"nofollow noopener\" target=\"_blank\">canile<\/a> ha ospitato, con ottimi risultati, una decina di persone con questo tipo di misura.<\/p>\n<p>    &#13;<\/p>\n<p>APPROFONDIMENTI<\/p>\n<p>&#13;<br \/>\n        &#13;<\/p>\n<p>La festa <\/p>\n<p>Sempre particolare la messa, celebrata da don Alessio Graziani, con la tradizionale benedizione degli animali, molti dei quali portati da casa. Presente Eric Pasqualon, presidente del Comitato dei sindaci del Distretto 4 Alta Padovana. \u00abOgni Comune del Distretto 4 contribuisce al mantenimento del Rifugio e dei servizi sanitari veterinari, perch\u00e9 la cura e la tutela degli animali d&#8217;affezione sono parte integrante del benessere della nostra comunit\u00e0 &#8211; ha dichiarato Pasqualon, sindaco di Carmignano di Brenta -. Grazie alla convenzione tra l&#8217;Ulss 6 Euganea e i Comuni del Distretto, ogni municipalit\u00e0 destina al canile una quota di 0,75 euro per abitante, in aumento rispetto ai precedenti 0,64 euro. L&#8217;accordo, approvato all&#8217;unanimit\u00e0 dal Comitato dei sindaci il 20 dicembre 2024, garantisce il proseguimento delle attivit\u00e0 di accoglienza, assistenza sanitaria e adozione per gli animali randagi del territorio\u00bb.<br \/>L&#8217;Ulss 6 Euganea, con il Dipartimento Servizio veterinario di igiene urbana diretto da Aldo Costa, assicura la vigilanza sanitaria e offre servizi come l&#8217;assistenza veterinaria ambulatoriale, il consultorio zooantropologico e il canile sanitario. Pasqualon ha ringraziato il responsabile della struttura Giovanni Tonelotto, assente per un&#8217;indisposizione. La moglie, Rosa Merola, anche lei impegnata al canile, ha sottolineato: \u00abIl Rifugio continua a crescere e si conferma modello di collaborazione tra istituzioni, sanit\u00e0 pubblica e volontariato: un esempio concreto di come l&#8217;impegno collettivo possa tradursi in cura, accoglienza e speranza\u00bb.<\/p>\n","protected":false},"excerpt":{"rendered":"PIAZZOLA SUL BRENTA (PADOVA) &#8211; Il freddo non ha fermato, domenica scorsa, la grande partecipazione alla festa annuale&hellip;\n","protected":false},"author":3,"featured_media":151315,"comment_status":"","ping_status":"","sticky":false,"template":"","format":"standard","meta":{"footnotes":""},"categories":[1481],"tags":[2065,2066,12804,9357,239,2063,2064,1537,90,89,89063,9839,93700,240],"class_list":{"0":"post-151314","1":"post","2":"type-post","3":"status-publish","4":"format-standard","5":"has-post-thumbnail","7":"category-assistenza-sanitaria","8":"tag-assistenza-sanitaria","9":"tag-assistenzasanitaria","10":"tag-cani","11":"tag-canile","12":"tag-health","13":"tag-health-care","14":"tag-healthcare","15":"tag-it","16":"tag-italia","17":"tag-italy","18":"tag-massimo-zen","19":"tag-padova","20":"tag-piazzola-sul-brenta","21":"tag-salute"},"share_on_mastodon":{"url":"","error":""},"_links":{"self":[{"href":"https:\/\/www.europesays.com\/it\/wp-json\/wp\/v2\/posts\/151314","targetHints":{"allow":["GET"]}}],"collection":[{"href":"https:\/\/www.europesays.com\/it\/wp-json\/wp\/v2\/posts"}],"about":[{"href":"https:\/\/www.europesays.com\/it\/wp-json\/wp\/v2\/types\/post"}],"author":[{"embeddable":true,"href":"https:\/\/www.europesays.com\/it\/wp-json\/wp\/v2\/users\/3"}],"replies":[{"embeddable":true,"href":"https:\/\/www.europesays.com\/it\/wp-json\/wp\/v2\/comments?post=151314"}],"version-history":[{"count":0,"href":"https:\/\/www.europesays.com\/it\/wp-json\/wp\/v2\/posts\/151314\/revisions"}],"wp:featuredmedia":[{"embeddable":true,"href":"https:\/\/www.europesays.com\/it\/wp-json\/wp\/v2\/media\/151315"}],"wp:attachment":[{"href":"https:\/\/www.europesays.com\/it\/wp-json\/wp\/v2\/media?parent=151314"}],"wp:term":[{"taxonomy":"category","embeddable":true,"href":"https:\/\/www.europesays.com\/it\/wp-json\/wp\/v2\/categories?post=151314"},{"taxonomy":"post_tag","embeddable":true,"href":"https:\/\/www.europesays.com\/it\/wp-json\/wp\/v2\/tags?post=151314"}],"curies":[{"name":"wp","href":"https:\/\/api.w.org\/{rel}","templated":true}]}}