{"id":151316,"date":"2025-10-07T11:01:12","date_gmt":"2025-10-07T11:01:12","guid":{"rendered":"https:\/\/www.europesays.com\/it\/151316\/"},"modified":"2025-10-07T11:01:12","modified_gmt":"2025-10-07T11:01:12","slug":"carcinoma-mammario-a-capri-esperti-a-confronto-su-terapie-sempre-piu-personalizzate-e-sostenibili","status":"publish","type":"post","link":"https:\/\/www.europesays.com\/it\/151316\/","title":{"rendered":"Carcinoma mammario, a Capri esperti a confronto su terapie sempre pi\u00f9 personalizzate e sostenibili"},"content":{"rendered":"<p>A Capri si rinnova l\u2019impegno nella lotta al tumore al seno. La 19\u00aa edizione del convegno \u201cCarcinoma mammario: evoluzione del panorama terapeutico. Opzioni e criteri di scelta\u201d, organizzato da Gamma Congressi, ha riunito alcuni dei massimi esperti italiani di oncologia e radioterapia per analizzare le pi\u00f9 recenti innovazioni nella cura del carcinoma mammario. L\u2019appuntamento, ormai punto di riferimento nazionale per la comunit\u00e0 oncologica, ha messo al centro temi cruciali come la personalizzazione delle terapie, la prevenzione, la comunicazione medico-paziente, la sostenibilit\u00e0 e la multidisciplinariet\u00e0, pilastri di un approccio sempre pi\u00f9 umano e integrato alla cura.<\/p>\n<p>L&#8217;importanza della prevenzione\u00a0<\/p>\n<p>\u201cRimane straordinariamente importante prevenire, perch\u00e9 se tante persone lo fanno, il beneficio non \u00e8 solo del singolo, ma anche della collettivit\u00e0\u201d, ha ricordato Cecilia Nistic\u00f2, oncologa e responsabile scientifica del convegno. \u201cPrevenire non significa solo fare screening precoci e innovativi, ma associarli a corretti e sani stili di vita &#8211; ha aggiunto -. Oggi parliamo anche di medicina personalizzata, che ci permette di adattare la terapia alle caratteristiche biologiche e cliniche di ogni paziente. Ma la strada da fare \u00e8 ancora tanta, perch\u00e9 dietro ci sono anche temi di sostenibilit\u00e0 ed equit\u00e0\u201d.<\/p>\n<p>Il ruolo degli stili di vita\u00a0<\/p>\n<p>Durante il convegno \u00e8 emerso con forza il ruolo degli stili di vita nel controllo del carcinoma mammario dove i medici intervenuti hanno ribadito che una corretta alimentazione, l\u2019attivit\u00e0 fisica costante e la riduzione dei fattori di rischio \u2014 come fumo, eccesso di alcol e sedentariet\u00e0 \u2014 rappresentano strumenti concreti di salute pubblica. \u201cLa prevenzione per il tumore mammario non essere un gesto occasionale &#8211; ha sottolineato ancora Cecilia Nistic\u00f2 &#8211; occorre un approccio continuo, che accompagni la donna lungo tutto il suo percorso di vita, sostenuto da programmi di educazione sanitaria e da una stretta collaborazione tra medici di famiglia, specialisti e istituzioni\u201d.<\/p>\n<p>Chirurgia senologica: verso approcci pi\u00f9 conservativi<\/p>\n<p>Lucio Fortunato, chirurgo senologo, ha illustrato come la chirurgia senologica si sia evoluta verso approcci pi\u00f9 conservativi e rispettosi dell\u2019identit\u00e0 femminile: \u201cIl futuro della chirurgia senologica \u00e8 conservare, non togliere. Oggi possiamo unire l\u2019efficacia oncologica con la salvaguardia del seno grazie alle tecniche oncoplastiche e alla valutazione intraoperatoria del linfonodo sentinella, che riduce gli interventi inutili. La chirurgia non \u00e8 pi\u00f9 solo un gesto tecnico, ma parte di un percorso condiviso con oncologi, radioterapisti e psicologi\u201d.<\/p>\n<p>Radioterapia: precisione, sicurezza e tempi ridotti<\/p>\n<p>Anche Pier Carlo Gentile, radioterapista ha posto l\u2019accento sulla trasformazione della radioterapia sempre pi\u00f9 precisa sicura e breve: \u201cLa radioterapia di oggi \u00e8 precisa, sicura e sempre pi\u00f9 breve. Con le nuove tecniche di ipofrazionamento possiamo completare i trattamenti in pochi giorni, mantenendo l\u2019efficacia e riducendo gli effetti collaterali. \u00c8 un cambiamento che migliora la qualit\u00e0 di vita delle pazienti e ottimizza le risorse sanitarie. Ma \u00e8 fondamentale che queste innovazioni siano disponibili in modo uniforme su tutto il territorio\u201d.<\/p>\n<p>Nuove terapie sistemiche e personalizzazione delle cure<\/p>\n<p>Sul fronte farmacologico, l\u2019oncologo Paolo Pronzato ha analizzato i progressi ottenuti con le nuove terapie sistemiche: \u201cAbbiamo a disposizione farmaci a bersaglio molecolare \u2014 dagli anti-HER2 agli inibitori di CDK4\/6 fino ai PARP inibitori per le pazienti BRCA-mutate \u2014 che ci permettono di personalizzare il trattamento in base al profilo biologico del tumore. Anche l\u2019immunoterapia sta aprendo scenari promettenti, ma serve una selezione accurata delle pazienti e una riflessione sulla sostenibilit\u00e0 e sull\u2019equit\u00e0 di accesso alle nuove cure\u201d.<\/p>\n<p>La comunicazione come pilastro della cura multidisciplinare<\/p>\n<p>Un tema trasversale che ha toccato i differenti gruppi di lavoro \u00e8 stato quello della comunicazione, intesa sia nel rapporto tra medico e paziente sia all\u2019interno del gruppo di lavoro multidisciplinare. In molti degli interventi si \u00e8 sottolineato come una comunicazione chiara, empatica e continua sia fondamentale per rafforzare la fiducia, migliorare l\u2019adesione alle terapie e contrastare il rischio di medicina difensiva, che pu\u00f2 indebolire il rapporto di cura e rallentare le decisioni cliniche. Allo stesso tempo \u00e8 stata ribadita l\u2019importanza della comunicazione tra professionisti, elemento chiave delle Breast Unit, per garantire percorsi condivisi, decisioni tempestive e strategie terapeutiche realmente personalizzate.<\/p>\n<p>La rete oncologica come chiave della cura<\/p>\n<p>\u201cIl dialogo tra i professionisti \u00e8 la prima forma di cura,\u201d ha concluso Cecilia Nistic\u00f2, richiamando il valore della collaborazione tra oncologi, chirurghi, radioterapisti, genetisti, anatomopatologi e psico-oncologi come base del modello multidisciplinare. Solo una rete oncologica efficiente e una sinergia tra ospedale, territorio e istituzioni potranno garantire a ogni donna l\u2019accesso alle migliori opportunit\u00e0 terapeutiche &#8211; dalla prevenzione alla diagnosi precoce, dal trattamento al follow-up &#8211; con un\u2019attenzione costante alla qualit\u00e0 di vita e alla relazione di cura.<\/p>\n<p>Molti degli interventi hanno confermato una visione condivisa: la cura del carcinoma mammario \u00e8 sempre pi\u00f9 personalizzata, tecnologica, comunicativa e umanizzata, in una visione sostenibile ed equa.<\/p>\n","protected":false},"excerpt":{"rendered":"A Capri si rinnova l\u2019impegno nella lotta al tumore al seno. La 19\u00aa edizione del convegno \u201cCarcinoma mammario:&hellip;\n","protected":false},"author":3,"featured_media":151317,"comment_status":"","ping_status":"","sticky":false,"template":"","format":"standard","meta":{"footnotes":""},"categories":[1480],"tags":[86536,1944,239,1537,90,89,374,240,1942,1943,93701,1940,1941],"class_list":{"0":"post-151316","1":"post","2":"type-post","3":"status-publish","4":"format-standard","5":"has-post-thumbnail","7":"category-salute-femminile","8":"tag-carcinoma-mammario","9":"tag-femminile","10":"tag-health","11":"tag-it","12":"tag-italia","13":"tag-italy","14":"tag-prevenzione","15":"tag-salute","16":"tag-salute-femminile","17":"tag-salutefemminile","18":"tag-terapie-personalizzate","19":"tag-womens-health","20":"tag-womenshealth"},"share_on_mastodon":{"url":"","error":""},"_links":{"self":[{"href":"https:\/\/www.europesays.com\/it\/wp-json\/wp\/v2\/posts\/151316","targetHints":{"allow":["GET"]}}],"collection":[{"href":"https:\/\/www.europesays.com\/it\/wp-json\/wp\/v2\/posts"}],"about":[{"href":"https:\/\/www.europesays.com\/it\/wp-json\/wp\/v2\/types\/post"}],"author":[{"embeddable":true,"href":"https:\/\/www.europesays.com\/it\/wp-json\/wp\/v2\/users\/3"}],"replies":[{"embeddable":true,"href":"https:\/\/www.europesays.com\/it\/wp-json\/wp\/v2\/comments?post=151316"}],"version-history":[{"count":0,"href":"https:\/\/www.europesays.com\/it\/wp-json\/wp\/v2\/posts\/151316\/revisions"}],"wp:featuredmedia":[{"embeddable":true,"href":"https:\/\/www.europesays.com\/it\/wp-json\/wp\/v2\/media\/151317"}],"wp:attachment":[{"href":"https:\/\/www.europesays.com\/it\/wp-json\/wp\/v2\/media?parent=151316"}],"wp:term":[{"taxonomy":"category","embeddable":true,"href":"https:\/\/www.europesays.com\/it\/wp-json\/wp\/v2\/categories?post=151316"},{"taxonomy":"post_tag","embeddable":true,"href":"https:\/\/www.europesays.com\/it\/wp-json\/wp\/v2\/tags?post=151316"}],"curies":[{"name":"wp","href":"https:\/\/api.w.org\/{rel}","templated":true}]}}