{"id":151343,"date":"2025-10-07T11:24:13","date_gmt":"2025-10-07T11:24:13","guid":{"rendered":"https:\/\/www.europesays.com\/it\/151343\/"},"modified":"2025-10-07T11:24:13","modified_gmt":"2025-10-07T11:24:13","slug":"elezioni-regionali-toscana-il-confronto-dei-candidati-giani-e-tomasi-su-sky-tg24","status":"publish","type":"post","link":"https:\/\/www.europesays.com\/it\/151343\/","title":{"rendered":"Elezioni regionali Toscana, &#8216;Il Confronto&#8217; dei candidati Giani e Tomasi su Sky TG24"},"content":{"rendered":"<p>Dopo i faccia a faccia tra Acquaroli e Ricci,\u00a0per le regionali nelle\u00a0Marche, e\u00a0tra Occhiuto e Tridico, per la\u00a0Calabria, \u00e8 andato in scena anche quello per la Toscana, chiamata al voto il\u00a012\u00a0e\u00a013 ottobre. Eugenio Giani, presidente della Regione uscente, sostenuto dalla coalizione di\u00a0centrosinistra, e\u00a0Alessandro Tomasi, attuale\u00a0sindaco\u00a0di\u00a0Pistoia\u00a0e sostenuto dalla coalizione di centrodestra, si sono confrontati su diversi temi tra cui anche sicurezza, fine vita e turismo<\/p>\n<p>Nuovo appuntamento con\u00a0<strong>Il Confronto<\/strong>\u00a0su\u00a0<strong>Sky TG24<\/strong>, il format che negli anni ha contribuito a rendere il canale all news un punto di riferimento nel racconto della politica italiana. Dopo i faccia a faccia gi\u00e0 avvenuti <a data-intcmp=\"skytg24_foglia articolo_interlink_text\" href=\"https:\/\/tg24.sky.it\/politica\/2025\/09\/25\/elezioni-regionali-marche-acquaroli-ricci-confronto-sky\" rel=\"nofollow noopener\" target=\"_blank\">tra Acquaroli e Ricci,<\/a> per le regionali nelle <a data-intcmp=\"skytg24_foglia articolo_interlink_text\" href=\"https:\/\/tg24.sky.it\/politica\/2025\/09\/29\/risultati-elezioni-regionali-marche-diretta\" rel=\"nofollow noopener\" target=\"_blank\">Marche<\/a>, e <a data-intcmp=\"skytg24_foglia articolo_interlink_text\" href=\"https:\/\/tg24.sky.it\/politica\/2025\/10\/02\/elezioni-regionali-calabria-occhiuto-tridico-confronto-sky\" rel=\"nofollow noopener\" target=\"_blank\">tra Occhiuto e Tridico<\/a>, per la <a data-intcmp=\"skytg24_foglia articolo_interlink_text\" href=\"https:\/\/tg24.sky.it\/politica\/2025\/10\/06\/risultati-elezioni-regionali-calabria-diretta\" rel=\"nofollow noopener\" target=\"_blank\">Calabria<\/a>, oggi \u00e8 toccato alla<strong>\u00a0<\/strong>Toscana (al voto il\u00a012\u00a0e\u00a013 ottobre). Il faccia a faccia\u00a0tra\u00a0Eugenio Giani, presidente della Regione uscente, sostenuto da una\u00a0coalizione di\u00a0centrosinistra\u00a0composta da\u00a0Partito Democratico, Movimento 5 Stelle,\u00a0Alleanza Verdi e Sinistra\u00a0e Casa Riformista, con il supporto di Sinistra Civica Ecologista, e\u00a0Alessandro Tomasi, attuale\u00a0sindaco\u00a0di\u00a0Pistoia\u00a0e sostenuto dalla coalizione di centrodestra (Fratelli d&#8217;Italia,\u00a0Forza Italia,\u00a0Lega,\u00a0Noi Moderati\u00a0e dalla lista civica \u2018\u00c8 Ora!\u2019), si \u00e8 svolto negli studi di Sky TG24 a Roma Montecitorio. Tanti i temi toccati, dalla Sanit\u00e0 al fine vita, dalla sicurezza al turismo.<\/p>\n<p>\t\t\tSanit\u00e0<\/p>\n<p>La prima domanda ha riguardato i piani sulla Sanit\u00e0 dei due candidati. &#8220;Vogliamo lavorare sulla prossimit\u00e0, sugli ospedali di comunit\u00e0, sulle case di comunit\u00e0 dove poter trovare sempre dottori: insomma, bisogna puntare sulla Sanit\u00e0 territoriale&#8221;, spiega Giani. Tomasi invece sottolinea che &#8220;la nostra Sanit\u00e0 ha un buco strutturale. Il 51% dei toscani si \u00e8 rivolto alla Sanit\u00e0 privata e l&#8217;8% ha rinunciato a curarsi. Ai grandi numeri degli ospedali, che hanno sicuramente delle eccellenze, bisogna rispondere anche con gli ospedali periferici, che sono stati indeboliti e che invece devono poter lavorare e resistere&#8221;. Tomasi ha insistito poi sul &#8220;non sprecare le risorse&#8221;, mentre Giani ha voluto sottolineare che &#8220;i piccoli ospedali non sono stati scarificati&#8221;.<\/p>\n<p>\t\t\tFine vita<\/p>\n<p>Per Tomasi &#8220;sul tema del fine vita la politica ha fallito. Finalmente c&#8217;\u00e8 una legge in Parlamento che sta per essere discussa, con sensibilit\u00e0 che sono multiple. Si faccia una legge nazionale, univoca&#8221;, \u00e8 la sua richiesta. Da potenziare, per lui, hospice e strutture per le cure palliative. Giani, invece, ha ricordato che &#8220;la legge sul fine vita \u00e8 stata approvata dalla Toscana, ed \u00e8 stata un volont\u00e0 della nostra Regione per dar seguito a ci\u00f2 che dice la Corte Costituzionale sul tema. Noi questa legge l&#8217;abbiamo approfondita, sviluppata, e l&#8217;hanno votata 27 consiglieri regionali, con 13 contrari e 1 astenuto&#8221;. Per lui in questo caso &#8220;la societ\u00e0 civile ha anticipato la politica, e noi abbiamo proceduto prima che arrivasse la politica a livello nazionale&#8221;.<\/p>\n<p>\u00a0<\/p>\n<p>Poche nascite<\/p>\n<p>Giani ha ricordato che l&#8217;aspettativa di vita in Toscana \u00e8 molto alta. Ma &#8220;le nascite devono essere di pi\u00f9&#8221;. E sul tema ha ricordato le misure prese per far avere i nidi gratis a una grande fetta della popolazione. Tomasi invece &#8220;\u00e8 preoccupato per l&#8217;assenza di politiche che hanno fatto scappare dalla Regione 4mila giovani lo scorso anno: perdiamo possibilit\u00e0 di avere nuove famiglie, con nuovi nati, e perdiamo nuovi professionisti&#8221;. Garantire maggiori opportunit\u00e0, per le nuove generazioni, rimane per lui un punto chiave.<\/p>\n<p>\t\t\tSicurezza sul lavoro<\/p>\n<p>Per Tomasi sul fronte della sicurezza sul lavoro &#8220;l&#8217;impegno di tutti deve essere sul doppio fronte: controlli e prevenzione&#8221;. Per Giani il punto &#8220;\u00e8 centrale, tanto che abbiamo attuato misure importanti negli ultimi anni, prevedendo tecnici che possano agire sulla prevenzione per la sicurezza sui luoghi di lavoro&#8221;. Bisogna poi attuare &#8220;le giuste sanzioni&#8221; che possano aiutare a garantire il rispetto delle regole. &#8220;\u00c8 evidente che non dobbiamo fare sconti&#8221;, ha sottlineato. Su questo punto, Tomasi ha replicato che per\u00f2, per esempio, &#8220;a Prato, sono aumentate le infiltrazioni mafiose&#8221;.<\/p>\n<p>Salari<\/p>\n<p>Giani ha ricordato che la Toscana &#8220;\u00e8 stata la prima&#8221; a introdurre regole per cui, negli appalti, le aziende devono dichiarare quale saranno le politiche salariali, premiando quelle con offerte migliori. Tomasi \u00e8 &#8220;contrario al salario minimo&#8221;. &#8220;Le gare degli appalti non vanno fatte al minimo&#8221;, ha poi aggiuntio. &#8220;Dobbiamo vigilare perch\u00e9 i salari non siano indegni&#8221;, ha sottolineato.<\/p>\n<p>Cpr e sicurezza<\/p>\n<p>&#8220;La situazione sicurezza sta esplodendo in Toscana. Ma l&#8217;immigrazione \u00e8 un&#8217;opportunit\u00e0. Chi viene per delinquere per\u00f2 deve essere rimandato a casa, perch\u00e9 lede il nostro sistema sociale&#8221;, ha spiegato Tomasi. Per Giani, sui Cpr, &#8220;occorre una vera riforma a livello nazionale. I Cpr non sono centri per il rimpatrio dove si sta pochi giorni, e quindi le persone vengono portate l\u00ec, in quelli che si rivelano dei veri e propri carceri, luoghi di stazionamento permanente, che creano pi\u00f9 degrado e pi\u00f9 delinquenza. Io prima di una riforma vera e propria, in Toscana, non li voglio&#8221;, ha chiarito.\u00a0<\/p>\n<p>\t\t\tRigassificatore a Piombino<\/p>\n<p>&#8220;Quando Draghi mi telefon\u00f2 e mi propose la soluzione del rigassificatore, pensai che fosse un&#8217;opportunit\u00e0, e di fatto contribu\u00ec a creare lavoro&#8221;. L&#8217;iniziativa &#8220;ha avuto un ruolo positivo. E, dopo 3 anni, Piombino sta trovano rapporti che possano rilanciare anche la siderurgia&#8221;, ha ricordato Giani. Tomasi sostiene che &#8220;Piombino ha fatto la sua parte. Sicuramente ha prodotto economia sul luogo, ma quando si chiama una comunit\u00e0 a fare la sua parte, per una crisi nazionale, io credo che vada poi ristorata, con risorse nuove da dare a Pimobino. Infatti bisogna gi\u00e0 pensare che quella banchina andr\u00e0 messa in sicurezza per far s\u00ec che si sviluppi una nuova economia&#8221;.<\/p>\n<p>\t\t\tTurismo e overturism<\/p>\n<p>Tomasi, parlando di turismo, ha ricordato la forza del &#8220;brand Toscana&#8221;, usato purtroppo anche impropriamente, alle volte. I temi che vanno affrontati sono &#8220;la destagionalizzazione, per la montagna soprattutto, e la delocalizzazione, per promuovere aree meno conosciute&#8221;. Sul tema degli affiti brevi, invece, spiega che &#8220;il fenomeno va controllato, il Cin in questo senso ha funzionato, ma c&#8217;\u00e8 altro da rivedere&#8221;. &#8220;La legge sul Turismo che abbiamo approvato&#8221;, ha detto invece Giani, &#8220;promuove per ambiti, e non per Province, per dare pi\u00f9 attenzione alle specificit\u00e0 dei singoli Comuni&#8221;.\u00a0<\/p>\n<p>\t\t\tGuerra Israele-Hamas<\/p>\n<p>Dopo il 7 ottobre 2023 &#8220;lo sgomento fu tanto, anche in Regione, e consentimmo che si facessero delle manifestazioni di solidariet\u00e0 per le vittime&#8221;, ha ricordato Giani. Ma quello che il governo israeliano ha compiuto contro la Palestina &#8220;\u00e8 un genocidio&#8221;, ha aggiunto. &#8220;Riteniamo che i palestinesi debbano avere, oggi pi\u00f9 che mai, la possibilit\u00e0 di difesa di uno Stato&#8221;, ha sottolineato. Per Tomasi il 7 ottobre \u00e8 stata &#8220;una strage indegna: dovremmo parlarne di pi\u00f9. Come si parla, giustamente, di quello che succede a Gaza, con il governo israeliano che sta conducendo un massacro. Io credo che il governo e l&#8217;Ue debbano lavorare per portare la pace. Due le condizioni: cessate il fuoco e liberazione degli ostaggi che ancora sono nelle mani di Hamas&#8221;. Sul riconoscimento della Palestina, &#8220;vedo ipocrisia, pi\u00f9 per cercare voti che per altro&#8221;.<\/p>\n<p>\t\t\tLe domande dei candidati l&#8217;uno all&#8217;altro<\/p>\n<p>Tomasi ha chiesto se Giani ricorda le critiche che il M5s gli ha mosso negli scorsi anni, e come pensa di conciliare alcune posizioni del Pd con quelle dei pentastellati, ora: &#8220;Noi dobbiamo pensare all&#8217;interesse dei cittadini. Abbiamo convergenze importanti sui temi della legalit\u00e0, dell&#8217;acqua e sulle politiche attive del lavoro&#8221;. Mentre Giani ha chiesto al suo avversario un parere sul generale Vannacci e sulle sue posizioni sugli asili nido e sulle donne. &#8220;Sulle frasi che Vannacci ha detto, le condanno. Io sono garante della coalizione, e quando qualcuno sbaglia, lo dico. Non ho mai derogato a questa libert\u00e0, anche da sindaco, rappresentando tutti&#8221;, ha risposto Tomasi.<\/p>\n<p>\t\t\tGli appelli finali<\/p>\n<p>Nel suo appello finale, Giani ha ricordato di &#8220;volere il bello, la cultura, la solidariet\u00e0&#8221; per la Toscana. &#8220;La nostra Regione \u00e8 progressista, aperta, ha garantito diritti, ha fatto crescere l&#8217;economia&#8221;, ha spiegato. Mentre Tomasi ha detto che i cittadini dovrebbero votare per lui per la sua &#8220;concretezza, per fare le cose che servono ora ma anche per prepararci al futuro. Questo \u00e8 il valore aggiunto che posso portare&#8221;.<\/p>\n<p>\t\t\tLe regole de Il Confronto<\/p>\n<p>Il format prevede lo stesso tema di domanda per entrambi i candidati e uguale tempo di risposta, la domanda incrociata e, in chiusura, l\u2019appello finale agli elettori. A condurre \u00e8\u00a0Giovanna Pancheri, conduttrice di\u00a0Start, l\u2019approfondimento politico di Sky TG24. Al termine del confronto, con ospiti e commentatori, l\u2019analisi sui temi emersi nel dibattito.<\/p>\n<p>Il racconto di Sky TG24<\/p>\n<p>In occasione delle elezioni regionali, Sky TG24 arricchisce la sua copertura con gli\u00a0Instant Poll\u00a0realizzati in esclusiva da YouTrend, che fotograferanno in tempo reale le scelte degli elettori alla chiusura delle urne, e con il\u00a0Trovapresidente, la Voting Advice Application su\u00a0<a href=\"http:\/\/skytg24.it\/\" rel=\"nofollow noopener\" target=\"_blank\">skytg24.it<\/a>\u00a0che consente a ciascuno di scoprire il proprio posizionamento politico e i candidati alla presidenza pi\u00f9 vicini e pi\u00f9 lontani.<\/p>\n<p>Un racconto completato da reportage, approfondimenti e inviati sul territorio per seguire passo dopo passo una delle sfide pi\u00f9 importanti della stagione politica italiana.<\/p>\n<p>\t            TAG:<\/p>\n","protected":false},"excerpt":{"rendered":"Dopo i faccia a faccia tra Acquaroli e Ricci,\u00a0per le regionali nelle\u00a0Marche, e\u00a0tra Occhiuto e Tridico, per la\u00a0Calabria,&hellip;\n","protected":false},"author":3,"featured_media":151344,"comment_status":"","ping_status":"","sticky":false,"template":"","format":"standard","meta":{"footnotes":""},"categories":[6],"tags":[14,369,4386,8,1537,90,89,7,15,82,9,83,10,13,11922,11,80,84,12,81,85],"class_list":{"0":"post-151343","1":"post","2":"type-post","3":"status-publish","4":"format-standard","5":"has-post-thumbnail","7":"category-ultime-notizie","8":"tag-cronaca","9":"tag-digitall","10":"tag-elezioni-regionali","11":"tag-headlines","12":"tag-it","13":"tag-italia","14":"tag-italy","15":"tag-news","16":"tag-notizie","17":"tag-notizie-di-cronaca","18":"tag-notizie-principali","19":"tag-notiziedicronaca","20":"tag-notizieprincipali","21":"tag-titoli","22":"tag-toscana","23":"tag-ultime-notizie","24":"tag-ultime-notizie-di-cronaca","25":"tag-ultime-notizie-e-news-di-oggi","26":"tag-ultimenotizie","27":"tag-ultimenotiziedicronaca","28":"tag-ultimenotizieenewsdioggi"},"share_on_mastodon":{"url":"","error":""},"_links":{"self":[{"href":"https:\/\/www.europesays.com\/it\/wp-json\/wp\/v2\/posts\/151343","targetHints":{"allow":["GET"]}}],"collection":[{"href":"https:\/\/www.europesays.com\/it\/wp-json\/wp\/v2\/posts"}],"about":[{"href":"https:\/\/www.europesays.com\/it\/wp-json\/wp\/v2\/types\/post"}],"author":[{"embeddable":true,"href":"https:\/\/www.europesays.com\/it\/wp-json\/wp\/v2\/users\/3"}],"replies":[{"embeddable":true,"href":"https:\/\/www.europesays.com\/it\/wp-json\/wp\/v2\/comments?post=151343"}],"version-history":[{"count":0,"href":"https:\/\/www.europesays.com\/it\/wp-json\/wp\/v2\/posts\/151343\/revisions"}],"wp:featuredmedia":[{"embeddable":true,"href":"https:\/\/www.europesays.com\/it\/wp-json\/wp\/v2\/media\/151344"}],"wp:attachment":[{"href":"https:\/\/www.europesays.com\/it\/wp-json\/wp\/v2\/media?parent=151343"}],"wp:term":[{"taxonomy":"category","embeddable":true,"href":"https:\/\/www.europesays.com\/it\/wp-json\/wp\/v2\/categories?post=151343"},{"taxonomy":"post_tag","embeddable":true,"href":"https:\/\/www.europesays.com\/it\/wp-json\/wp\/v2\/tags?post=151343"}],"curies":[{"name":"wp","href":"https:\/\/api.w.org\/{rel}","templated":true}]}}