{"id":151347,"date":"2025-10-07T11:27:11","date_gmt":"2025-10-07T11:27:11","guid":{"rendered":"https:\/\/www.europesays.com\/it\/151347\/"},"modified":"2025-10-07T11:27:11","modified_gmt":"2025-10-07T11:27:11","slug":"bando-ancora-aperto-ma-nessuno-si-fa-avanti","status":"publish","type":"post","link":"https:\/\/www.europesays.com\/it\/151347\/","title":{"rendered":"Bando ancora aperto ma nessuno si fa avanti"},"content":{"rendered":"<p>Ancora nessuna risposta per i circa 1500 pazienti che rischiano di restare <a href=\"https:\/\/www.cagliaritoday.it\/cronaca\/decimomannu-pazienti-senza-medico-base.html\" rel=\"nofollow noopener\" target=\"_blank\">senza medico di famiglia a Decimomannu<\/a>. Dopo il pensionamento della dottoressa Contini, i suoi iscritti sono in attesa di sapere se qualcuno prender\u00e0 il suo posto. \u201cStiamo iniziando a cercare da altre parti ma \u00e8 tutto occupato\u201d racconta una paziente che da anni era seguita dalla professionista nello studio in via Milano 9. Stessa sorte per tante altre famiglie, con figli e parenti anziani a carico, che si sono \u201csempre trovati benissimo con la nostra dottoressa\u201d.\u00a0<\/p>\n<p>Bando aperto ma nessuna domanda<\/p>\n<p>Appena saputo del pensionamento, subito \u00e8 partito un viavai di messaggi in chat per capire se ci fosse qualche speranza. Inizialmente un medico si era detto interessato al posto, ma a fine settembre ha inaspettatamente rifiutato l&#8217;incarico. Poi \u00e8 stato il turno di un&#8217;altra dottoressa che, anche in questo caso, non ha accettato. La Asl di Cagliari fa sapere a CagliariToday che il bando \u00e8 ancora aperto ma, ad oggi, non \u00e8 stata presentata nessuna domanda. Un&#8217;assenza che segna un grave vuoto assistenziale per una comunit\u00e0 che conta oltre ottomila abitanti.\u00a0<\/p>\n<p>L&#8217;attesa \u00e8 carica di preoccupazione, poich\u00e9 la carenza di medici di base non \u00e8 un problema isolato a Decimomannu. Il caso mette in luce una diffusa criticit\u00e0 nel servizio sanitario del territorio. Anche nei paesi limitrofi, come Assemini ed Elmas, i posti disponibili sono ormai prossimi all&#8217;esaurimento. La comunit\u00e0 attende risposte concrete, consapevole che l&#8217;attuale situazione rischia di lasciare un numero significativo di cittadini senza un punto di riferimento medico essenziale.<\/p>\n","protected":false},"excerpt":{"rendered":"Ancora nessuna risposta per i circa 1500 pazienti che rischiano di restare senza medico di famiglia a Decimomannu.&hellip;\n","protected":false},"author":3,"featured_media":151348,"comment_status":"","ping_status":"","sticky":false,"template":"","format":"standard","meta":{"footnotes":""},"categories":[1481],"tags":[2065,2066,239,2063,2064,1537,90,89,240,301],"class_list":{"0":"post-151347","1":"post","2":"type-post","3":"status-publish","4":"format-standard","5":"has-post-thumbnail","7":"category-assistenza-sanitaria","8":"tag-assistenza-sanitaria","9":"tag-assistenzasanitaria","10":"tag-health","11":"tag-health-care","12":"tag-healthcare","13":"tag-it","14":"tag-italia","15":"tag-italy","16":"tag-salute","17":"tag-sanita"},"share_on_mastodon":{"url":"","error":""},"_links":{"self":[{"href":"https:\/\/www.europesays.com\/it\/wp-json\/wp\/v2\/posts\/151347","targetHints":{"allow":["GET"]}}],"collection":[{"href":"https:\/\/www.europesays.com\/it\/wp-json\/wp\/v2\/posts"}],"about":[{"href":"https:\/\/www.europesays.com\/it\/wp-json\/wp\/v2\/types\/post"}],"author":[{"embeddable":true,"href":"https:\/\/www.europesays.com\/it\/wp-json\/wp\/v2\/users\/3"}],"replies":[{"embeddable":true,"href":"https:\/\/www.europesays.com\/it\/wp-json\/wp\/v2\/comments?post=151347"}],"version-history":[{"count":0,"href":"https:\/\/www.europesays.com\/it\/wp-json\/wp\/v2\/posts\/151347\/revisions"}],"wp:featuredmedia":[{"embeddable":true,"href":"https:\/\/www.europesays.com\/it\/wp-json\/wp\/v2\/media\/151348"}],"wp:attachment":[{"href":"https:\/\/www.europesays.com\/it\/wp-json\/wp\/v2\/media?parent=151347"}],"wp:term":[{"taxonomy":"category","embeddable":true,"href":"https:\/\/www.europesays.com\/it\/wp-json\/wp\/v2\/categories?post=151347"},{"taxonomy":"post_tag","embeddable":true,"href":"https:\/\/www.europesays.com\/it\/wp-json\/wp\/v2\/tags?post=151347"}],"curies":[{"name":"wp","href":"https:\/\/api.w.org\/{rel}","templated":true}]}}