{"id":151351,"date":"2025-10-07T11:30:13","date_gmt":"2025-10-07T11:30:13","guid":{"rendered":"https:\/\/www.europesays.com\/it\/151351\/"},"modified":"2025-10-07T11:30:13","modified_gmt":"2025-10-07T11:30:13","slug":"pallavolo-sabato-inizia-il-campionato-della-fenix-energia","status":"publish","type":"post","link":"https:\/\/www.europesays.com\/it\/151351\/","title":{"rendered":"Pallavolo: sabato inizia il campionato della Fenix Energia"},"content":{"rendered":"<p>            <a href=\"https:\/\/www.ravennawebtv.it\/wp-content\/uploads\/2025\/10\/Fenix-Energia-serie-B2.jpeg\" data-caption=\"\" rel=\"nofollow noopener\" target=\"_blank\"><img loading=\"lazy\" decoding=\"async\" width=\"696\" height=\"522\" class=\"entry-thumb td-modal-image\" src=\"https:\/\/www.europesays.com\/it\/wp-content\/uploads\/2025\/10\/Fenix-Energia-serie-B2-696x522.jpeg\"   alt=\"\" title=\"Fenix Energia serie B2\"\/><\/a><\/p>\n<p>Il conto alla rovescia sta per terminare e tra pochi giorni finalmente inizier\u00e0 il campionato. Sabato alle 17 al PalaBubani, la Fenix Energia esordir\u00e0 in serie B2, torneo dal quale mancava da tre anni, e ricever\u00e0 la Lardini Filottrano.<\/p>\n<p>\u201cArriviamo molto work in progress come \u00e8 normale che sia in questo momento della stagione \u2013 afferma coach Loris Polo -. La squadra \u00e8 giovane e molto diversa da quella dell\u2019anno scorso e nel precampionato ha fatto tante cose buonissime, ma anche tanta confusione. Sicuramente vedo le giocatrici cariche, attente, concentrate e vogliose di fare bene: il modo migliore per presentarsi all\u2019inizio di un campionato. A livello personale, sono molto curioso, perch\u00e9 la B2 ogni anno \u00e8 di un livello livello che non si conosce. Alla gara con Filottrano arriviamo concentrati e sappiamo che dobbiamo ancora un pu\u00f2 assestarci sotto tanti punti di vista, continuando a lavorare per crescere\u201d.<\/p>\n<p>La rosa della Fenix Energia<\/p>\n<p>PALLEGGIATRICI: Beatrice Altini (da Libertas Volley Forl\u00ec, serie C), Deizi Nika (da Olimpia Teodora Ravenna, B1)<br \/>CENTRALI: Lucia Benedetti (confermata), Giorgia Cavallari (confermata), Chiara Esposto (da Libertas Volley Forl\u00ec, serie C), Camilla Gallegati (confermata)<br \/>SCHIACCIATRICI: Alessandra Galassi (da Massa Volley, B2), Sara Goni (confermata), Elena Missiroli (da Olimpia Teodora Ravenna, B1), Greca Morelli (confermata)<br \/>OPPOSTO: Ilaria Francesconi (confermata),<br \/>LIBERO: Margherita Calderoni (confermata)<\/p>\n<p>Allenatore: Loris Polo<br \/>Vice allenatore: Eric Bertaccini<br \/>Assistente allenatore: Massimiliano Calubani<br \/>Team Manager: Sandro Cavallari<\/p>\n","protected":false},"excerpt":{"rendered":"Il conto alla rovescia sta per terminare e tra pochi giorni finalmente inizier\u00e0 il campionato. Sabato alle 17&hellip;\n","protected":false},"author":3,"featured_media":151352,"comment_status":"","ping_status":"","sticky":false,"template":"","format":"standard","meta":{"footnotes":""},"categories":[1474],"tags":[93735,7984,93736,1537,90,89,2347,245,244,1869],"class_list":{"0":"post-151351","1":"post","2":"type-post","3":"status-publish","4":"format-standard","5":"has-post-thumbnail","7":"category-volley","8":"tag-b2","9":"tag-faenza","10":"tag-fenix-energia","11":"tag-it","12":"tag-italia","13":"tag-italy","14":"tag-pallavolo","15":"tag-sport","16":"tag-sports","17":"tag-volley"},"share_on_mastodon":{"url":"","error":""},"_links":{"self":[{"href":"https:\/\/www.europesays.com\/it\/wp-json\/wp\/v2\/posts\/151351","targetHints":{"allow":["GET"]}}],"collection":[{"href":"https:\/\/www.europesays.com\/it\/wp-json\/wp\/v2\/posts"}],"about":[{"href":"https:\/\/www.europesays.com\/it\/wp-json\/wp\/v2\/types\/post"}],"author":[{"embeddable":true,"href":"https:\/\/www.europesays.com\/it\/wp-json\/wp\/v2\/users\/3"}],"replies":[{"embeddable":true,"href":"https:\/\/www.europesays.com\/it\/wp-json\/wp\/v2\/comments?post=151351"}],"version-history":[{"count":0,"href":"https:\/\/www.europesays.com\/it\/wp-json\/wp\/v2\/posts\/151351\/revisions"}],"wp:featuredmedia":[{"embeddable":true,"href":"https:\/\/www.europesays.com\/it\/wp-json\/wp\/v2\/media\/151352"}],"wp:attachment":[{"href":"https:\/\/www.europesays.com\/it\/wp-json\/wp\/v2\/media?parent=151351"}],"wp:term":[{"taxonomy":"category","embeddable":true,"href":"https:\/\/www.europesays.com\/it\/wp-json\/wp\/v2\/categories?post=151351"},{"taxonomy":"post_tag","embeddable":true,"href":"https:\/\/www.europesays.com\/it\/wp-json\/wp\/v2\/tags?post=151351"}],"curies":[{"name":"wp","href":"https:\/\/api.w.org\/{rel}","templated":true}]}}