{"id":151355,"date":"2025-10-07T11:34:18","date_gmt":"2025-10-07T11:34:18","guid":{"rendered":"https:\/\/www.europesays.com\/it\/151355\/"},"modified":"2025-10-07T11:34:18","modified_gmt":"2025-10-07T11:34:18","slug":"perche-bagnaia-ha-bisogno-di-un-aiuto-diverso-da-quello-che-sta-ricevendo","status":"publish","type":"post","link":"https:\/\/www.europesays.com\/it\/151355\/","title":{"rendered":"Perch\u00e9 Bagnaia ha bisogno di un aiuto diverso da quello che sta ricevendo"},"content":{"rendered":"<p>Tra tutte le frasi lasciate da <a href=\"https:\/\/it.motorsport.com\/driver\/marc-marquez\/159980\/\" target=\"_blank\" rel=\"noopener nofollow\">Marc Marquez<\/a> poco pi\u00f9 di una settimana fa, quando ha raggiunto il suo obiettivo di tornare campione del mondo della MotoGP, ce n&#8217;\u00e8 stata una che forse non \u00e8 finita nei titoli utilizzati dalla maggior parte dei giornalisti per illustrare l&#8217;impresa a cui avevano appena assistito, ma che probabilmente riassume meglio di ogni altra il catalano che ha vissuto nella fase pi\u00f9 buia della sua carriera di sportivo.<\/p>\n<p>&#8220;L&#8217;aiuto che ho ricevuto mi ha permesso di essere qui ora. Non \u00e8 che sono caduto a terra, \u00e8 che ero sotto terra. Se sei a terra, puoi saltare. Se sei pi\u00f9 in basso, hai bisogno di essere tirato su&#8221;, ha detto il pilota di Cervera, in modo molto eloquente e riconoscente.<\/p>\n<p>Senza arrivare ad un punto critico come quello in cui si \u00e8 trovato M\u00e1rquez, anche\u00a0<a href=\"https:\/\/it.motorsport.com\/driver\/francesco-bagnaia-2-1445004012\/164617\/\" target=\"_blank\" rel=\"noopener nofollow\">Pecco Bagnaia<\/a> ha bisogno di aiuto. E ne ha bisogno incondizionatamente, perch\u00e9 ha toccato il fondo e perch\u00e9 se lo merita. Nonostante il momento disastroso che sta attraversando, \u00e8 ancora il pilota di maggior successo nella storia della Ducati, nonch\u00e9 il rappresentante pi\u00f9 visibile della VR46 Academy. Dopo gli ultimi avvenimenti \u00e8 normale che si dubiti che il marchio di Borgo Panigale e la struttura di <a href=\"https:\/\/it.motorsport.com\/driver\/valentino-rossi\/143771\/\" target=\"_blank\" rel=\"noopener nofollow\">Valentino Rossi<\/a> stiano facendo tutto il possibile per salvare il due volte campione del mondo.<\/p>\n<p>La concentrazione di ego in Ducati supera quella di qualsiasi altra organizzazione nel paddock della MotoGP, e sarebbe strano se non fosse cos\u00ec. Oltre a riunire sotto lo stesso tetto i due piloti pi\u00f9 titolati della griglia, l&#8217;intera strategia della Casa bolognese ruota attorno alla moto pi\u00f9 dominante di tutti i tempi.<\/p>\n<p>   <img decoding=\"async\" draggable=\"false\" src=\"https:\/\/www.europesays.com\/it\/wp-content\/uploads\/2025\/10\/1759836857_492_francesco-bagnaia-ducati-team.jpg\" alt=\"Francesco Bagnaia, Ducati\" width=\"1200\" height=\"800\" loading=\"lazy\"\/> <\/p>\n<p class=\"title\">Francesco Bagnaia, Ducati<\/p>\n<p class=\"photographer\">Foto di: Gold and Goose Photography \/ LAT Images \/ via Getty Images<\/p>\n<p>E quella Desmosedici, nelle sue specifiche pi\u00f9 recenti, porta la firma di Gigi Dall&#8217;Igna. L&#8217;ingegnere \u00e8 diventato uno dei protagonisti pi\u00f9 influenti della storia della MotoGP. Lo sa, e in modo pi\u00f9 o meno diretto lo fa sapere anche a chi ha il privilegio di guidare il &#8220;suo&#8221; prototipo.<\/p>\n<p>La voce del tecnico di Thiene \u00e8 decisiva in tutti gli aspetti rilevanti dell&#8217;attivit\u00e0 della Ducati. Ovviamente negli aspetti tecnici, ma anche in quelli sportivi e politici. E questo, in un campionato che ha sempre enfatizzato la figura dei piloti come veri eroi, pu\u00f2 generare attriti.<\/p>\n<p>Ci sono gi\u00e0 stati in passato con figure come <a href=\"https:\/\/it.motorsport.com\/driver\/andrea-dovizioso\/147585\/\" target=\"_blank\" rel=\"noopener nofollow\">Andrea Dovizioso<\/a>, l&#8217;unico in grado di sfidare il Marquez del 2017 e del 2018, finito fuori dal team della Rossa quando ne era l&#8217;esponente pi\u00f9 competitivo. Il forlivese \u00e8 stato poi sostituito (2021) da Bagnaia, arrivato con le idee chiare e senza pregiudizi, che ha saputo crescere insieme alla moto fino ad essere incoronato due volte campione (2022 e 2023), e lottare per farlo fino alla fine in quattro occasioni (2021-2024).<\/p>\n<p>Ora il pilota torinese sembra l&#8217;ombra di se stesso e la Ducati, pur provandoci, non ha potuto o saputo dargli la mano di cui aveva bisogno. Ed \u00e8 a questo punto che gli ego tornano in primo piano. Sar\u00e0 per l&#8217;impatto della schiacciante superiorit\u00e0 di Marquez, o perch\u00e9 Bagnaia non pu\u00f2 guidare la moto di quest&#8217;anno come ha fatto nel 2024 &#8211; undici vittorie &#8211; ma la confusione generata dall&#8217;uno o dall&#8217;altro \u00e8 eccezionale. E ci\u00f2 che \u00e8 innegabile \u00e8 che non lascia tranquilli n\u00e9 l&#8217;uno n\u00e9 l&#8217;altro.<\/p>\n<p>   <img decoding=\"async\" draggable=\"false\" src=\"https:\/\/www.europesays.com\/it\/wp-content\/uploads\/2025\/10\/luigi-dall-igna-ducati-lenovo-.jpg\" alt=\"Luigi Dall'Igna, Ducati Lenovo Team\" width=\"1200\" height=\"800\" loading=\"lazy\"\/> <\/p>\n<p class=\"title\">Luigi Dall&#8217;Igna, Team Ducati Lenovo<\/p>\n<p class=\"photographer\">Foto di: Gold and Goose Photography \/ LAT Images \/ via Getty Images<\/p>\n<p>\u00c8 risaputo che i costruttori guardano solo al futuro e questo li porta a non essere disposti a riconoscere che il prototipo dell&#8217;anno precedente potrebbe essere pi\u00f9 competitivo di quello dell&#8217;anno in corso. \u00c8 naturale che questo accada. \u00c8 normale, perch\u00e9 ammetterlo significherebbe ammettere di aver sprecato tempo e denaro nello sviluppo del nuovo modello.<\/p>\n<p>Si capisce che questo \u00e8 il motivo per cui la Ducati ha fatto di tutto per evitare che Bagnaia provasse la GP24 &#8211; con il motore GP25 &#8211; a Misano, durante la giornata di test dopo il Gran Premio di San Marino.<\/p>\n<p>E cos\u00ec \u00e8 stato, fino a quando Uccio Salucci, il team manager della VR46, \u00e8 apparso venerd\u00ec e ha smontato tutto: &#8220;Pecco \u00e8 salito sulla moto di Morbidelli luned\u00ec a Misano&#8221;.\u00a0Questo ha provocato l&#8217;ira della Ducati, che si \u00e8 detta &#8220;sorpresa&#8221; dal fatto, al punto che Davide Tardozzi, il suo team manager, si \u00e8 esposto pubblicamente.<\/p>\n<p>Alcuni ritengono che la rivelazione dell&#8217;assistente di lunga data di Valentino Rossi sia stata un semplice lapsus. A Motorsport.com risulta che la Ducati non lo veda come tale, ma piuttosto come una sorta di sfida per manifestare il proprio dissenso nei confronti del trattamento riservato da Ducati a Bagnaia.<\/p>\n<p>Soprattutto perch\u00e9, se si trattasse di una svista, potrebbe indicare solo due cose: o che la goffaggine di Uccio non si addice ad un dirigente nella sua posizione, oppure che la comunicazione con Ducati \u00e8 inesistente, cosa difficile da credere visto il metodo di lavoro esistente.<\/p>\n<p>A prescindere da cosa ci sia dietro la dichiarazione, \u00e8 chiaro che non ha giovato a Bagnaia, che ancora una volta ha lasciato un Gran Premio senza presentarsi alla stampa, come aveva fatto a Misano. &#8220;Pecco \u00e8 distrutto. Se fosse venuto qui sarebbe in lacrime. \u00c8 un ragazzo molto veloce, ma anche molto sensibile. In questo momento, pensiamo che sia meglio lasciarlo in pace e farlo lavorare in modo che sia in grado di esibirsi al meglio a Phillip Island&#8221;, si \u00e8 giustificato Tardozzi.<\/p>\n<p>   <img decoding=\"async\" draggable=\"false\" src=\"https:\/\/www.europesays.com\/it\/wp-content\/uploads\/2025\/10\/francesco-bagnaia-ducati-team-.jpg\" alt=\"Francesco Bagnaia, Equipo Ducati, Davide Tardozzi, Director del Equipo Ducati\" width=\"1200\" height=\"800\" loading=\"lazy\"\/> <\/p>\n<p class=\"title\">Francesco Bagnaia, Ducati Team, Davide Tardozzi, Team Manager Ducati<\/p>\n<p class=\"photographer\">Foto di: Gold and Goose Photography \/ LAT Images \/ via Getty Images<\/p>\n<p>Se c&#8217;\u00e8 qualcuno che pu\u00f2 immedesimarsi nella sofferenza di Bagnaia \u00e8 proprio il popolare ex pilota, incaricato di difendere l&#8217;azienda italiana in un fine settimana che doveva essere all&#8217;insegna dei coriandoli e che invece si \u00e8 trasformato in un incubo.<\/p>\n<p>In sette giorni la Ducati \u00e8 passata dal festeggiare il titolo di uno dei suoi piloti e il possibile recupero dell&#8217;altro, dopo aver siglato la sua prima doppietta stagionale, a piangere l&#8217;infortunio del campione e ad assistere al crollo assoluto del suo compagno di squadra.<\/p>\n<p>Se per l&#8217;infortunio di Marquez servir\u00e0 semplicemente del tempo, nel caso di Bagnaia \u00e8 necessario un intervento vero e proprio, da parte di qualcuno che lasci da parte l&#8217;ego e cerchi davvero di rimettere insieme i pezzi di una delle principali attrazioni del campionato.<\/p>\n<p>Soprattutto perch\u00e9 cos\u00ec facendo si valorizzerebbe ulteriormente la Ducati, che non solo si dimostrerebbe capace di creare campioni, ma anche di aiutarli quando ne hanno pi\u00f9 bisogno.<\/p>\n<p>   <img decoding=\"async\" draggable=\"false\" src=\"https:\/\/www.europesays.com\/it\/wp-content\/uploads\/2025\/10\/1759836858_647_francesco-bagnaia-ducati-team.jpg\" alt=\"Francesco Bagnaia, Ducati\" width=\"1200\" height=\"800\" loading=\"lazy\"\/> <\/p>\n<p class=\"title\">Francesco Bagnaia, Ducati<\/p>\n<p class=\"photographer\">Foto di: Robertus Pudyanto \/ Getty Images<\/p>\n<p>Leggi anche:<\/p>\n<p>            Vogliamo la vostra opinione!<\/p>\n<p class=\"mt-auto\">Cosa vorresti vedere su Motorsport.com?<\/p>\n<p>            <a href=\"#\" class=\"ms-link text-link font-bold\">Partecipate al nostro sondaggio di 5 minuti.<\/a><\/p>\n<p class=\"mt-1 font-info text-body\">&#8211; Il team di Motorsport.com<\/p>\n","protected":false},"excerpt":{"rendered":"Tra tutte le frasi lasciate da Marc Marquez poco pi\u00f9 di una settimana fa, quando ha raggiunto il&hellip;\n","protected":false},"author":3,"featured_media":151356,"comment_status":"","ping_status":"","sticky":false,"template":"","format":"standard","meta":{"footnotes":""},"categories":[1455],"tags":[2834,2360,88657,1537,90,89,88658,1783,1785,93738,1784,245,244],"class_list":{"0":"post-151355","1":"post","2":"type-post","3":"status-publish","4":"format-standard","5":"has-post-thumbnail","7":"category-moto","8":"tag-ducati-team","9":"tag-francesco-bagnaia","10":"tag-gp-dindonesia","11":"tag-it","12":"tag-italia","13":"tag-italy","14":"tag-mandalika-international-street-circuit","15":"tag-moto","16":"tag-motogp","17":"tag-motogp-perchu00e9-bagnaia-ha-bisogno-di-un-aiuto-diverso-da-quello-che-sta-ricevendo","18":"tag-motorcycle","19":"tag-sport","20":"tag-sports"},"share_on_mastodon":{"url":"","error":""},"_links":{"self":[{"href":"https:\/\/www.europesays.com\/it\/wp-json\/wp\/v2\/posts\/151355","targetHints":{"allow":["GET"]}}],"collection":[{"href":"https:\/\/www.europesays.com\/it\/wp-json\/wp\/v2\/posts"}],"about":[{"href":"https:\/\/www.europesays.com\/it\/wp-json\/wp\/v2\/types\/post"}],"author":[{"embeddable":true,"href":"https:\/\/www.europesays.com\/it\/wp-json\/wp\/v2\/users\/3"}],"replies":[{"embeddable":true,"href":"https:\/\/www.europesays.com\/it\/wp-json\/wp\/v2\/comments?post=151355"}],"version-history":[{"count":0,"href":"https:\/\/www.europesays.com\/it\/wp-json\/wp\/v2\/posts\/151355\/revisions"}],"wp:featuredmedia":[{"embeddable":true,"href":"https:\/\/www.europesays.com\/it\/wp-json\/wp\/v2\/media\/151356"}],"wp:attachment":[{"href":"https:\/\/www.europesays.com\/it\/wp-json\/wp\/v2\/media?parent=151355"}],"wp:term":[{"taxonomy":"category","embeddable":true,"href":"https:\/\/www.europesays.com\/it\/wp-json\/wp\/v2\/categories?post=151355"},{"taxonomy":"post_tag","embeddable":true,"href":"https:\/\/www.europesays.com\/it\/wp-json\/wp\/v2\/tags?post=151355"}],"curies":[{"name":"wp","href":"https:\/\/api.w.org\/{rel}","templated":true}]}}