{"id":151357,"date":"2025-10-07T11:36:10","date_gmt":"2025-10-07T11:36:10","guid":{"rendered":"https:\/\/www.europesays.com\/it\/151357\/"},"modified":"2025-10-07T11:36:10","modified_gmt":"2025-10-07T11:36:10","slug":"vuelle-tambone-questa-e-la-vera-squadra","status":"publish","type":"post","link":"https:\/\/www.europesays.com\/it\/151357\/","title":{"rendered":"Vuelle, Tambone: &#8220;Questa \u00e8 la vera squadra&#8221;"},"content":{"rendered":"<p>All\u2019esordio, una settimana fa, la <strong>Vuelle<\/strong> \u00e8 sembrata troppo brutta per essere vera. Nella seconda uscita, cinque giorni dopo, la partita \u00e8 apparsa sin troppo facile per fare testo. E dunque qual \u00e8 la verit\u00e0 sul valore di questa squadra? Lo sapremo nelle prossime puntate, ma intanto <strong>Matteo Tambone<\/strong>, che \u00e8 sempre un bel metronomo di questa squadra, tanto che pare quasi non essersene mai andato da Pesaro, risponde cos\u00ec: &#8220;Non mi stupisco di questa prestazione autoritaria contro <strong>Ruvo di Puglia<\/strong> perch\u00e9 \u00e8 da inizio stagione che stiamo lavorando seriamente e duramente, anzi dico che sono stupito della brutta prestazione contro <strong>Livorno<\/strong>, una serata in cui abbiamo giocato veramente male, con poche idee e anche troppo tesi per il debutto casalingo. Quello che mi \u00e8 piaciuto domenica \u00e8 stata soprattutto l\u2019ottima <strong>difesa<\/strong> che ha indirizzato la partita: sin dal primo minuto abbiamo fatto capire all\u2019avversario che sarebbe stata dura per loro, mentre contro Livorno eravamo stati stati un po\u2019 troppo passivi: abbiamo capito che, soprattutto in casa, bisogna essere pi\u00f9 aggressivi, anche perch\u00e9 viene consentito. E dopo, con l\u2019aiuto del pubblico, ci si carica anche di pi\u00f9. Abbiamo anche tirato con ottime percentuali e questo ci ha consentito di mantenere sempre un distacco ampio, che ci ha fatto giocare tranquilli&#8221;.<\/p>\n<p>Rispetto alla prestazione contro i livornesi, dove aveva tirato benissimo, in questa seconda gara \u2018Tambo\u2019 \u00e8 stato molto pi\u00f9 produttivo in altre voci, con 6 assist, 6 rimbalzi e soprattutto una buonissima difesa sull\u2019uomo pi\u00f9 pericoloso. &#8220;Oggi ho sporcato un po\u2019 le mie percentuali, ma il mio compito principale in questa serata era difendere sull\u2019americano Moody, il loro punto di riferimento in attacco, che nelle prime due partite viaggiava a 17 punti di media e invece noi lo abbiamo imbavagliato. Chi ha fatto la staffetta su di lui, quando io uscivo, ha svolto un ottimo lavoro: prima che mettesse quella tripla a fil di sirena, non marcato, non era arrivato nemmeno in doppia cifra&#8221;.<\/p>\n<p>Con i veterani apparsi pi\u00f9 sicuri sui compiti da svolgere sul parquet, anche i pi\u00f9 giovani hanno rialzato la testa dando il loro contributo: &#8220;Sono contento della prestazione di tutti, dai due stranieri che hanno fatto la differenza, ai ragazzi che sono andati bene; in particolare Bertini e Trucchetti, uscendo dalla panchina, hanno fatto cose importanti e anche Fainke ha rotto il ghiaccio&#8221;. Domani sera questa terza giornata \u00e8 un po\u2019 la prova del nove per capire quanto vale la Vuelle: &#8220;Ci aspettano tre trasferte consecutive, prendiamone una alla volta. Saremo a <strong>Roseto<\/strong>, un campo estremamente caldo, per\u00f2 non mi sembra il caso di definirla gi\u00e0 la prova del nove perch\u00e9 siamo ancora un cantiere aperto, che ha messo insieme tutti i pezzi alla vigilia del campionato: questa vittoria ci ha dato fiducia e noi andiamo l\u00ec per provare a vincere, ma se non dovessimo riuscirci non sar\u00e0 una catastrofe&#8221;.<\/p>\n<p>Elisabetta Ferri<\/p>\n","protected":false},"excerpt":{"rendered":"All\u2019esordio, una settimana fa, la Vuelle \u00e8 sembrata troppo brutta per essere vera. Nella seconda uscita, cinque giorni&hellip;\n","protected":false},"author":3,"featured_media":151358,"comment_status":"","ping_status":"","sticky":false,"template":"","format":"standard","meta":{"footnotes":""},"categories":[1453],"tags":[1756,1757,1537,90,89,245,244,1857,93739,2475,31201],"class_list":{"0":"post-151357","1":"post","2":"type-post","3":"status-publish","4":"format-standard","5":"has-post-thumbnail","7":"category-basket","8":"tag-basket","9":"tag-basketball","10":"tag-it","11":"tag-italia","12":"tag-italy","13":"tag-sport","14":"tag-sports","15":"tag-squadra","16":"tag-tambone","17":"tag-vera","18":"tag-vuelle"},"share_on_mastodon":{"url":"","error":""},"_links":{"self":[{"href":"https:\/\/www.europesays.com\/it\/wp-json\/wp\/v2\/posts\/151357","targetHints":{"allow":["GET"]}}],"collection":[{"href":"https:\/\/www.europesays.com\/it\/wp-json\/wp\/v2\/posts"}],"about":[{"href":"https:\/\/www.europesays.com\/it\/wp-json\/wp\/v2\/types\/post"}],"author":[{"embeddable":true,"href":"https:\/\/www.europesays.com\/it\/wp-json\/wp\/v2\/users\/3"}],"replies":[{"embeddable":true,"href":"https:\/\/www.europesays.com\/it\/wp-json\/wp\/v2\/comments?post=151357"}],"version-history":[{"count":0,"href":"https:\/\/www.europesays.com\/it\/wp-json\/wp\/v2\/posts\/151357\/revisions"}],"wp:featuredmedia":[{"embeddable":true,"href":"https:\/\/www.europesays.com\/it\/wp-json\/wp\/v2\/media\/151358"}],"wp:attachment":[{"href":"https:\/\/www.europesays.com\/it\/wp-json\/wp\/v2\/media?parent=151357"}],"wp:term":[{"taxonomy":"category","embeddable":true,"href":"https:\/\/www.europesays.com\/it\/wp-json\/wp\/v2\/categories?post=151357"},{"taxonomy":"post_tag","embeddable":true,"href":"https:\/\/www.europesays.com\/it\/wp-json\/wp\/v2\/tags?post=151357"}],"curies":[{"name":"wp","href":"https:\/\/api.w.org\/{rel}","templated":true}]}}