{"id":151373,"date":"2025-10-07T11:49:10","date_gmt":"2025-10-07T11:49:10","guid":{"rendered":"https:\/\/www.europesays.com\/it\/151373\/"},"modified":"2025-10-07T11:49:10","modified_gmt":"2025-10-07T11:49:10","slug":"israele-gaza-in-guerra-le-news-oggi-nuovo-round-di-negoziati","status":"publish","type":"post","link":"https:\/\/www.europesays.com\/it\/151373\/","title":{"rendered":"\u00a0Israele &#8211; Gaza in guerra, le news | Oggi nuovo round di negoziati"},"content":{"rendered":"<p>La prima tornata di negoziati indiretti tra Hamas e Israele ieri a <strong>Sharm el Sheikh<\/strong> \u00e8 stata &#8220;positiva&#8221;. Lo hanno confermato fonti di Hamas. Il secondo round di colloqui \u00e8 previsto nel pomeriggio, \u00e8 stato spiegato.<\/p>\n<p>Intanto, nel giorno del secondo anniversario del 7 ottobre, la premier <strong>Giorgia Meloni<\/strong> \u00e8 intervenuta dichiarando che &#8220;la violenza di Hamas ha scatenato una crisi senza precedenti in Medio Oriente. La reazione militare di Israele \u00e8 andata oltre ogni principio di proporzionalit\u00e0, e sta mietendo troppe vittime innocenti tra la popolazione civile di Gaza&#8221;<\/p>\n<p>Media: \u201cHamas accetta il disarmo ma rifiuta Blair come governatore\u201d<\/p>\n<p>                                    13:42<\/p>\n<p>Media: \u201cHamas accetta il disarmo ma rifiuta Blair come governatore\u201d<\/p>\n<p>Hamas, nel corso dei colloqui in Egitto, avrebbe &#8220;accettato di consegnare le sue armi a un comitato egiziano-palestinese, rifiutando categoricamente di affidare la gestione della Striscia di Gaza a un comitato di transizione internazionale&#8221;. Lo scrive l&#8217;agenzia Efe dal Cairo citando una fonte palestinese informata. Hamas &#8220;propone di negoziare la gestione di Gaza con l&#8217;Autorit\u00e0 Nazionale Palestinese&#8221; e &#8220;rifiuta la presenza di Tony Blair come governatore di Gaza&#8221;, pur &#8220;accettando che assuma un ruolo di monitoraggio a distanza&#8221;<\/p>\n<p>                                    13:14<\/p>\n<p>Qatar: \u201cIsraele avrebbe gi\u00e0 dovuto fermare le operazioni militari\u201d<\/p>\n<p>Israele &#8220;avrebbe gi\u00e0 dovuto cessare le sue operazioni militari (nella Striscia di Gaza, ndr) se le dichiarazioni del primo ministro (israeliano, Benjamin Netanyahu, ndr) sulla sua adesione al piano Trump fossero state vere&#8221;. Lo ha dichiarato il portavoce del ministero degli Esteri del Qatar, Majed al-Ansari, durante un punto stampa a Doha. &#8220;Aspettiamo i risultati dei negoziati per il cessate il fuoco nei prossimi giorni&#8221;, ha aggiunto il portavoce, riferendosi alle trattative in corso in Egitto<\/p>\n<p>                                    12:56<\/p>\n<p>Alla Porta di Brandeburgo 1100 sedie vuote per ricordare il 7 ottobre<\/p>\n<p>Con la lettura dei 1200 nomi delle vittime del 7 ottobre, si \u00e8 tenuta stamani a Berlino una manifestazione alla Porta di Brandeburgo. In memoria degli attacchi di Hamas di due anni fa, sono state posizionate anche 1100 sedie vuote, che in alcuni casi rappresentano intere famiglie, \u00e8 stato spiegato. In serata, sul monumento simbolo della capitale saranno proiettate le parole &#8220;bring them home now&#8221; (&#8220;riportateli a casa adesso&#8221;),  con riferimento al rilascio degli ostaggi ancora in mano ai rapitori. In tutta la Germania, le bandiere sventoleranno oggi a mezz&#8217;asta. Sempre a Berlino, blindata per l&#8217;occasione da 1400 agenti della polizia per garantire ordine e sicurezza, \u00e8 prevista una veglia contro l&#8217;antisemitismo nella Bebelplatz<\/p>\n<p>                                    12:49<\/p>\n<p>Ambasciata di Israele presso la Santa Sede: \u201cL\u2019intervista di Parolin mina gli sforzi di pace\u201d<\/p>\n<p>&#8220;La recente intervista al Cardinale Parolin, sebbene sicuramente ben intenzionata, rischia di minare gli sforzi per porre fine alla guerra a Gaza e contrastare il crescente antisemitismo&#8221;. E&#8217; quanto si legge in una nota stampa diffusa dall&#8217;ambasciata di Israele presso la Santa Sede, secondo la quale l&#8217;intervista rilasciata dal Segretario di Stato vaticano &#8220;si concentra sulla critica a Israele, trascurando il continuo rifiuto di Hamas di rilasciare gli ostaggi o di porre fine alla violenza&#8221;. L&#8217;ambasciata israeliana afferma che &#8220;ci\u00f2 che pi\u00f9 preoccupa \u00e8 l&#8217;uso problematico dell&#8217;equivalenza morale laddove non \u00e8 pertinente. Ad esempio, l&#8217;applicazione del termine &#8216;massacro&#8217; sia all&#8217;attacco genocida di Hamas del 7 ottobre sia al legittimo diritto di Israele all&#8217;autodifesa&#8221;. La nota prosegue dichiarando che &#8220;non esiste equivalenza morale tra uno Stato democratico che protegge i propri cittadini e un&#8217;organizzazione terroristica intenzionata a ucciderli. Ci auguriamo che le dichiarazioni future riflettano questa importante distinzione&#8221;<\/p>\n<p>                                    12:37<\/p>\n<p>Qatar: \u201cTutte le parti spingono per accordo su Gaza\u201d<\/p>\n<p>&#8220;Tutte le parti spingono per raggiungere un accordo&#8221; in Egitto per porre fine alla guerra a Gaza: lo afferma un portavoce del ministero degli Esteri del Qatar, citato da al Jazeera. &#8220;I colloqui in Egitto hanno visto quattro ore di discussioni intense e meticolose per individuare gli ostacoli&#8221;, si sottolinea. Restano &#8220;dettagli&#8221; da definire &#8220;sull&#8217;attuazione della consegna dei prigionieri, il rilascio dei prigionieri palestinesi, l&#8217;ingresso degli aiuti&#8221;<\/p>\n<p>                                    12:31<\/p>\n<p>Aziende israeliane escluse dal Dubai Airshow<\/p>\n<p>Le aziende israeliane del settore della difesa sono state escluse dal prossimo Dubai Airshow dopo una &#8220;revisione tecnica&#8221;. Lo hanno annunciato gli organizzatori, senza fornire ulteriori dettagli. &#8220;Gli espositori (israeliani) che erano presenti in precedenza non parteciperanno&#8221;, ha dichiarato Tim Hawes, amministratore delegato di Informa Markets, l&#8217;organizzatore della fiera, a margine di una conferenza stampa per annunciare i dettagli della manifestazione<\/p>\n<p>                                    12:30<\/p>\n<p>Erdogan: \u201cIl governo Netanyahu \u00e8 la maggiore minaccia regionale\u201d<\/p>\n<p>&#8220;Gli ultimi attacchi di Israele contro il Qatar dimostrano che la minaccia pi\u00f9 grande per la stabilit\u00e0 della nostra regione deriva dall&#8217;attuale amministrazione di questo Paese&#8221;. Lo ha affermato il presidente turco, Recep Tayyip Erdogan, durante il suo intervento presso il 12esimo vertice dei capi di Stato dell&#8217;Organizzazione degli Stati Turchi, a Gabala in Azerbaigian, come riferisce Anadolu<\/p>\n<p>                                    12:14<\/p>\n<p>Hamas: \u201cIl 7 ottobre glorioso giorno di successo per i palestinesi\u201d<\/p>\n<p>Hamas celebra il secondo anniversario del massacro del 7 ottobre 2023, definendolo un &#8220;glorioso giorno di successo&#8221; per il popolo palestinese. Lo riporta il Times of Israel. &#8220;Sono passati due anni e il nemico continua la sua barbara guerra contro il tenace popolo palestinese e continua i suoi massacri contro civili innocenti, mentre il mondo tace e i paesi arabi li abbandonano in un modo senza precedenti&#8221;, si legge in una dichiarazione che commemora i capi dell&#8217;organizzazione uccisi durante la guerra, tra cui Ismail Haniyeh, Yahya Sinwar, Saleh al-Arouri e Mohammed Deif<\/p>\n<p>                                    12:00<\/p>\n<p>Media: \u201cA Sharm Hamas chiede il ritiro immediato dell\u2019Idf da Gaza\u201d<\/p>\n<p>Hamas, durante il primo round di colloqui ieri a Sharm, in Egitto, &#8220;ha chiesto a Israele di cessare il fuoco e ritirare le sue truppe dai quartieri residenziali dell&#8217;enclave prima dell&#8217;inizio di uno scambio di ostaggi&#8221;: lo scrive Sky News Arabia, vicina al governo degli Emirati. Secondo fonti dei mediatori, Hamas &#8220;ha chiesto, come condizioni per un cessate il fuoco, il ritiro delle forze israeliane dalle aree chiave e dai quartieri residenziali di Gaza prima di iniziare il processo di rilascio degli ostaggi&#8221;. Inoltre, riferisce la palestinese M\u00e0an, Hamas continua a insistere per includere nelle liste dei palestinesi da rilasciare in cambio degli ostaggi sei detenuti che stanno scontando l&#8217;ergastolo nelle carceri israeliane. Questo sarebbe uno dei temi &#8220;pi\u00f9 dirimenti&#8221;<\/p>\n<p>                                    11:51<\/p>\n<p>Media: \u201cWitkoff e Kushner arrivati in Egitto\u201d<\/p>\n<p>L&#8217;inviato speciale di Donald Trump, Steve Witkoff, e il genero del presidente Jared Kushner, &#8220;sono arrivati in Egitto per prendere parte al secondo round di colloqui su Gaza&#8221;. Lo riferiscono i media del Cairo<\/p>\n<p>                                    11:37<\/p>\n<p>Hamas, oltre 67mila morti dall\u2019inizio della guerra<\/p>\n<p>Il ministero della Sanit\u00e0 di Gaza, gestito da Hamas, aggiorna a 67.173 il bilancio dei morti dell&#8217;inizio del conflitto con Israele, due anni fa. Tra questi, 20.179 i bambini. I feriti sono 169.780<\/p>\n<p>                                    11:31<\/p>\n<p>Hamas: \u201cIsraele continua i massacri, arabi in silenzio\u201d<\/p>\n<p>Hamas condanna un &#8220;fallimento arabo senza precedenti&#8221; per la situazione a Gaza, in un comunicato nel secondo anniversario dell&#8217;attacco del 7 ottobre di due anni fa. &#8220;Israele continua la sua brutale guerra contro il popolo palestinese commettendo massacri contro civili indifesi, tra il vergognoso silenzio e la complicit\u00e0 internazionale e un fallimento arabo senza precedenti&#8221;, recita il testo citato da al Jazeera. &#8220;A due anni di distanza, il nostro popolo rimane radicato nella sua terra, aggrappato ai propri legittimi diritti di fronte ai piani di liquidazione e di sfollamento forzato&#8221;, conclude Hamas<\/p>\n<p>                                    10:59<\/p>\n<p> Media: \u201c131 attivisti della Flotilla espulsi in Giordania\u201d<\/p>\n<p>L&#8217;agenzia di stampa statale giordana riferisce che oggi 131 attivisti della flottiglia di Gaza sono stati espulsi da Israele in Giordania attraverso il ponte di Allenby. Il ministero degli Esteri giordano ha affermato che gli attivisti provenivano dai seguenti paesi: Bahrein, Tunisia, Algeria, Oman, Kuwait, Libia, Pakistan, Turchia, Argentina, Australia, Brasile, Colombia, Repubblica Ceca, Giappone, Messico, Nuova Zelanda, Serbia, Sudafrica, Svizzera, Regno Unito, Stati Uniti e Uruguay<\/p>\n<p>                                    10:46<\/p>\n<p>Macron: \u201cIl 7 ottobre orrore indicibile, dolore resta vivo\u201d<\/p>\n<p>&#8220;7 ottobre. Due anni dopo l&#8217;indicibile orrore del terrorismo di Hamas, il dolore resta vivo. Non dimentichiamo. Pensiamo con fraternit\u00e0 a tutte le vittime, tra cui 51 nostri connazionali. Pensiamo ai 48 ostaggi ancora trattenuti da Hamas. Lavoriamo senza sosta per il loro ritorno&#8221;: lo scrive in un messaggio pubblicato su X il presidente francese, Emmauel Macron, ribadendo l&#8217;appello della Francia: &#8220;Liberazione di tutti gli ostaggi e cessate il fuoco senza attendere. Condividiamo il dolore delle famiglie al lutto come l&#8217;angoscia di chi attende ancora. Un tale abominio non dovr\u00e0 mai riprodursi. Uniamo tutte le nostre forze per lottare contro l&#8217;antisemitismo e costruire la pace&#8221;<\/p>\n<p>                                    10:30<\/p>\n<p>Starmer: \u201cIl 7 ottobre \u00e8 stato un orrore, estirpare antisemitismo nel Regno Unito\u201d<\/p>\n<p>Il premier britannico Keir Starmer ha ricordato oggi in un messaggio il secondo anniversario dell&#8217;attacco di Hamas a Israele del 7 ottobre 2023 come &#8220;un orrore&#8221; e &#8220;un incubo&#8221;, denunciando al contempo l&#8217;antisemitismo come &#8220;una macchia&#8221; da estirpare nel Regno Unito e altrove a pochi giorni dall&#8217;aggressione sanguinosa compiuta la mattina dello Yom Kippur contro la sinagoga ortodossa di Heaton Park, a Manchester. &#8220;Oggi &#8211; sottolinea Starmer &#8211; commemoriamo i due anni trascorsi dall&#8217;orribile attacco a Israele dei terroristi di Hamas, il peggiore attacco contro gli Ebrei dall&#8217;Olocausto&#8221;. Il premier ricorda poi gli ostaggi e tutti coloro che da &#8220;quel giorno orrendo&#8221; sono costretti a &#8220;patire un incubo&#8221;. Incubo da superare attraverso il rilancio di un piano &#8220;verso la pace in Medio Oriente&#8221;, aggiunge il primo ministro laburista, tornando a elogiare l&#8217;iniziativa del presidente americano Donald Trump di questi giorni. Quanto al fronte interno britannico, Starmer &#8211; dopo aver annunciato nei giorni scorsi, sulla scia dell&#8217;attacco alla sinagoga di Manchester, una contestata stretta alle manifestazioni pro Pal di protesta contro la rappresaglia israeliana post 7 ottobre a Gaza &#8211; fa riferimento esplicito a un &#8220;risorgente antisemitismo che le comunit\u00e0 ebraiche hanno dovuto affrontare anche nelle nostre strade&#8221;, minacciate &#8220;dall&#8217;odio di chi vuol far loro del male&#8221;. &#8220;Una macchia dinanzi alla quale &#8211; conclude &#8211; noi e questo Paese ci opporremo sempre uniti&#8221;<\/p>\n<p>                                    10:07<\/p>\n<p>Mattarella: \u201cLa condanna della violenza di Israele non attenua l\u2019orrore di Hamas\u201d<\/p>\n<p>&#8220;L&#8217;orrore e la condanna, pubblicamente e ripetutamente espressa, per la violenza crudele e inaccettabile delle armi di Israele &#8211; che fa pagare alla popolazione di Gaza un intollerabile prezzo di morte, fame e disperazione, cui \u00e8 indispensabile porre fine, con la necessit\u00e0 che Israele applichi con pienezza le norme del diritto internazionale umanitario &#8211; non attenua orrore e condanna per la raccapricciante ed efferata violenza consumata quel giorno da Hamas&#8221;. Lo dice il presidente della Repubblica, Sergio Mattarella<\/p>\n<p>\t\t\t<a href=\"https:\/\/www.repubblica.it\/politica\/2025\/10\/07\/news\/7_ottobre_mattarella_gaza_no_antisemitismo-424896185\/\" rel=\"nofollow noopener\" target=\"_blank\">Mattarella: \u201c7 ottobre pagina turpe della storia, sentimenti per Gaza non diventino antisemitismo\u201d<\/a><\/p>\n<p>\t\t\t07 Ottobre 2025<\/p>\n<p>                <a href=\"https:\/\/www.repubblica.it\/politica\/2025\/10\/07\/news\/7_ottobre_mattarella_gaza_no_antisemitismo-424896185\/\" rel=\"nofollow noopener\" target=\"_blank\"><\/p>\n<p>\t\t\t\t\t\t<img loading=\"lazy\" decoding=\"async\" src=\"https:\/\/www.europesays.com\/it\/wp-content\/uploads\/2025\/10\/100528995-a1d041ec-a0d6-4adb-aa5a-bfe0f36f5dd1.jpg\" alt=\"\" class=\"lazyload\" width=\"125\" height=\"125\"\/> <\/p>\n<p>                <\/a><\/p>\n<p>                                    10:06<\/p>\n<p>Mattarella: \u201cIl sentire per Gaza non scada in ignobile antisemitismo\u201d<\/p>\n<p>&#8220;Quanto avviene a Gaza e i diversi sentimenti che suscita non possono confluire in quello ignobile dell&#8217;antisemitismo che, particolarmente nel secolo scorso, ha toccato punte di mostruosa atrocit\u00e0, e che oggi appare talvolta riaffiorare, fondandosi sull&#8217;imbecillit\u00e0 e diffondendo odio&#8221;. Cos\u00ec il Presidente della Repubblica, Sergio Mattarella, in un passaggio di una dichiarazione diffusa dall&#8217;ufficio stampa del Quirinale<\/p>\n<p>                                    09:56<\/p>\n<p> Mattarella: \u201cIl 7 ottobre rimarr\u00e0 una pagina turpe della storia\u201d<\/p>\n<p>&#8220;Il 7 ottobre del 2023 rimane e rimarr\u00e0 nelle coscienze come una pagina turpe della storia: un vile attacco terroristico che avvenne contro inermi cittadini israeliani, recando grave danno alla causa della pace e della reciproca sicurezza in Palestina. Una ferita che ha colpito ogni popolo&#8221;. Lo afferma il presidente della Repubblica Sergio Mattarella<\/p>\n<p>                                    09:45<\/p>\n<p> Tajani: \u201cChiediamo all\u2019Onu una tregua olimpica per Milano-Cortina\u201d<\/p>\n<p>&#8220;Dobbiamo essere paladini della pace. Sosteniamo il piano Usa, e come ha detto  papa Leone non dobbiamo abbandonare mai la speranza della pace. Roma e l&#8217;Italia sono sempre di pi\u00f9 in crocevia di pace, sviluppo e crescita. In questo senso in vista delle Olimpiadi di Milano e Cortina presentiamo alle Nazioni Unite una proposta di Tregua Olimpica, per tutte le guerre compresa l&#8217;Ucraina e il Medio Oriente&#8221;. Lo ha detto il ministro degli Esteri Antonio Tajani a margine della XII edizione della Conferenza Italia-America Latina e Caraibi, in corso a Roma<\/p>\n<p>                                    09:31<\/p>\n<p> Media: \u201cRaid a Khan Yunis, un bimbo morto e molti feriti\u201d<\/p>\n<p>Un bambino \u00e8 stato ucciso e molti palestinesi sono rimasti feriti in un attacco israeliano a Khan Younis: lo riferiscono i funzionari dell&#8217;ospedale al-Amal a Al Jazeera<\/p>\n<p>                                    09:24<\/p>\n<p>Media: \u201cDiversi blitz israeliani in Cisgiordania\u201d<\/p>\n<p>Secondo l&#8217;agenzia di stampa palestinese Wafa, le forze israeliane hanno arrestato almeno 15 palestinesi durante un raid su larga scala nella citt\u00e0 di &#8220;el-Bireh e nel campo profughi di Jalazone, a nord di Ramallah&#8221;. Attorno alla citt\u00e0 sono istituiti diversi posti di blocco. A Qalandiya, l&#8217;Idf &#8220;ha bloccato le strade e lanciato gas lacrimogeni&#8221;. Si segnalano raid anche a Kufr N\u00ecmeh, a ovest di Ramallah, e nei villaggi circostanti. I coloni israeliani hanno poi &#8220;raso al suolo 150 ulivi nel villaggio di Umm al-Khair, a sud di Hebron<\/p>\n<p>                                    09:10<\/p>\n<p> S\u00e1nchez : \u201cHamas liberi ostaggi e Netanyahu fermi genocidio Gaza\u201d<\/p>\n<p>&#8220;Oggi si compiono due anni dai terribili attacchi perpetrati da Hamas. E&#8217; un giorno per ribadire la nostra ferma condanna del terrorismo in tutte le sue forme. Per chiedere l&#8217;immediato rilascio degli ostaggi israeliani. E per chiedere a Netanyahu di fermare il genocidio del popolo palestinese e aprire un corridoio umanitario&#8221;. Lo scrive su X il presidente del governo spagnolo, Pedro Sanchez, nel secondo anniversario degli attentati di Hamas in Israele. Per Sanchez, &#8220;Il dialogo e il consolidamento dei due Stati sono l&#8217;unica soluzione possibile per porre fine al conflitto e raggiungere un futuro di pace&#8221; in Medio Oriente<\/p>\n<p>                                    09:03<\/p>\n<p>Merz: \u201cDa 7 ottobre 2023 nuova ondata di antisemitismo in Germania\u201d<\/p>\n<p>Il cancelliere tedesco, Friedrich Merz, mette in guardia dall&#8217;antisemitismo in Germania nel secondo anniversario dell&#8217;attacco di Hamas a Israele. &#8220;Dal 7 ottobre 2023, stiamo vivendo una nuova ondata di antisemitismo in Germania. Si manifesta in forme vecchie e nuove: sui social media, nelle universit\u00e0, nelle nostre strade; sempre pi\u00f9 forte, sempre pi\u00f9 sfacciato e sempre pi\u00f9 spesso sotto forma di violenza&#8221;, ha dichiarato Merz in un videomessaggio. Merz ha affermato di aver rivolto una richiesta a tutti in Germania. &#8220;Oggi, domani e dopodomani, contattate i nostri cittadini ebrei ovunque sia possibile. Contattate le comunit\u00e0 ebraiche&#8221;. Tutti dovrebbero dimostrare di essere al fianco del popolo ebraico. &#8220;E che insieme faremo tutto il possibile per garantire che gli ebrei possano vivere qui in Germania senza paura, che possano vivere con fiducia&#8221;, ha detto Merz<\/p>\n<p>                                    08:58<\/p>\n<p>Meloni: \u201cLa reazione di Israele ad Hamas \u00e8 andata oltre ogni principio di proporzionalit\u00e0\u201d<\/p>\n<p>&#8220;La violenza di Hamas ha scatenato una crisi senza precedenti in Medio Oriente. La reazione militare di Israele \u00e8 andata oltre ogni principio di proporzionalit\u00e0, e sta mietendo troppe vittime innocenti tra la popolazione civile di Gaza&#8221;. Lo afferma la premier Giorgia Meloni in  una dichiarazione nel secondo anniversario degli attacchi del 7 ottobre.<\/p>\n<p>                                    08:57<\/p>\n<p>Meloni: \u201cNon va sprecata l&#8217;opportunit\u00e0 del piano di Trump\u201d<\/p>\n<p>&#8220;Il Piano di pace presentato dal Presidente Trump &#8211; che ha incontrato il convinto sostegno non soltanto delle Nazione europee, ma anche dei Paesi arabi e islamici &#8211; offre una opportunit\u00e0 che non deve andare sprecata, per giungere a una cessazione permanente delle ostilit\u00e0, riportare a casa gli ostaggi ancora nelle mani di Hamas e avviare un processo verso un quadro di pace e di sicurezza in tutto il Medio Oriente&#8221;. Lo afferma la premier Giorgia Meloni in una dichiarazione nel secondo anniversario degli attacchi di Hamas contro i cittadini di Israele che, sottolinea, &#8220;cade in un momento in cui si intravede la concreta possibilit\u00e0 di porre fine a questa guerra&#8221;<\/p>\n<p>                                    08:57<\/p>\n<p>Meloni: \u201cIl 7 ottobre \u00e8 stata una delle pagine pi\u00f9 buie della storia\u201d<\/p>\n<p>&#8220;Sono trascorsi due anni dall&#8217;ignominia del massacro compiuto dai terroristi di Hamas contro migliaia di civili inermi e innocenti israeliani, donne e bambini compresi. Crimini indicibili che fanno del 7 ottobre una delle pagine pi\u00f9 buie della storia&#8221;. Lo afferma la premier Giorgia Meloni in  una dichiarazione. &#8220;Oggi &#8211; aggiunge &#8211; rinnoviamo la vicinanza ai famigliari delle vittime e torniamo a chiedere la liberazione degli ostaggi, che ancora oggi attendono di tornare a casa dopo due anni di prigionia, vessazioni, sofferenze&#8221;<\/p>\n<p>                                    08:42<\/p>\n<p>Trump riceve stasera alla Casa Bianca l\u2019ex ostaggio Edan Alexander <\/p>\n<p>A due anni dalla strage del 7 ottobre in Israele Donald Trump ricever\u00e0 alla Casa Bianca Edan Alexander che \u00e8 stato tenuto prigioniero per 19 mesi nella Striscia di Gaza. L&#8217;incontro \u00e8 previsto per le 21 ora italiana, come reso noto dalla Casa Bianca. Trump aveva gi\u00e0 incontrato Alexander, soldato israelo-americano, a luglio, poco dopo la liberazione<\/p>\n<p>                                    08:41<\/p>\n<p>Von der Leyen: \u201cOnoriamo la memoria del 7 ottobre lavorando per la pace\u201d<\/p>\n<p>&#8220;Non dimenticheremo mai l&#8217;orrore degli attacchi di Hamas del 7 ottobre e il dolore che hanno causato alle vittime innocenti, alle loro famiglie e all&#8217;intero popolo di Israele, due anni fa. Onoriamo la loro memoria lavorando instancabilmente per la pace. Il rilascio immediato di tutti gli ostaggi e un cessate il fuoco sono ora a portata di mano. Questa opportunit\u00e0 non deve essere persa&#8221;. Lo scrive su X la presidente della Commissione europea, Ursula von der Leyen. &#8220;Chiediamo a tutte le parti di impegnarsi costruttivamente nei colloqui a Sharm el Sheikh, nel contesto del piano proposto dal presidente degli Stati Uniti. Questo momento deve essere colto per aprire la strada a una pace duratura nella regione, basata sulla soluzione a due stati&#8221;, aggiunge<\/p>\n<p>                                    07:38<\/p>\n<p>Idf: \u201cRazzo lanciato da Gaza, nessuna vittima\u201d<\/p>\n<p>Un razzo lanciato dal nord della Striscia di Gaza contro Israele \u00e8 esploso in campo aperto &#8220;senza provocare vittime n\u00e9 danni&#8221;. Lo riferisce un portavoce dell&#8217;Idf.<\/p>\n<p>                                    06:35<\/p>\n<p>Famiglie delle vittime del 7 ottobre nel luogo dell&#8217;attacco<\/p>\n<p>Oggi gli israeliani commemorano il secondo anniversario dell&#8217;attacco del 7 ottobre al Nova Festival, nel deserto del Negev, da parte di miliziani palestinesi, dove furono uccise 1.250 persone e ne furono rapite circa 250.<br \/>Le famiglie delle vittime si recheranno sul luogo in cui \u00e8 avvenuto l&#8217;attacco e osserveranno un minuto di silenzio, secondo quanto riporta la Afp. Mentre i negoziatori di Israele e Hamas si incontrano in Egitto per discutere di un possibile accordo di pace a Gaza, gli israeliani si riuniranno in diverse localit\u00e0 del Paese per ricordare il giorno dell&#8217;attacco.<\/p>\n<p>                                    03:47<\/p>\n<p>Axios: Trump riceve ostaggio di Hamas<\/p>\n<p>Donald Trump incontrer\u00e0 oggi alla Casa Bianca Edan Alexander, il ventunenne nato in New Jersey da genitori israeliani, che \u00e8 stato il primo militare dell&#8217;Idf a essere rilasciato da Hamas mesi fa. Lo riferisce Axios. Alexander era gi\u00e0 stato ricevuto dal presidente americano a luglio.<\/p>\n<p>                                    01:12<\/p>\n<p>Starmer: \u201cI due anni dal 7 ottobre sono stati un incubo vivente\u201d <\/p>\n<p>Il primo ministro britannico Keir Starmer ha affermato che i due anni trascorsi dall&#8217;attacco di Hamas contro Israele del 7 ottobre 2023, che ha scatenato la guerra a Gaza, sono stati un &#8220;incubo vivente&#8221; per molti. Starmer ha anche denunciato il &#8220;crescente antisemitismo&#8221; nel Regno Unito, pochi giorni dopo l&#8217;uccisione di due uomini ebrei in un attacco contro una sinagoga di Manchester. &#8220;Oggi ricorrono i due anni dai terrificanti attacchi contro Israele da parte dei terroristi di Hamas del 7 ottobre 2023&#8230; Il peggior attacco al popolo ebraico dai tempi dell&#8217;Olocausto&#8221;, ha dichiarato Starmer in una nota. &#8220;Da quel giorno terribile, tantissimi hanno vissuto un incubo vivente&#8221;, ha detto, promettendo di continuare gli sforzi per riportare a casa gli ostaggi britannici tenuti da Hamas a Gaza. L&#8217;attacco di Hamas dell&#8217;ottobre 2023 ha causato la morte di 1.219 persone, per lo pi\u00f9 civili, secondo un conteggio dell&#8217;AFP basato sui dati ufficiali israeliani. I militanti hanno anche sequestrato 251 ostaggi, 47 dei quali si trovano ancora a Gaza. Di questi, l&#8217;esercito israeliano afferma che 25 sono morti. L&#8217;offensiva di rappresaglia di Israele ha ucciso almeno 67.160 palestinesi negli ultimi due anni, secondo i dati del Ministero della Salute nel territorio controllato da Hamas, che le Nazioni Unite considerano affidabili. Starmer, che il mese scorso ha compiuto la storica mossa del Regno Unito per il riconoscimento dello Stato di Palestina insieme ad altri alleati, ha accolto con favore il piano degli Stati Uniti &#8220;verso la pace in Medio Oriente&#8221;.<\/p>\n<p>                                    01:06<\/p>\n<p>Media, discusse le condizioni per il rilascio degli ostaggi in cambio dei detenuti palestinesi<\/p>\n<p>A porte chiuse e sotto stretta sorveglianza, i negoziatori hanno comunicato tramite mediatori che facevano la spola tra le due parti. Secondo Al-Qahera News le delegazioni hanno discusso le condizioni preliminari per il rilascio dei detenuti. &#8220;I mediatori egiziani e qatarioti stanno lavorando con entrambe le parti per stabilire un meccanismo&#8221; per il rilascio degli ostaggi detenuti a Gaza in cambio dei palestinesi detenuti nelle carceri israeliane, ha affermato.<\/p>\n<p>                                    00:43<\/p>\n<p>Media, \u201cclima positivo\u201d per il primo round di colloqui a Sharm El-Sheikh<\/p>\n<p>Il primo round di colloqui tra Hamas e i mediatori si \u00e8 concluso in Egitto &#8220;in un clima positivo&#8221;, riferiscono i media egiziani. Secondo Al-Qahera News, i colloqui proseguiranno anche oggi nella localit\u00e0 turistica di Sharm El-Sheikh, dove una delegazione israeliana \u00e8 arrivata ieri. Israele e Hamas dovrebbero avviare colloqui indiretti sui dettagli di una proposta del presidente degli Stati Uniti Donald Trump per uno scambio di ostaggi e un cessate il fuoco a lungo termine.<\/p>\n<p>                                    00:28<\/p>\n<p>Al Jazeera: \u201cConclusi bene i primi colloqui tra i mediatori e Hamas\u201d<\/p>\n<p>Si sono conclusi a Sharm el-Sheikh i primi colloqui tra i mediatori e Hamas. Lo riportano fonti di Al Jazeera, secondo cui &#8220;l&#8217;incontro dei mediatori con la delegazione di Hamas \u00e8 stato positivo&#8221; ed \u00e8 stata \u201cdelineata la tabella di marcia e i meccanismi per l&#8217;attuale ciclo di colloqui&#8221;.<\/p>\n<p>\t\tArgomenti<\/p>\n","protected":false},"excerpt":{"rendered":"La prima tornata di negoziati indiretti tra Hamas e Israele ieri a Sharm el Sheikh \u00e8 stata &#8220;positiva&#8221;.&hellip;\n","protected":false},"author":3,"featured_media":151374,"comment_status":"","ping_status":"","sticky":false,"template":"","format":"standard","meta":{"footnotes":""},"categories":[160],"tags":[14,164,165,166,7,15,11,167,12,168,161,162,163],"class_list":{"0":"post-151373","1":"post","2":"type-post","3":"status-publish","4":"format-standard","5":"has-post-thumbnail","7":"category-mondo","8":"tag-cronaca","9":"tag-dal-mondo","10":"tag-dalmondo","11":"tag-mondo","12":"tag-news","13":"tag-notizie","14":"tag-ultime-notizie","15":"tag-ultime-notizie-di-mondo","16":"tag-ultimenotizie","17":"tag-ultimenotiziedimondo","18":"tag-world","19":"tag-world-news","20":"tag-worldnews"},"share_on_mastodon":{"url":"","error":""},"_links":{"self":[{"href":"https:\/\/www.europesays.com\/it\/wp-json\/wp\/v2\/posts\/151373","targetHints":{"allow":["GET"]}}],"collection":[{"href":"https:\/\/www.europesays.com\/it\/wp-json\/wp\/v2\/posts"}],"about":[{"href":"https:\/\/www.europesays.com\/it\/wp-json\/wp\/v2\/types\/post"}],"author":[{"embeddable":true,"href":"https:\/\/www.europesays.com\/it\/wp-json\/wp\/v2\/users\/3"}],"replies":[{"embeddable":true,"href":"https:\/\/www.europesays.com\/it\/wp-json\/wp\/v2\/comments?post=151373"}],"version-history":[{"count":0,"href":"https:\/\/www.europesays.com\/it\/wp-json\/wp\/v2\/posts\/151373\/revisions"}],"wp:featuredmedia":[{"embeddable":true,"href":"https:\/\/www.europesays.com\/it\/wp-json\/wp\/v2\/media\/151374"}],"wp:attachment":[{"href":"https:\/\/www.europesays.com\/it\/wp-json\/wp\/v2\/media?parent=151373"}],"wp:term":[{"taxonomy":"category","embeddable":true,"href":"https:\/\/www.europesays.com\/it\/wp-json\/wp\/v2\/categories?post=151373"},{"taxonomy":"post_tag","embeddable":true,"href":"https:\/\/www.europesays.com\/it\/wp-json\/wp\/v2\/tags?post=151373"}],"curies":[{"name":"wp","href":"https:\/\/api.w.org\/{rel}","templated":true}]}}