{"id":151388,"date":"2025-10-07T12:01:34","date_gmt":"2025-10-07T12:01:34","guid":{"rendered":"https:\/\/www.europesays.com\/it\/151388\/"},"modified":"2025-10-07T12:01:34","modified_gmt":"2025-10-07T12:01:34","slug":"motogp-2025-crede-in-dio-e-timidissimo-jose-antonio-rueda-nuovo-campione-del-mondo-moto3-motogp","status":"publish","type":"post","link":"https:\/\/www.europesays.com\/it\/151388\/","title":{"rendered":"MotoGP 2025. Crede in Dio, \u00e8 timidissimo: Jos\u00e9 Antonio Rueda, nuovo campione del mondo Moto3 &#8211; MotoGP"},"content":{"rendered":"<p>\n            Nato a Siviglia nel 2005, ha vinto il mondiale della classe minore al terzo tentativo\n        <\/p>\n<p>              7 ottobre 2025<\/p>\n<p>\u201c<strong>Mi ricorder\u00f2 questo momento per sempre<\/strong>\u201d ha detto un attimo dopo aver vinto il mondiale 2025 di Moto3, poi ha ringraziato tutti, a cominciare dalla famiglia ricordando che il padre gli ha insegnato la disciplina, e si \u00e8 commosso.<\/p>\n<p>Ha avuto la prima moto, a batteria, in regalo dalla nonna nel 2008, quando aveva 3 anni. <strong>Jos\u00e9 Antonio Rueda,<\/strong>\u00a0nuovo campione del mondo si Moto3,\u00a0\u00e8 nato a Siviglia nel 2005 e compir\u00e0 20 anni a fine ottobre, il 29.<\/p>\n<p>\u201cHo <strong>sognato <\/strong>questo momento ogni giorno <strong>da quando avevo sei anni<\/strong>, cio\u00e8 quandi sal\u00ec per la prima volta su una minimoto. E con questa squadra, il mio sogno si \u00e8 avverato. <strong>Tutto \u00e8 possibile nella vita<\/strong>. Devi solo perseverare, credere in te stesso, non arrenderti mai e <strong>seguire la via di Dio<\/strong>, perch\u00e9 <strong>il piano di Dio \u00e8 sempre perfetto<\/strong>. Anche i miei genitori mi hanno indicato la strada per vincere il titolo\u201d.<\/p>\n<p>                            <img decoding=\"async\" class=\"img-fluid\" loading=\"lazy\" data-zoomable=\"\" src=\"https:\/\/img.stcrm.it\/images\/47118983\/800x\/20251007-111138539-9632.png\" data-zoom-src=\"https:\/\/www.europesays.com\/it\/wp-content\/uploads\/2025\/10\/20251007-111138539-9632.png\" width=\"1920\" height=\"1080\" alt=\"\"\/><\/p>\n<p>\u00c8 credente e, <a href=\"https:\/\/youtu.be\/WmAIU2TYgqA?t=737\" rel=\"nofollow noopener\" target=\"_blank\">come ha detto Zam durante l&#8217;ultimo DopoGP, <strong>\u00e8 timidissimo<\/strong><\/a>. Nel 2022 ha vinto Red Bull Rookies Cup e Fim junior GP, <strong>primo a riuscire a vincerli entrambi <\/strong>nel solito anno, aveva 17 anni.<\/p>\n<p>Ha indicato come modelli <strong>quattro piloti<\/strong>, tutti spagnoli: i fratelli Marquez, Pedro Acosta e Jorge Lorenzo, che lo ha consigliato anche al sabato dell\u2019indonesia. Di Lorenzo ha anche il numero, 99.<\/p>\n<p>Nell\u2019inverno tra il 2024 e il 2025 ha detto di essersi <strong>allenato molto sul guidare forte da solo<\/strong>, caratteristica molto importante per la Moto3. L\u2019obiettivo alla vigilia di questa stagione era \u201c<strong>essere pi\u00f9 costante<\/strong>\u201d, ci \u00e8 riuscito. Ha vinto il mondiale di Moto3 al terzo anno completo in questa categoria, dopo un 9\u00b0 e un 7\u00b0 posto finali.<\/p>\n<p>Apprendiamo che tra i tanti piloti campioni del mondo spagnoli Rueda \u00e8 il <strong>primo Andaluso<\/strong>. Nel 2026 \u00e8 previsto il suo passaggio\u00a0in Moto2 con il team Red Bull Ajo.<\/p>\n<p>                            <img decoding=\"async\" class=\"img-fluid\" loading=\"lazy\" data-zoomable=\"\" src=\"https:\/\/img.stcrm.it\/images\/47118982\/800x\/20251007-111131939-3253.png\" data-zoom-src=\"https:\/\/www.europesays.com\/it\/wp-content\/uploads\/2025\/10\/20251007-111131939-3253.png\" width=\"1920\" height=\"1080\" alt=\"\"\/><\/p>\n<p>                            <img decoding=\"async\" class=\"img-fluid\" loading=\"lazy\" data-zoomable=\"\" src=\"https:\/\/img.stcrm.it\/images\/47118981\/800x\/20251007-111125894-2300.png\" data-zoom-src=\"https:\/\/www.europesays.com\/it\/wp-content\/uploads\/2025\/10\/20251007-111125894-2300.png\" width=\"1920\" height=\"1080\" alt=\"\"\/><\/p>\n<p>                            <img decoding=\"async\" class=\"img-fluid\" loading=\"lazy\" data-zoomable=\"\" src=\"https:\/\/img.stcrm.it\/images\/47118986\/800x\/20251007-111154441-8378.png\" data-zoom-src=\"https:\/\/www.europesays.com\/it\/wp-content\/uploads\/2025\/10\/20251007-111154441-8378.png\" width=\"1920\" height=\"1080\" alt=\"\"\/><\/p>\n","protected":false},"excerpt":{"rendered":"Nato a Siviglia nel 2005, ha vinto il mondiale della classe minore al terzo tentativo 7 ottobre 2025&hellip;\n","protected":false},"author":3,"featured_media":151389,"comment_status":"","ping_status":"","sticky":false,"template":"","format":"standard","meta":{"footnotes":""},"categories":[1455],"tags":[3004,1537,90,89,1789,1783,1802,1785,1806,1784,245,244],"class_list":{"0":"post-151388","1":"post","2":"type-post","3":"status-publish","4":"format-standard","5":"has-post-thumbnail","7":"category-moto","8":"tag-3004","9":"tag-it","10":"tag-italia","11":"tag-italy","12":"tag-jose-antonio-rueda","13":"tag-moto","14":"tag-moto3","15":"tag-motogp","16":"tag-motomondiale","17":"tag-motorcycle","18":"tag-sport","19":"tag-sports"},"share_on_mastodon":{"url":"","error":""},"_links":{"self":[{"href":"https:\/\/www.europesays.com\/it\/wp-json\/wp\/v2\/posts\/151388","targetHints":{"allow":["GET"]}}],"collection":[{"href":"https:\/\/www.europesays.com\/it\/wp-json\/wp\/v2\/posts"}],"about":[{"href":"https:\/\/www.europesays.com\/it\/wp-json\/wp\/v2\/types\/post"}],"author":[{"embeddable":true,"href":"https:\/\/www.europesays.com\/it\/wp-json\/wp\/v2\/users\/3"}],"replies":[{"embeddable":true,"href":"https:\/\/www.europesays.com\/it\/wp-json\/wp\/v2\/comments?post=151388"}],"version-history":[{"count":0,"href":"https:\/\/www.europesays.com\/it\/wp-json\/wp\/v2\/posts\/151388\/revisions"}],"wp:featuredmedia":[{"embeddable":true,"href":"https:\/\/www.europesays.com\/it\/wp-json\/wp\/v2\/media\/151389"}],"wp:attachment":[{"href":"https:\/\/www.europesays.com\/it\/wp-json\/wp\/v2\/media?parent=151388"}],"wp:term":[{"taxonomy":"category","embeddable":true,"href":"https:\/\/www.europesays.com\/it\/wp-json\/wp\/v2\/categories?post=151388"},{"taxonomy":"post_tag","embeddable":true,"href":"https:\/\/www.europesays.com\/it\/wp-json\/wp\/v2\/tags?post=151388"}],"curies":[{"name":"wp","href":"https:\/\/api.w.org\/{rel}","templated":true}]}}