{"id":151404,"date":"2025-10-07T12:16:13","date_gmt":"2025-10-07T12:16:13","guid":{"rendered":"https:\/\/www.europesays.com\/it\/151404\/"},"modified":"2025-10-07T12:16:13","modified_gmt":"2025-10-07T12:16:13","slug":"dove-andra-il-tempo","status":"publish","type":"post","link":"https:\/\/www.europesays.com\/it\/151404\/","title":{"rendered":"dove andr\u00e0 \u2013 Il Tempo"},"content":{"rendered":"<p>            <img decoding=\"async\" src=\"https:\/\/www.europesays.com\/it\/wp-content\/uploads\/2025\/10\/104725236-d643c9de-f0f0-4116-beee-a905b312fa06.jpg\" class=\"lazy\" alt=\"\"\/><\/p>\n<p>        Foto: Lapresse<\/p>\n<p>&#13;<\/p>\n<p>\t\t\t\t\t\t\t<a href=\"\" class=\"author\">Francesco Capozza<\/a><\/p>\n<p>\t\t\t\t\t\t\t07 ottobre 2025<\/p>\n<p>La Santa Sede ha annunciato ufficialmente questa mattina, marted\u00ec 7 ottobre, il primo viaggio Apostolico di Papa Leone XIV. Come ampiamente previsto il pontefice ha deciso di recarsi a Nicea, in Turchia, un viaggio inizialmente gi\u00e0 ipotizzato da Papa Francesco ma che le delicate condizioni di salute e la sua successiva morte avevano lasciato incompiuto. La sala stampa vaticana fa quindi sapere oggi che \u00abaccogliendo l\u2019invito del Capo di Stato e delle Autorit\u00e0 ecclesiastiche del Paese, il Santo Padre Leone XIV compir\u00e0 un Viaggio Apostolico in Turchia dal 27 al 30 novembre prossimi, recandosi in pellegrinaggio a \u0130znik in occasione del 1700\u00b0 anniversario del Primo Concilio di Nicea\u00bb.<\/p>\n<p>\u00a0<\/p>\n<p>\t\t\t\t\t\t\t\t<a href=\"https:\/\/www.iltempo.it\/attualita\/2025\/10\/06\/news\/papa-leone-ior-investimenti-finanziari-niente-esclusiva-coniucta-cura-vaticano-44430517\/\" rel=\"nofollow noopener\" target=\"_blank\"><\/p>\n<p>\t\t\t\t\t\t\t\t\t\t<img decoding=\"async\" src=\"https:\/\/img.iltempo.it\/images\/2025\/10\/06\/110300678-265ae449-b3d8-44e2-970a-0f430ab0c4c5.jpg\" class=\"lazy\" alt=\"Papa Leone ridimensiona lo Ior: niente pi\u00f9 esclusiva, lo scossone in Vaticano\" bad-src=\"https:\/\/www.europesays.com\/it\/wp-content\/uploads\/2025\/07\/placeholder_iltempo.png\"\/><\/p>\n<p>\t\t\t\t\t\t\t\t<\/a><\/p>\n<p>\u00a0<\/p>\n<p>Il pontefice non visiter\u00e0 per\u00f2 solo la Turchia ma prima di rientrare in Italia ha deciso di compiere anche una significativa tappa di tre giorni in Libano, una terra difficile e praticamente confinante con gli scenari di guerra in Israele e a Gaza. Viene infatti reso noto che \u00abrispondendo all\u2019invito del Capo di Stato e delle Autorit\u00e0 ecclesiastiche del Libano, il Santo Padre si recher\u00e0 in Viaggio Apostolico nel Paese dal 30 novembre al 2 dicembre\u00bb. La sala stampa ha infine comunicato che \u00abil programma del Viaggio sar\u00e0 reso noto a suo tempo\u00bb. Leone inizia quindi a viaggiare all\u2019estero, seguendo le orme dei pontefici recenti da Paolo VI che hanno girato in lungo e in largo il pianeta. Papa Francesco, in dodici anni di pontificato, ha compiuto 47 viaggi Apostolici in sessantasei paesi diversi ma il record assoluto spetta ancora una volta a Giovanni Paolo II: in 104 viaggi all\u2019estero Wojtyla ha visitato 129 nazioni e percorso oltre un milione di chilometri.<\/p>\n<p>\u00a0<\/p>\n<p>\t\t\t\t\t\t\t\t<a href=\"https:\/\/www.iltempo.it\/attualita\/2025\/10\/02\/news\/tribunale-rota-romana-konrad-maria-ackermann-nuovo-promotore-giustizia-44373413\/\" rel=\"nofollow noopener\" target=\"_blank\"><\/p>\n<p>\t\t\t\t\t\t\t\t\t\t<img decoding=\"async\" src=\"https:\/\/img.iltempo.it\/images\/2025\/10\/02\/115703396-525f7404-940e-4a4d-98b8-c4850b1db2c8.jpeg\" class=\"lazy\" alt=\"Rota Romana, Konrad Maria Ackermann nuovo promotore di Giustizia\" bad-src=\"https:\/\/www.europesays.com\/it\/wp-content\/uploads\/2025\/07\/placeholder_iltempo.png\"\/><\/p>\n<p>\t\t\t\t\t\t\t\t<\/a><\/p>\n","protected":false},"excerpt":{"rendered":"Foto: Lapresse &#13; Francesco Capozza 07 ottobre 2025 La Santa Sede ha annunciato ufficialmente questa mattina, marted\u00ec 7&hellip;\n","protected":false},"author":3,"featured_media":151405,"comment_status":"","ping_status":"","sticky":false,"template":"","format":"standard","meta":{"footnotes":""},"categories":[160],"tags":[14,164,165,166,7,15,1357,11,167,12,168,161,162,163],"class_list":{"0":"post-151404","1":"post","2":"type-post","3":"status-publish","4":"format-standard","5":"has-post-thumbnail","7":"category-mondo","8":"tag-cronaca","9":"tag-dal-mondo","10":"tag-dalmondo","11":"tag-mondo","12":"tag-news","13":"tag-notizie","14":"tag-papa-leone","15":"tag-ultime-notizie","16":"tag-ultime-notizie-di-mondo","17":"tag-ultimenotizie","18":"tag-ultimenotiziedimondo","19":"tag-world","20":"tag-world-news","21":"tag-worldnews"},"share_on_mastodon":{"url":"","error":""},"_links":{"self":[{"href":"https:\/\/www.europesays.com\/it\/wp-json\/wp\/v2\/posts\/151404","targetHints":{"allow":["GET"]}}],"collection":[{"href":"https:\/\/www.europesays.com\/it\/wp-json\/wp\/v2\/posts"}],"about":[{"href":"https:\/\/www.europesays.com\/it\/wp-json\/wp\/v2\/types\/post"}],"author":[{"embeddable":true,"href":"https:\/\/www.europesays.com\/it\/wp-json\/wp\/v2\/users\/3"}],"replies":[{"embeddable":true,"href":"https:\/\/www.europesays.com\/it\/wp-json\/wp\/v2\/comments?post=151404"}],"version-history":[{"count":0,"href":"https:\/\/www.europesays.com\/it\/wp-json\/wp\/v2\/posts\/151404\/revisions"}],"wp:featuredmedia":[{"embeddable":true,"href":"https:\/\/www.europesays.com\/it\/wp-json\/wp\/v2\/media\/151405"}],"wp:attachment":[{"href":"https:\/\/www.europesays.com\/it\/wp-json\/wp\/v2\/media?parent=151404"}],"wp:term":[{"taxonomy":"category","embeddable":true,"href":"https:\/\/www.europesays.com\/it\/wp-json\/wp\/v2\/categories?post=151404"},{"taxonomy":"post_tag","embeddable":true,"href":"https:\/\/www.europesays.com\/it\/wp-json\/wp\/v2\/tags?post=151404"}],"curies":[{"name":"wp","href":"https:\/\/api.w.org\/{rel}","templated":true}]}}