{"id":151412,"date":"2025-10-07T12:22:10","date_gmt":"2025-10-07T12:22:10","guid":{"rendered":"https:\/\/www.europesays.com\/it\/151412\/"},"modified":"2025-10-07T12:22:10","modified_gmt":"2025-10-07T12:22:10","slug":"confartigianato-e-la-lotta-al-cancro-al-seno","status":"publish","type":"post","link":"https:\/\/www.europesays.com\/it\/151412\/","title":{"rendered":"Confartigianato e la lotta al cancro al seno"},"content":{"rendered":"<p>&#13;<br \/>\n      &#13;<br \/>\n&#13;<br \/>\n     &#13;<br \/>\n        &#13;<\/p>\n<p>Confartigianato Imprese Arezzo conferma il proprio impegno in prima linea nel sensibilizzare e supportare il mondo femminile che gravita attorno al contesto associativo: imprenditrici, dipendenti, pensionate. Oltre ad avere attivato da molti anni convenzioni mirate per facilitare l\u2019accesso a percorsi di diagnosi preventiva presso i centri specializzati del nostro territorio, quest\u2019anno l\u2019Associazione ha deciso di offrire un\u2019occasione di confronto aperta a tutta la cittadinanza.<\/p>\n<p>Per questo ha organizzato l\u2019evento \u201cLei, lui e l\u2019altro. Mente, Corpo e Relazioni nella Battaglia contro il Cancro al Seno\u201d, che si terr\u00e0 mercoled\u00ec 15 ottobre 2025 alle 17.00 presso il Teatro Petrarca di Arezzo. Seguir\u00e0 alle 20.00 un cocktail di beneficenza presso il Ristorante Logge Vasari. E\u2019 possibile iscriversi e donare attraverso i canali L\u2019intero ricavato sar\u00e0 devoluto alla Fondazione Radioterapia Oncologica dell\u2019Ospedale di Careggi, la cui Breast Unit nel 2024 \u00e8 stata riconosciuta da AGENAS al primo posto a livello nazionale. Ospiti dell\u2019evento saranno la Dott.ssa Roberta Bruzzone, Psicologa Forense e Criminologa Investigativa, il Prof. Icro Meattini, Responsabile Breast Unit AUO Careggi, il Dr. Luca Visani, Dirigente Medico SOD Radioterapia e referente Studi Clinici Breast Unit AUO Careggi, il Dott. Francesco Zarro, Psicoterapeuta, Ex Giudice Onorario Tribunale dei Minori Firenze UER, il Dr. Marco Scrocca, Medico Chirurgo, Radiologo Senologo e Direttore di ISA Sanit\u00e0 srl.<\/p>\n<p>Gli ospiti del mondo scientifico, attraverso il dibattito, approfondiranno il tema della prevenzione, della ricerca terapeutica e dell\u2019impatto che il cancro al seno ha sulla vita delle donne e sulle loro relazioni familiari, genitoriali e di coppia. Verranno inoltre affrontate le dinamiche spesso invisibili che coinvolgono partner, figli e genitori, e la relazione cruciale delle donne con s\u00e9 stesse, con il proprio corpo e con l\u2019immagine riflessa nello specchio. L\u2019intervento della dottoressa Bruzzone si concentrer\u00e0 in particolare sui rischi legati alle diverse forme di manipolazione che possono colpire una donna nel delicato periodo di vulnerabilit\u00e0 che accompagna la malattia.<\/p>\n<p>\u201cLa prevenzione \u00e8 l\u2019arma pi\u00f9 potente che abbiamo contro il cancro al seno \u2013 sottolinea Alessandra Papini, segretario Confartigianato Imprese Arezzo \u2013 ma non basta. Per contrastare con coraggio questa malattia dobbiamo affrontare anche gli aspetti psicologici e relazionali che porta con s\u00e9. Con questo evento, come Associazione, vogliamo accendere un faro su un tema che riguarda le donne, ma che inevitabilmente coinvolge anche le loro famiglie, i partner, i luoghi di lavoro e l\u2019intera comunit\u00e0. \u00c8 un invito a riflettere, a condividere esperienze e a rafforzare insieme la cultura della prevenzione e della solidariet\u00e0\u201d.<\/p>\n<p>\u201cRingraziamo fortemente Confartigianato Imprese Arezzo \u2013 afferma la Fondazione Radioterapia Oncologica dell\u2019Ospedale di Careggi &#8211; per la sensibilit\u00e0 e l\u2019impegno dimostrati nell\u2019organizzare questa importante iniziativa. Non solo per il sostegno concreto alla nostra Fondazione attraverso la raccolta fondi, ma anche per l\u2019attenzione al valore divulgativo di un tema che riguarda da vicino migliaia di donne, le loro famiglie e che investe con urgenza l\u2019intera societ\u00e0. Solo con la collaborazione tra mondo associativo, istituzioni sanitarie e comunit\u00e0 possiamo continuare a garantire qualit\u00e0 nella ricerca, nell\u2019assistenza e nei percorsi di cura\u201d.<\/p>\n<p>Per registrazioni, informazioni e partecipazione telefona al numero 05753141 oppure scrivi a <a href=\"https:\/\/www.arezzonotizie.it\/eventi\/mailto:info@artigianiarezzo.it\" rel=\"nofollow noopener\" target=\"_blank\">info@artigianiarezzo.it<\/a><\/p>\n<p> &#13;<br \/>\n       &#13;<br \/>\n&#13;<br \/>\n&#13;<br \/>\n  &#13;<br \/>\n  &#13;<br \/>\n&#13;<br \/>\n    &#13;<br \/>\n&#13;<br \/>\n        &#13;<br \/>\n        &#13;<br \/>\n               &#13;<br \/>\n      &#13;<br \/>\n      &#13;<br \/>\n                  &#13;<br \/>\n   &#13;<br \/>\n&#13;<br \/>\n &#13;<br \/>\n      &#13;<br \/>\n&#13;<br \/>\n      &#13;<\/p>\n","protected":false},"excerpt":{"rendered":"&#13; &#13; &#13; &#13; &#13; Confartigianato Imprese Arezzo conferma il proprio impegno in prima linea nel sensibilizzare e&hellip;\n","protected":false},"author":3,"featured_media":151413,"comment_status":"","ping_status":"","sticky":false,"template":"","format":"standard","meta":{"footnotes":""},"categories":[1480],"tags":[29879,15184,626,1944,239,1537,90,89,374,240,1942,1943,1940,1941],"class_list":{"0":"post-151412","1":"post","2":"type-post","3":"status-publish","4":"format-standard","5":"has-post-thumbnail","7":"category-salute-femminile","8":"tag-cancro-al-seno","9":"tag-confartigianato","10":"tag-eventi","11":"tag-femminile","12":"tag-health","13":"tag-it","14":"tag-italia","15":"tag-italy","16":"tag-prevenzione","17":"tag-salute","18":"tag-salute-femminile","19":"tag-salutefemminile","20":"tag-womens-health","21":"tag-womenshealth"},"share_on_mastodon":{"url":"","error":""},"_links":{"self":[{"href":"https:\/\/www.europesays.com\/it\/wp-json\/wp\/v2\/posts\/151412","targetHints":{"allow":["GET"]}}],"collection":[{"href":"https:\/\/www.europesays.com\/it\/wp-json\/wp\/v2\/posts"}],"about":[{"href":"https:\/\/www.europesays.com\/it\/wp-json\/wp\/v2\/types\/post"}],"author":[{"embeddable":true,"href":"https:\/\/www.europesays.com\/it\/wp-json\/wp\/v2\/users\/3"}],"replies":[{"embeddable":true,"href":"https:\/\/www.europesays.com\/it\/wp-json\/wp\/v2\/comments?post=151412"}],"version-history":[{"count":0,"href":"https:\/\/www.europesays.com\/it\/wp-json\/wp\/v2\/posts\/151412\/revisions"}],"wp:featuredmedia":[{"embeddable":true,"href":"https:\/\/www.europesays.com\/it\/wp-json\/wp\/v2\/media\/151413"}],"wp:attachment":[{"href":"https:\/\/www.europesays.com\/it\/wp-json\/wp\/v2\/media?parent=151412"}],"wp:term":[{"taxonomy":"category","embeddable":true,"href":"https:\/\/www.europesays.com\/it\/wp-json\/wp\/v2\/categories?post=151412"},{"taxonomy":"post_tag","embeddable":true,"href":"https:\/\/www.europesays.com\/it\/wp-json\/wp\/v2\/tags?post=151412"}],"curies":[{"name":"wp","href":"https:\/\/api.w.org\/{rel}","templated":true}]}}