{"id":151416,"date":"2025-10-07T12:25:10","date_gmt":"2025-10-07T12:25:10","guid":{"rendered":"https:\/\/www.europesays.com\/it\/151416\/"},"modified":"2025-10-07T12:25:10","modified_gmt":"2025-10-07T12:25:10","slug":"italia-v-australia-in-friuli-venezia-giulia-una-settimana-dedicata-alla-promozione-del-test-match-di-udine","status":"publish","type":"post","link":"https:\/\/www.europesays.com\/it\/151416\/","title":{"rendered":"Italia v Australia, in Friuli Venezia Giulia una settimana dedicata alla promozione del Test Match di Udine"},"content":{"rendered":"\n<p><strong>Roma \u2013<\/strong>\u00a0Il Friuli Venezia Giulia si appresta a vivere una settimana a forte caratterizzazione rugbistica, con una serie di appuntamenti dedicati alla promozione di Italia v Australia, la sfida che sabato 8 novembre al Bluenergy Stadium di Udine inaugurer\u00e0 le Quilter Nations Series, primo appuntamento di stagione per gli Azzurri di Gonzalo Quesada.<\/p>\n<p><strong><a href=\"https:\/\/federugby.ticketone.it\/catalog\" rel=\"nofollow noopener\" target=\"_blank\">Clicca qui per i biglietti delle Quilter Nations Series<\/a><\/strong><\/p>\n<p>La Federazione Italiana Rugby, con il supporto del proprio Comitato Regionale, ha previsto un calendario di impegni mirati a coinvolgere la comunit\u00e0 rugbistica e sportiva locale, promuovendo al tempo stesso la sfida contro i Wallabies australiani che torneranno in Italia per la prima volta dopo essere stati battuti di misura, 28-27, nel 2022 al \u201cFranchi\u201d di Firenze.<\/p>\n<p>Mercoled\u00ec 8 ottobre, per segnare un mese esatto dal calcio d\u2019inizio della sfida del Bluenergy Stadium, il secondo linea dell\u2019Italia e della Benetton Rugby Niccol\u00f2 Cannone sar\u00e0 a Pordenone presso la societ\u00e0 Pordenone rugby \u2013 con il supporto attivo del Comune di Pordenone \u2013 a partire dalle ore 17 per incontrare le Societ\u00e0 del territorio per una sessione autografi aperta a tutto il mondo dello sport friulano: un\u2019opportunit\u00e0 per conoscere e lasciarsi ispirare dall\u2019avanti fiorentino, capitano dell\u2019Italia negli ultimi due test-match del tour estivo in Sudafrica.<\/p>\n<p>La settimana dedicata al rugby si sposter\u00e0 a Trieste a partire da gioved\u00ec 9 ottobre alle 18.30 presso il \u201cVillaggio Barcolana\u201d all\u2019interno dell\u2019Hospitality di Promo Turismo FVG, dove \u00e8 in programma il talk \u201cIl Rugby come Motore\u201d \u2013 che vedr\u00e0 tra i relatori Gonzalo Quesada, Commissario Tecnico della Nazionale Italiana Maschile, il suo collega della Nazionale Italiana Seven Maschile \u2013 Matteo Mazzantini \u2013 oltre alla partecipazione di Elisa Facchini, Head Coach della Nazionale Italiana U18 Femminile, e Andrea Marcon, Presidente Coni Friuli Venezia Giulia.<\/p>\n<p>Venerd\u00ec 10 ottobre, presso la societ\u00e0 Venjulia Rugby Trieste, Gonzalo Quesada incontrer\u00e0 i tecnici della regione per un incontro volto allo scambio formativo sullo sviluppo del rugby a cui far\u00e0 seguito un incontro sul campo con le squadre giovanili delle societ\u00e0 del Territorio.\u00a0<\/p>\n<p>Gli appuntamenti dedicati alla palla ovale proseguiranno poi nel weekend della Barcolana, la storica regata della citt\u00e0 di Trieste, giunta all\u2019edizione numero 57.<\/p>\n<p>L\u2019appuntamento velico pi\u00f9 partecipato al mondo vivr\u00e0 un primo momento di matrice ovale sabato 11 ottobre, con la partecipazione di atleti del <a href=\"https:\/\/federugby.it\/rugby-e-disabilita-2\/\" rel=\"nofollow noopener\" target=\"_blank\"><strong>rugby integrato<\/strong><\/a> a una speciale Veleggiata mentre domenica 12 la Federazione Italiana Rugby parteciper\u00e0 alla Barcolana con una barca brandizzata per promuovere Italia v Australia e con un equipaggio d\u2019eccezione, composto tra gli altri dal Presidente FIR Andrea Duodo, dal Centurione azzurro e oggi Consigliere Federale Leonardo Ghiraldini e dagli ex Azzurri Carlo Checchinato e Matteo Mazzantini, oggi rispettivamente Direttore Commerciale di FIR e CT della Nazionale Italiana 7s Maschile.<\/p>\n","protected":false},"excerpt":{"rendered":"Roma \u2013\u00a0Il Friuli Venezia Giulia si appresta a vivere una settimana a forte caratterizzazione rugbistica, con una serie&hellip;\n","protected":false},"author":3,"featured_media":151417,"comment_status":"","ping_status":"","sticky":false,"template":"","format":"standard","meta":{"footnotes":""},"categories":[1458],"tags":[1537,90,89,1840,245,244],"class_list":{"0":"post-151416","1":"post","2":"type-post","3":"status-publish","4":"format-standard","5":"has-post-thumbnail","7":"category-rugby","8":"tag-it","9":"tag-italia","10":"tag-italy","11":"tag-rugby","12":"tag-sport","13":"tag-sports"},"share_on_mastodon":{"url":"","error":""},"_links":{"self":[{"href":"https:\/\/www.europesays.com\/it\/wp-json\/wp\/v2\/posts\/151416","targetHints":{"allow":["GET"]}}],"collection":[{"href":"https:\/\/www.europesays.com\/it\/wp-json\/wp\/v2\/posts"}],"about":[{"href":"https:\/\/www.europesays.com\/it\/wp-json\/wp\/v2\/types\/post"}],"author":[{"embeddable":true,"href":"https:\/\/www.europesays.com\/it\/wp-json\/wp\/v2\/users\/3"}],"replies":[{"embeddable":true,"href":"https:\/\/www.europesays.com\/it\/wp-json\/wp\/v2\/comments?post=151416"}],"version-history":[{"count":0,"href":"https:\/\/www.europesays.com\/it\/wp-json\/wp\/v2\/posts\/151416\/revisions"}],"wp:featuredmedia":[{"embeddable":true,"href":"https:\/\/www.europesays.com\/it\/wp-json\/wp\/v2\/media\/151417"}],"wp:attachment":[{"href":"https:\/\/www.europesays.com\/it\/wp-json\/wp\/v2\/media?parent=151416"}],"wp:term":[{"taxonomy":"category","embeddable":true,"href":"https:\/\/www.europesays.com\/it\/wp-json\/wp\/v2\/categories?post=151416"},{"taxonomy":"post_tag","embeddable":true,"href":"https:\/\/www.europesays.com\/it\/wp-json\/wp\/v2\/tags?post=151416"}],"curies":[{"name":"wp","href":"https:\/\/api.w.org\/{rel}","templated":true}]}}