{"id":151426,"date":"2025-10-07T12:39:10","date_gmt":"2025-10-07T12:39:10","guid":{"rendered":"https:\/\/www.europesays.com\/it\/151426\/"},"modified":"2025-10-07T12:39:10","modified_gmt":"2025-10-07T12:39:10","slug":"uno-spazio-sicuro-e-inclusivo-per-studenti-e-associazioni-sportive","status":"publish","type":"post","link":"https:\/\/www.europesays.com\/it\/151426\/","title":{"rendered":"uno spazio sicuro e inclusivo per studenti e associazioni sportive"},"content":{"rendered":"<p>Riqualificata la palestra comunale di via Santa Vittoria di Manoppello che torna dunque a essere pienamente fruibile non solo agli studenti (si trova nell\u2019istituto comprensivo di Manoppello), ma a tutte le associazioni sportive del territorio e dunque a tutti i ragazzi compresi quelli con disabilit\u00e0 visto che anche sul fronte accessibilit\u00e0 si \u00e8 intervenuti.\u00a0<\/p>\n<p>Una riqualificazione che, sottolinea l\u2019amministrazione, arriva a vent\u2019anni dalla costruzione della palestra che ora, grazie ai 150mila euro del Fondo sviluppo e coesione della Regione Abruzzo e i 67mila 500 che ci ha messo il Comune (impegnate con un mutuo con il Credito sportivo) per un investimento complessivo \u00e8 di euro 217.500 \u00e8 stata completamente rinnovata. I lavori hanno infatti riguardato il ripristino della pavimentazione, l\u2019adeguamento della tribuna, la realizzazione dei servizi per le persone con disabilit\u00e0, l\u2019installazione di pannelli fonoassorbenti su pareti e soffitto, e la sistemazione dell\u2019area perimetrale.\u00a0<\/p>\n<p><a href=\"https:\/\/www.ilpescara.it\/social\/canale-whatsapp-ilpescara-ecco-come-iscriversi.html\" rel=\"nofollow noopener\" target=\"_blank\"><strong>Ricevi le notizie de IlPescara su Whatsapp<\/strong><\/a><\/p>\n<p>\u201cSiamo felici di riconsegnare alla comunit\u00e0 scolastica e alle associazioni che hanno gi\u00e0 ripreso le attivit\u00e0 sportive nello stabile un impianto rinnovato, pi\u00f9 sicuro, accessibile e funzionale, all\u2019altezza delle esigenze sempre crescenti dell\u2019istituto scolastico e delle associazioni sportive del territorio e in grado di rispondere in modo adeguato alle esigenze di chi lo vive quotidianamente\u201d, dichiarano il sindaco Giorgio De Luca e l\u2019assessore all\u2019istruzione Roberto Cavallo.\u00a0<\/p>\n<p>\u201cNon si tratta solo di un\u2019opera di manutenzione \u2013 aggiungono -, ma di un investimento concreto sul benessere delle giovani generazioni e sul valore dello sport come strumento di inclusione e crescita\u201d. Il progetto, approvato con delibera di giunta comunale 131 del 2020, \u00e8 stato revisionato nel 2024 secondo le indicazioni del Coni. I lavori sono stati appaltati alla ditta Time rivestimenti di Pescara, avviati a giugno 2025 e conclusi a inizio settembre. La progettista \u00e8 l\u2019architetto Floriana Cesarone.<\/p>\n","protected":false},"excerpt":{"rendered":"Riqualificata la palestra comunale di via Santa Vittoria di Manoppello che torna dunque a essere pienamente fruibile non&hellip;\n","protected":false},"author":3,"featured_media":151427,"comment_status":"","ping_status":"","sticky":false,"template":"","format":"standard","meta":{"footnotes":""},"categories":[175],"tags":[8153,239,1537,90,89,2398,5201,240],"class_list":{"0":"post-151426","1":"post","2":"type-post","3":"status-publish","4":"format-standard","5":"has-post-thumbnail","7":"category-salute","8":"tag-comuni","9":"tag-health","10":"tag-it","11":"tag-italia","12":"tag-italy","13":"tag-palestre","14":"tag-riqualificazioni","15":"tag-salute"},"share_on_mastodon":{"url":"","error":""},"_links":{"self":[{"href":"https:\/\/www.europesays.com\/it\/wp-json\/wp\/v2\/posts\/151426","targetHints":{"allow":["GET"]}}],"collection":[{"href":"https:\/\/www.europesays.com\/it\/wp-json\/wp\/v2\/posts"}],"about":[{"href":"https:\/\/www.europesays.com\/it\/wp-json\/wp\/v2\/types\/post"}],"author":[{"embeddable":true,"href":"https:\/\/www.europesays.com\/it\/wp-json\/wp\/v2\/users\/3"}],"replies":[{"embeddable":true,"href":"https:\/\/www.europesays.com\/it\/wp-json\/wp\/v2\/comments?post=151426"}],"version-history":[{"count":0,"href":"https:\/\/www.europesays.com\/it\/wp-json\/wp\/v2\/posts\/151426\/revisions"}],"wp:featuredmedia":[{"embeddable":true,"href":"https:\/\/www.europesays.com\/it\/wp-json\/wp\/v2\/media\/151427"}],"wp:attachment":[{"href":"https:\/\/www.europesays.com\/it\/wp-json\/wp\/v2\/media?parent=151426"}],"wp:term":[{"taxonomy":"category","embeddable":true,"href":"https:\/\/www.europesays.com\/it\/wp-json\/wp\/v2\/categories?post=151426"},{"taxonomy":"post_tag","embeddable":true,"href":"https:\/\/www.europesays.com\/it\/wp-json\/wp\/v2\/tags?post=151426"}],"curies":[{"name":"wp","href":"https:\/\/api.w.org\/{rel}","templated":true}]}}