{"id":151466,"date":"2025-10-07T13:15:11","date_gmt":"2025-10-07T13:15:11","guid":{"rendered":"https:\/\/www.europesays.com\/it\/151466\/"},"modified":"2025-10-07T13:15:11","modified_gmt":"2025-10-07T13:15:11","slug":"visite-a-domicilio-per-gli-over-65-fragili-5-milioni-di-euro-da-regione-allats-brianza","status":"publish","type":"post","link":"https:\/\/www.europesays.com\/it\/151466\/","title":{"rendered":"Visite a domicilio per gli over 65 fragili: 5 milioni di euro da Regione all\u2019ATS Brianza"},"content":{"rendered":"<p>                <a href=\"https:\/\/www.laprovinciaunicatv.it\/publisher\/Cronaca\/section\/\" class=\"lecco-color-text\" alt=\"Cronaca\" rel=\"nofollow noopener\" target=\"_blank\">Cronaca<\/a><\/p>\n<p>                    \/<\/p>\n<p>                        <a href=\"https:\/\/www.laprovinciaunicatv.it\/publisher\/lecco-citta\/section\/\" alt=\"Lecco citt\u00e0\" rel=\"nofollow noopener\" target=\"_blank\">Lecco citt\u00e0<\/a><\/p>\n<p>                        Marted\u00ec 07 Ottobre 2025<\/p>\n<p class=\"mb-0\">\n            Regione Lombardia avvia una sperimentazione che porta le visite specialistiche direttamente a casa degli anziani fragili. All\u2019ATS Brianza, che comprende anche la provincia di Lecco, destinati oltre 5,4 milioni di euro nell\u2019ambito del PNRR per potenziare la sanit\u00e0 di prossimit\u00e0.\n        <\/p>\n<p>Regione Lombardia ha approvato un nuovo provvedimento che introduce, in via sperimentale, visite specialistiche domiciliari per le persone over 65 fragili, con difficolt\u00e0 ad accedere ai servizi ambulatoriali. L\u2019iniziativa punta a rendere la casa il primo luogo di cura, rafforzando la presa in carico territoriale dei pazienti pi\u00f9 vulnerabili.<\/p>\n<p>All\u2019ATS Brianza, competente anche per il territorio lecchese, \u00e8 stata assegnata una quota di quasi 5,5 milioni di euro. Le risorse serviranno a potenziare i servizi di assistenza domiciliare gi\u00e0 attivi, ampliando l\u2019offerta di prestazioni specialistiche direttamente al domicilio degli anziani.<\/p>\n<p>\u00abCon questo investimento concreto, portiamo la medicina specialistica a casa delle persone che pi\u00f9 ne hanno bisogno\u00bb, dichiara il sottosegretario alla Presidenza di Regione Lombardia, Mauro Piazza. \u00abLa nostra priorit\u00e0 \u00e8 rendere i servizi sanitari pi\u00f9 accessibili, soprattutto per gli anziani soli, con difficolt\u00e0 motorie o residenti in aree pi\u00f9 isolate. L\u2019ATS Brianza avr\u00e0 un ruolo centrale nel coordinare queste nuove attivit\u00e0 sul territorio lecchese, assicurando qualit\u00e0, continuit\u00e0 e prossimit\u00e0 delle cure\u00bb.<\/p>\n<p>Il provvedimento prosegue il percorso avviato con la DGR n. 4891\/2025, che aveva promosso progettualit\u00e0 sperimentali da parte delle ASST. Con il coinvolgimento di tutti gli erogatori domiciliari accreditati, la Regione compie ora un passo ulteriore verso un modello di sanit\u00e0 territoriale integrata.<\/p>\n<p>A livello regionale il finanziamento complessivo previsto \u00e8 di 44 milioni di euro, provenienti dal PNRR \u2013 Investimento 1.2 \u00abADI \u2013 Assistenza Domiciliare Integrata\u00bb. Il riparto tra le ATS \u00e8 stato definito sulla base della distribuzione della popolazione anziana nei diversi territori.<\/p>\n<p>\u00abSi tratta di un\u2019azione concreta per garantire maggiore equit\u00e0 e accesso alle cure \u2013 conclude Piazza \u2013. Le persone fragili non devono essere lasciate sole: con questo provvedimento, Regione Lombardia dimostra che la sanit\u00e0 pubblica pu\u00f2 e deve arrivare dove c\u2019\u00e8 pi\u00f9 bisogno, anche dentro le mura di casa\u00bb.<\/p>\n<p class=\"articolo-riservato\">\n                            \u00a9 RIPRODUZIONE RISERVATA\n                        <\/p>\n","protected":false},"excerpt":{"rendered":"Cronaca \/ Lecco citt\u00e0 Marted\u00ec 07 Ottobre 2025 Regione Lombardia avvia una sperimentazione che porta le visite specialistiche&hellip;\n","protected":false},"author":3,"featured_media":151467,"comment_status":"","ping_status":"","sticky":false,"template":"","format":"standard","meta":{"footnotes":""},"categories":[1481],"tags":[185,2065,2066,51060,184,1909,76559,239,2063,2064,1537,90,89,28317,5277,477,9964,20749,240,7480,2258],"class_list":{"0":"post-151466","1":"post","2":"type-post","3":"status-publish","4":"format-standard","5":"has-post-thumbnail","7":"category-assistenza-sanitaria","8":"tag-affari-e-finanza","9":"tag-assistenza-sanitaria","10":"tag-assistenzasanitaria","11":"tag-ats-brianza","12":"tag-economia","13":"tag-famiglia","14":"tag-finanza-generico","15":"tag-health","16":"tag-health-care","17":"tag-healthcare","18":"tag-it","19":"tag-italia","20":"tag-italy","21":"tag-mauro-piazza","22":"tag-medicina","23":"tag-politica","24":"tag-politica-interna","25":"tag-regione-lombardia","26":"tag-salute","27":"tag-servizio-sanitario-nazionale","28":"tag-sociale"},"share_on_mastodon":{"url":"","error":""},"_links":{"self":[{"href":"https:\/\/www.europesays.com\/it\/wp-json\/wp\/v2\/posts\/151466","targetHints":{"allow":["GET"]}}],"collection":[{"href":"https:\/\/www.europesays.com\/it\/wp-json\/wp\/v2\/posts"}],"about":[{"href":"https:\/\/www.europesays.com\/it\/wp-json\/wp\/v2\/types\/post"}],"author":[{"embeddable":true,"href":"https:\/\/www.europesays.com\/it\/wp-json\/wp\/v2\/users\/3"}],"replies":[{"embeddable":true,"href":"https:\/\/www.europesays.com\/it\/wp-json\/wp\/v2\/comments?post=151466"}],"version-history":[{"count":0,"href":"https:\/\/www.europesays.com\/it\/wp-json\/wp\/v2\/posts\/151466\/revisions"}],"wp:featuredmedia":[{"embeddable":true,"href":"https:\/\/www.europesays.com\/it\/wp-json\/wp\/v2\/media\/151467"}],"wp:attachment":[{"href":"https:\/\/www.europesays.com\/it\/wp-json\/wp\/v2\/media?parent=151466"}],"wp:term":[{"taxonomy":"category","embeddable":true,"href":"https:\/\/www.europesays.com\/it\/wp-json\/wp\/v2\/categories?post=151466"},{"taxonomy":"post_tag","embeddable":true,"href":"https:\/\/www.europesays.com\/it\/wp-json\/wp\/v2\/tags?post=151466"}],"curies":[{"name":"wp","href":"https:\/\/api.w.org\/{rel}","templated":true}]}}