{"id":151468,"date":"2025-10-07T13:16:12","date_gmt":"2025-10-07T13:16:12","guid":{"rendered":"https:\/\/www.europesays.com\/it\/151468\/"},"modified":"2025-10-07T13:16:12","modified_gmt":"2025-10-07T13:16:12","slug":"18-ottobre-ospedale-di-campostaggia-una-giornata-per-la-prevenzione-del-tumore-al-seno","status":"publish","type":"post","link":"https:\/\/www.europesays.com\/it\/151468\/","title":{"rendered":"18 Ottobre: ospedale di Campostaggia, una giornata per la prevenzione del tumore al seno"},"content":{"rendered":"<p>Sabato 18 ottobre, in occasione dell\u2019Ottobre rosa, iniziativa di sensibilizzazione sul tumore al seno, l\u2019ospedale di Campostaggia organizza una giornata speciale dedicata alla prevenzione della malattia.<\/p>\n<p>Dalle 8:30 alle 12:45, per le donne tra i 40 e i 45 anni sar\u00e0 accedere a uno screening mammografico, previa prenotazione, a partire da mercoled\u00ec 8 ottobre, ai numeri 0577 994902 e 0577 994712, attivi dal luned\u00ec al venerd\u00ec dalle ore 11 alle 12:30.<\/p>\n<p>Non solo, la giornata prevede anche l\u2019incontro divulgativo aperto al pubblico \u201cI vaccini in Oncologia come supporto alla terapia\u201d, curato dalla direttrice del Presidio Lucia Grazia Campanile e dalla responsabile di Igiene pubblica e Nutrizione Zona Alta Val d\u2019Elsa Severina Vincenza Errico. L\u2019appuntamento \u00e8 per le ore 10 nell\u2019auditorium \u201cCarlo Buffi\u201d.<\/p>\n<p>Alle 11:30 al reparto di Senologia dell\u2019ospedale, ci sar\u00e0 l\u2019inaugurazione di un\u2019opera d\u2019arte di Alfredo Brogioni donata dall\u2019Associazione Valdelsa Donna.<\/p>\n","protected":false},"excerpt":{"rendered":"Sabato 18 ottobre, in occasione dell\u2019Ottobre rosa, iniziativa di sensibilizzazione sul tumore al seno, l\u2019ospedale di Campostaggia organizza&hellip;\n","protected":false},"author":3,"featured_media":151469,"comment_status":"","ping_status":"","sticky":false,"template":"","format":"standard","meta":{"footnotes":""},"categories":[1480],"tags":[1944,239,1537,90,89,240,1942,1943,1940,1941],"class_list":{"0":"post-151468","1":"post","2":"type-post","3":"status-publish","4":"format-standard","5":"has-post-thumbnail","7":"category-salute-femminile","8":"tag-femminile","9":"tag-health","10":"tag-it","11":"tag-italia","12":"tag-italy","13":"tag-salute","14":"tag-salute-femminile","15":"tag-salutefemminile","16":"tag-womens-health","17":"tag-womenshealth"},"share_on_mastodon":{"url":"","error":""},"_links":{"self":[{"href":"https:\/\/www.europesays.com\/it\/wp-json\/wp\/v2\/posts\/151468","targetHints":{"allow":["GET"]}}],"collection":[{"href":"https:\/\/www.europesays.com\/it\/wp-json\/wp\/v2\/posts"}],"about":[{"href":"https:\/\/www.europesays.com\/it\/wp-json\/wp\/v2\/types\/post"}],"author":[{"embeddable":true,"href":"https:\/\/www.europesays.com\/it\/wp-json\/wp\/v2\/users\/3"}],"replies":[{"embeddable":true,"href":"https:\/\/www.europesays.com\/it\/wp-json\/wp\/v2\/comments?post=151468"}],"version-history":[{"count":0,"href":"https:\/\/www.europesays.com\/it\/wp-json\/wp\/v2\/posts\/151468\/revisions"}],"wp:featuredmedia":[{"embeddable":true,"href":"https:\/\/www.europesays.com\/it\/wp-json\/wp\/v2\/media\/151469"}],"wp:attachment":[{"href":"https:\/\/www.europesays.com\/it\/wp-json\/wp\/v2\/media?parent=151468"}],"wp:term":[{"taxonomy":"category","embeddable":true,"href":"https:\/\/www.europesays.com\/it\/wp-json\/wp\/v2\/categories?post=151468"},{"taxonomy":"post_tag","embeddable":true,"href":"https:\/\/www.europesays.com\/it\/wp-json\/wp\/v2\/tags?post=151468"}],"curies":[{"name":"wp","href":"https:\/\/api.w.org\/{rel}","templated":true}]}}