{"id":151523,"date":"2025-10-07T14:06:12","date_gmt":"2025-10-07T14:06:12","guid":{"rendered":"https:\/\/www.europesays.com\/it\/151523\/"},"modified":"2025-10-07T14:06:12","modified_gmt":"2025-10-07T14:06:12","slug":"omicidio-cinzia-pinna-emanuele-ragnedda-in-ospedale-per-tentato-suicidio-le-ultime-news","status":"publish","type":"post","link":"https:\/\/www.europesays.com\/it\/151523\/","title":{"rendered":"Omicidio Cinzia Pinna, Emanuele Ragnedda in ospedale per tentato suicidio: le ultime news"},"content":{"rendered":"<p>Emanuele Ragnedda \u00e8 stato trasferito in ospedale a Sassari, dopo che nella notte avrebbe cercato di togliersi la vita in carcere. L&#8217;imprenditore 41enne era stato arrestato dopo aver confessato <a data-intcmp=\"skytg24_foglia articolo_interlink_text\" href=\"https:\/\/tg24.sky.it\/cronaca\/2025\/09\/25\/omicidio-cinzia-pinna-emanuele-ragnedda-confessione\" rel=\"nofollow noopener\" target=\"_blank\">l&#8217;omicidio di Cinzia Pinna<\/a> nella sua tenuta di Conca Entosa, nelle campagne di Palau. Ora si trova all&#8217;ospedale Santissima Annunciata ricoverato nel Servizio psichiatrico di diagnosi e cura della Asl di Sassari.<\/p>\n<p>\t\t \tTrovato in stato di agitazione nella sua cella<\/p>\n<p>Secondo alcune indiscrezioni, l&#8217;uomo \u00e8 stato trovato questa notte in stato di agitazione all&#8217;interno della sua cella nel carcere di Bancali a Sassari, seduto in terra e con escoriazioni al collo. Subito si \u00e8 pensato a gesti autolesionistici dell&#8217;uomo che \u00e8 stato trasferito in ospedale per alcuni controlli medici. Forse un tentativo di suicidio: per questo si \u00e8 deciso il ricovero nella Spdc di Sassari che \u00e8 specializzata nel trattamento di pazienti critici da stabilizzare. Questa mattina il 41enne avrebbe dovuto incontrare il suo avvocato, Luca Montella, nel carcere sassarese, ma il\u00a0 faccia a faccia \u00e8 saltato.\u00a0<\/p>\n<p>\u00a0<\/p>\n<p>\t\t\t<a class=\"c-inline-card j-inline-card c-inline-card--with-image\" href=\"https:\/\/tg24.sky.it\/cronaca\/2025\/09\/24\/emanuele-ragnedda-chi-e\" rel=\"follow nofollow noopener\" data-intcmp=\"skytg24_articolo_approfondimenti_inline\" target=\"_blank\"><\/p>\n<p>\t\t\t         <img decoding=\"async\" crossorigin=\"anonymous\" alt=\"\" src=\"https:\/\/www.europesays.com\/it\/wp-content\/uploads\/2025\/10\/ragnedda_ansa.JPG\"  loading=\"lazy\"  bad-src=\"https:\/\/www.europesays.com\/it\/wp-content\/uploads\/2025\/10\/ragnedda_ansa.JPG\"\/><\/p>\n<p>\n\t\t\t         Approfondimento<br \/>\n\t\t\t         Cinzia Pinna scomparsa, chi \u00e8 imprenditore del vino Emanuele Ragnedda\n\t\t\t      <\/p>\n<p>\t\t\t<\/a><\/p>\n","protected":false},"excerpt":{"rendered":"Emanuele Ragnedda \u00e8 stato trasferito in ospedale a Sassari, dopo che nella notte avrebbe cercato di togliersi la&hellip;\n","protected":false},"author":3,"featured_media":132473,"comment_status":"","ping_status":"","sticky":false,"template":"","format":"standard","meta":{"footnotes":""},"categories":[6],"tags":[874,14,8,1537,90,89,7,15,82,9,83,10,1729,13,11,80,84,12,81,85],"class_list":{"0":"post-151523","1":"post","2":"type-post","3":"status-publish","4":"format-standard","5":"has-post-thumbnail","7":"category-ultime-notizie","8":"tag-carcere","9":"tag-cronaca","10":"tag-headlines","11":"tag-it","12":"tag-italia","13":"tag-italy","14":"tag-news","15":"tag-notizie","16":"tag-notizie-di-cronaca","17":"tag-notizie-principali","18":"tag-notiziedicronaca","19":"tag-notizieprincipali","20":"tag-suicidio","21":"tag-titoli","22":"tag-ultime-notizie","23":"tag-ultime-notizie-di-cronaca","24":"tag-ultime-notizie-e-news-di-oggi","25":"tag-ultimenotizie","26":"tag-ultimenotiziedicronaca","27":"tag-ultimenotizieenewsdioggi"},"share_on_mastodon":{"url":"","error":""},"_links":{"self":[{"href":"https:\/\/www.europesays.com\/it\/wp-json\/wp\/v2\/posts\/151523","targetHints":{"allow":["GET"]}}],"collection":[{"href":"https:\/\/www.europesays.com\/it\/wp-json\/wp\/v2\/posts"}],"about":[{"href":"https:\/\/www.europesays.com\/it\/wp-json\/wp\/v2\/types\/post"}],"author":[{"embeddable":true,"href":"https:\/\/www.europesays.com\/it\/wp-json\/wp\/v2\/users\/3"}],"replies":[{"embeddable":true,"href":"https:\/\/www.europesays.com\/it\/wp-json\/wp\/v2\/comments?post=151523"}],"version-history":[{"count":0,"href":"https:\/\/www.europesays.com\/it\/wp-json\/wp\/v2\/posts\/151523\/revisions"}],"wp:featuredmedia":[{"embeddable":true,"href":"https:\/\/www.europesays.com\/it\/wp-json\/wp\/v2\/media\/132473"}],"wp:attachment":[{"href":"https:\/\/www.europesays.com\/it\/wp-json\/wp\/v2\/media?parent=151523"}],"wp:term":[{"taxonomy":"category","embeddable":true,"href":"https:\/\/www.europesays.com\/it\/wp-json\/wp\/v2\/categories?post=151523"},{"taxonomy":"post_tag","embeddable":true,"href":"https:\/\/www.europesays.com\/it\/wp-json\/wp\/v2\/tags?post=151523"}],"curies":[{"name":"wp","href":"https:\/\/api.w.org\/{rel}","templated":true}]}}