{"id":151546,"date":"2025-10-07T14:32:11","date_gmt":"2025-10-07T14:32:11","guid":{"rendered":"https:\/\/www.europesays.com\/it\/151546\/"},"modified":"2025-10-07T14:32:11","modified_gmt":"2025-10-07T14:32:11","slug":"lautunno-e-la-nuova-estate-degli-italiani-boom-della-bassa-stagione","status":"publish","type":"post","link":"https:\/\/www.europesays.com\/it\/151546\/","title":{"rendered":"L&#8217;autunno \u00e8 la nuova estate degli italiani: boom della bassa stagione"},"content":{"rendered":"<p>C\u2019\u00e8 chi aspetta l\u2019estate per partire e chi, invece, ha scoperto il fascino di fare le valigie quando le giornate si accorciano e i colori si fanno pi\u00f9 caldi. Tra questi ci sono sempre pi\u00f9 italiani, che scelgono di <strong>viaggiare in autunno<\/strong> trasformando quella che un tempo era la stagione del ritorno alla routine in un nuovo momento d\u2019evasione.<\/p>\n<p>D\u2019altronde, i\u00a0benefici del viaggiare fuori stagione possono sembrare infiniti: le mete sono ovviamente meno affollate e il coinvolgimento locale \u00e8 maggiore, permettendoci di <strong>scoprire un luogo in un modo completamente diverso<\/strong>, oseremo dire <strong>pi\u00f9 intimo<\/strong>.<\/p>\n<p>Lo confermano i dati della ricerca <strong>Travel Trends 2025 di Booking.com<\/strong>, che raccontano un cambiamento profondo nel modo di viaggiare: ottobre, novembre e dicembre stanno diventando i mesi ideali per concedersi una fuga, con meno folla, pi\u00f9 autenticit\u00e0 e, dettaglio non da poco, prezzi decisamente pi\u00f9 accessibili.<\/p>\n<p>In un\u2019epoca in cui <strong>il tempo libero \u00e8 il vero lusso<\/strong>, viaggiare fuori stagione \u00e8 la risposta perfetta.\n<\/p>\n<p>Viaggiare fuori stagione: una scelta di libert\u00e0 e convenienza<\/p>\n<p>Il dato parla chiaro: <strong>oltre un italiano su quattro<\/strong> (27%) sceglier\u00e0 nel 2025 di muoversi in periodi di bassa stagione, complice un budget pi\u00f9 ridotto rispetto al 2024.\u00a0A guidare questa tendenza sono soprattutto <strong>gli over 60<\/strong> (56%), <strong>le famiglie<\/strong> (36%) e <strong>chi ama soggiorni pi\u00f9 lunghi<\/strong> (45%). Un trend destinato\u00a0a crescere perch\u00e9 i viaggi autunnali ridisegnano il calendario del turismo e invitano a un approccio pi\u00f9 sostenibile, consapevole e umano.<\/p>\n<p>Lontano dalle file ai musei e dai tavolini contesi nei bar, l\u2019autunno \u00e8 la stagione dei viaggi con ritmo lento: un weekend tra le vigne del Chianti, un city break a <a href=\"https:\/\/siviaggia.it\/destinazioni\/europa\/francia\/parigi\/\" rel=\"nofollow noopener\" target=\"_blank\">Parigi<\/a> tra pioggia e croissant o una fuga alle terme quando fuori piove.<\/p>\n<p>Le mete pi\u00f9 desiderate dagli italiani in autunno<\/p>\n<p>Dove sognano di andare gli italiani quest\u2019autunno? Le ricerche effettuate su Booking.com tra marzo e luglio 2025 raccontano gusti variegati e un mix di <strong>destinazioni a lungo raggio<\/strong>, <strong>capitali europee<\/strong> e <strong>citt\u00e0 italiane<\/strong>. Tutte in crescita a doppia cifra rispetto allo scorso anno.<\/p>\n<p>Nella top 10 delle mete pi\u00f9 cercate per soggiorni tra il 1\u00b0 ottobre e il 27 dicembre 2025 troviamo <strong>Sharm el Sheik<\/strong>, perfetta per chi vuole prolungare l\u2019estate; <a href=\"https:\/\/siviaggia.it\/destinazioni\/nord-centro-america\/stati-uniti-america\/new-york\/\" rel=\"nofollow noopener\" target=\"_blank\">New York<\/a> e <strong>Tokyo<\/strong>\u00a0per chi sogna un\u2019esperienza cosmopolita; e poi Parigi, <a href=\"https:\/\/siviaggia.it\/destinazioni\/europa\/regno-unito\/londra\/\" rel=\"nofollow noopener\" target=\"_blank\">Londra<\/a> e Barcellona, intramontabili classici europei. L\u2019<a href=\"https:\/\/siviaggia.it\/destinazioni\/europa\/italia\/\" rel=\"nofollow noopener\" target=\"_blank\">Italia<\/a> non resta indietro: <a href=\"https:\/\/siviaggia.it\/destinazioni\/europa\/italia\/roma\/\" rel=\"nofollow noopener\" target=\"_blank\">Roma<\/a>, <strong>Palermo<\/strong> e <strong>Napoli<\/strong> conquistano un posto nella classifica, segno che il Bel Paese continua a esercitare un fascino irresistibile anche sui suoi stessi abitanti.<\/p>\n<p>Dietro questi numeri si nasconde una verit\u00e0 semplice: viaggiare non \u00e8 pi\u00f9 solo sinonimo di vacanze estive. L\u2019autunno offre luce dorata, paesaggi che cambiano, sapori pi\u00f9 intensi e una nuova idea di tempo. \u00c8 il momento perfetto per rallentare, per vivere esperienze pi\u00f9 autentiche e per riscoprire il piacere del viaggio stesso, lontano dai picchi di affluenza e dalle corse dell\u2019alta stagione.<\/p>\n<p>In fondo, non serve aspettare agosto per sentirsi in vacanza. Basta scegliere l\u2019autunno, la stagione che, sempre di pi\u00f9, <strong>sta diventando la nuova estate degli italiani<\/strong>.<\/p>\n","protected":false},"excerpt":{"rendered":"C\u2019\u00e8 chi aspetta l\u2019estate per partire e chi, invece, ha scoperto il fascino di fare le valigie quando&hellip;\n","protected":false},"author":3,"featured_media":151547,"comment_status":"","ping_status":"","sticky":false,"template":"","format":"standard","meta":{"footnotes":""},"categories":[172],"tags":[178,5854,177,1537,90,89,15],"class_list":{"0":"post-151546","1":"post","2":"type-post","3":"status-publish","4":"format-standard","5":"has-post-thumbnail","7":"category-affari","8":"tag-affari","9":"tag-autunno","10":"tag-business","11":"tag-it","12":"tag-italia","13":"tag-italy","14":"tag-notizie"},"share_on_mastodon":{"url":"","error":""},"_links":{"self":[{"href":"https:\/\/www.europesays.com\/it\/wp-json\/wp\/v2\/posts\/151546","targetHints":{"allow":["GET"]}}],"collection":[{"href":"https:\/\/www.europesays.com\/it\/wp-json\/wp\/v2\/posts"}],"about":[{"href":"https:\/\/www.europesays.com\/it\/wp-json\/wp\/v2\/types\/post"}],"author":[{"embeddable":true,"href":"https:\/\/www.europesays.com\/it\/wp-json\/wp\/v2\/users\/3"}],"replies":[{"embeddable":true,"href":"https:\/\/www.europesays.com\/it\/wp-json\/wp\/v2\/comments?post=151546"}],"version-history":[{"count":0,"href":"https:\/\/www.europesays.com\/it\/wp-json\/wp\/v2\/posts\/151546\/revisions"}],"wp:featuredmedia":[{"embeddable":true,"href":"https:\/\/www.europesays.com\/it\/wp-json\/wp\/v2\/media\/151547"}],"wp:attachment":[{"href":"https:\/\/www.europesays.com\/it\/wp-json\/wp\/v2\/media?parent=151546"}],"wp:term":[{"taxonomy":"category","embeddable":true,"href":"https:\/\/www.europesays.com\/it\/wp-json\/wp\/v2\/categories?post=151546"},{"taxonomy":"post_tag","embeddable":true,"href":"https:\/\/www.europesays.com\/it\/wp-json\/wp\/v2\/tags?post=151546"}],"curies":[{"name":"wp","href":"https:\/\/api.w.org\/{rel}","templated":true}]}}