{"id":151570,"date":"2025-10-07T14:57:10","date_gmt":"2025-10-07T14:57:10","guid":{"rendered":"https:\/\/www.europesays.com\/it\/151570\/"},"modified":"2025-10-07T14:57:10","modified_gmt":"2025-10-07T14:57:10","slug":"jeans-e-giacca-in-pelle-rossa-alla-paris-fashion-week","status":"publish","type":"post","link":"https:\/\/www.europesays.com\/it\/151570\/","title":{"rendered":"jeans e giacca in pelle rossa alla Paris Fashion Week"},"content":{"rendered":"<p><strong>Charlotte Casiraghi in jeans grigi e chiodo in pelle rosso<\/strong> scuro non ha bisogno d\u2019altro per attrarre l\u2019attenzione di tutti alla sfilata di <strong>Chanel<\/strong> durante la Paris Fashion Week. La figlia di Carolina di Monaco sfoggia un look rock e aggressivo e sbaraglia la concorrenza. Nessuna come lei.<\/p>\n<p>Charlotte Casiraghi, lezione di stile rock alla sfilata di Chanel<\/p>\n<p>Non poteva mancare <a href=\"https:\/\/dilei.it\/star-e-vip\/charlotte-casiraghi\/\" rel=\"nofollow noopener\" target=\"_blank\">Charlotte Casiraghi<\/a> al Grand Palais per la sfilata di Chanel dove \u00e8 stata presentata la collezione primavera\/estate 2026. Non poteva non esserci perch\u00e9 lei \u00e8 il volto della Maison da anni. Charlotte incarna lo stile e la filosofia di Chanel alla perfezione, sia quando indossa i pi\u00f9 <a href=\"https:\/\/dilei.it\/reali\/charlotte-casiraghi-abito-chanel-opera-garnier\/1865329\/\" rel=\"nofollow noopener\" target=\"_blank\">preziosi abiti da sera<\/a> o i classici tailleur boucl\u00e9, sia quando si presenta con<strong> un semplice paio di jeans,<\/strong> come in questo caso.<\/p>\n<p>D\u2019altro canto, il legame con il brand francese \u00e8 di lunga data. Sua mamma <strong>Carolina di Monaco veste Chanel<\/strong> fin da quando era una ragazza e Karl Lagerfeld, compianto direttore artistico della Maison, era un amico personale della Principessa, tanto che ha curato diverse edizioni del Ballo della Rosa e l\u2019ha inclusa nel suo testamento.<\/p>\n<p>Ma torniamo a Charlotte che \u00e8 comparsa alla Paris Fashion Week 2025 indossando <strong>un giubbotto di pelle<\/strong> rossa, quasi bordeaux, con fodera a quadretti, abbinato a un top nero con scollo rotondo e ai dei jeans grigio scuri dal taglio dritto che porta senza cintura.<\/p>\n<p>La Casiraghi completa il suo look rock con un paio di <strong>d\u00e9collet\u00e9 nere<\/strong> a punta, un ciondolo a collo e delle fedine alle dita. I capelli sono lasciati sciolti e volutamente spettinati, il make up \u00e8 naturale, com\u2019\u00e8 nel suo stile, e la manicure rosso scuro, della stessa tonalit\u00e0 del bomber. La figlia di Carolina si \u00e8 divertita a posare per i fotografi come <strong>una vera baddy con tanto di mani in tasca.<\/strong><\/p>\n<p>Semplicemente stupenda. Non ha bisogno d\u2019altro per stregare tutti. Quella di Charlotte \u00e8 una vera e propria lezione di stile che <a href=\"https:\/\/dilei.it\/reali\/kate-middleton-ultime-notizie-7-ottobre-2025\/1877863\/\" rel=\"nofollow noopener\" target=\"_blank\">Meghan Markle dovrebbe seguire con attenzione<\/a> dopo le critiche che ha attirato a s\u00e9 per il look di Balenciaga. Insomma, puoi indossare anche i capi pi\u00f9 semplici ed attirare l\u2019attenzione, basta combinarli nel modo giusto e portarli con eleganza. Esattamente come fa la figlia di Carolina.<\/p>\n<p>Charlotte Casiraghi, l\u2019incontro con l\u2019ex suocera Carole Bouquet<\/p>\n<p>Alla sfilata di Chanel, Charlotte si \u00e8 incontrata con l\u2019ex suocera, Carole Bouquet. Non sappiamo come siano i rapporti tra le due. Di certo, l\u2019attrice era molto amica di Carolina di Monaco e<strong> non ha preso bene il divorzio di suo figlio Dimitri Rassam.<\/strong><\/p>\n<p>Comunque, ha fatto pi\u00f9 scalpore il nuovo <strong>look granny<\/strong> con dread della Bouquet, piuttosto che l\u2019incrocio pericoloso con l\u2019ex nuora. D\u2019altro canto, le due si ignorano cordialmente e non posano pi\u00f9 insieme.<\/p>\n<p>Charlotte Casiraghi, chi c\u2019era della famiglia e chi no alla Paris Fashion Week<\/p>\n<p>A rappresentare la famiglia monegasca alla Paris Fashion Week non c\u2019era solo Charlotte Casiraghi. Infatti, Alexandre Grimaldi e Pauline Ducruet si sono ritrovati da Miu Miu. Invece <a href=\"https:\/\/dilei.it\/reali\/beatrice-borromeo-incinta-sfilata-dior-paris-fashion-week-2025\/1870776\/\" rel=\"nofollow noopener\" target=\"_blank\">Beatrice Borromeo incinta non era presente alla sfilata di Dior.<\/a><\/p>\n","protected":false},"excerpt":{"rendered":"Charlotte Casiraghi in jeans grigi e chiodo in pelle rosso scuro non ha bisogno d\u2019altro per attrarre l\u2019attenzione&hellip;\n","protected":false},"author":3,"featured_media":151571,"comment_status":"","ping_status":"","sticky":false,"template":"","format":"standard","meta":{"footnotes":""},"categories":[174],"tags":[56446,203,204,1537,90,89,21368,1447,84174,49367],"class_list":{"0":"post-151570","1":"post","2":"type-post","3":"status-publish","4":"format-standard","5":"has-post-thumbnail","7":"category-intrattenimento","8":"tag-charlotte-casiraghi","9":"tag-entertainment","10":"tag-intrattenimento","11":"tag-it","12":"tag-italia","13":"tag-italy","14":"tag-jeans","15":"tag-reali","16":"tag-settimana-della-moda","17":"tag-sfilate"},"share_on_mastodon":{"url":"","error":""},"_links":{"self":[{"href":"https:\/\/www.europesays.com\/it\/wp-json\/wp\/v2\/posts\/151570","targetHints":{"allow":["GET"]}}],"collection":[{"href":"https:\/\/www.europesays.com\/it\/wp-json\/wp\/v2\/posts"}],"about":[{"href":"https:\/\/www.europesays.com\/it\/wp-json\/wp\/v2\/types\/post"}],"author":[{"embeddable":true,"href":"https:\/\/www.europesays.com\/it\/wp-json\/wp\/v2\/users\/3"}],"replies":[{"embeddable":true,"href":"https:\/\/www.europesays.com\/it\/wp-json\/wp\/v2\/comments?post=151570"}],"version-history":[{"count":0,"href":"https:\/\/www.europesays.com\/it\/wp-json\/wp\/v2\/posts\/151570\/revisions"}],"wp:featuredmedia":[{"embeddable":true,"href":"https:\/\/www.europesays.com\/it\/wp-json\/wp\/v2\/media\/151571"}],"wp:attachment":[{"href":"https:\/\/www.europesays.com\/it\/wp-json\/wp\/v2\/media?parent=151570"}],"wp:term":[{"taxonomy":"category","embeddable":true,"href":"https:\/\/www.europesays.com\/it\/wp-json\/wp\/v2\/categories?post=151570"},{"taxonomy":"post_tag","embeddable":true,"href":"https:\/\/www.europesays.com\/it\/wp-json\/wp\/v2\/tags?post=151570"}],"curies":[{"name":"wp","href":"https:\/\/api.w.org\/{rel}","templated":true}]}}