{"id":151578,"date":"2025-10-07T15:01:10","date_gmt":"2025-10-07T15:01:10","guid":{"rendered":"https:\/\/www.europesays.com\/it\/151578\/"},"modified":"2025-10-07T15:01:10","modified_gmt":"2025-10-07T15:01:10","slug":"troupe-di-fuori-dal-coro-aggredita-dai-maranza-giornalista-colpita-da-una-bottiglia-ad-una-gamba","status":"publish","type":"post","link":"https:\/\/www.europesays.com\/it\/151578\/","title":{"rendered":"Troupe di &#8220;Fuori dal coro&#8221; aggredita dai maranza, giornalista colpita da una bottiglia ad una gamba"},"content":{"rendered":"<p>Voleva intervistare alcuni giovani sul tema della criminalit\u00e0 minorile ma \u00e8 stata aggredita da due &#8220;maranza&#8221;. La disavventura \u00e8 capitata nella serata di ieri, luned\u00ec 6 ottobre, intorno alle 19, ad una troupe della trasmissione di Retequattro &#8220;Fuori da coro&#8221; che si trovava in via Zorzetto, a pochi passi dal supermercato Pam e da piazza Borsa. L&#8217;inviata, Cristina Autore, si \u00e8 avvicinata ad un gruppetto di giovani, entrambi stranieri di seconda generazione (di origine nordafricana), per porgli alcune domande: i ragazzi hanno scacciato via la giornalista, urlando insulti a lei e al resto della troupe, hanno lanciato alcune bottiglie tra cui una che ha colpito Autore alla gamba sinistra. L&#8217;inviata ha chiesto l&#8217;intervento dei carabinieri di Treviso che sono intervenuti, identificando i &#8220;maranza&#8221;. Cristina Autore, 35 anni, presenter\u00e0 denuncia nelle prossime ore ed \u00e8 ricorsa alle cure mediche: si \u00e8 recata al pronto soccorso del Ca&#8217; Foncello per essere sottoposta a radiografie alla gamba e ginocchio. Sono tre i giorni di prognosi refertati.<\/p>\n<p>\u00abLa bottigliata \u00e8 stata fortissima, loro l&#8217;hanno lanciata dall&#8217;altra parte del porticato mentre noi stavamo dalla zona del Pam\u00bb ha raccontato Autore \u00abi loro amici sono venuti pure con un cane, stavano dall&#8217;altra parte, quindi ci hanno lanciato 4 o 5 bottiglie, ovviamente sporger\u00f2 anche denuncia verso ignoti, praticamente non riuscivo a camminare\u00bb. La troupe si trova in Veneto da sabato scorso. \u00abSiamo qui da tre giorni,siamo arrivati sabato e abbiamo gi\u00e0 fatto la Fiera di San Luca, poi ci siamo fatto Treviso, poi abbiamo fatto Padova, Vittorio Veneto e poi siamo di nuovo tornati qua a Treviso. Quindi sostanzialmente abbiamo documentato queste cose delle baby gang che sono presenti, infatti uno di questi ragazzi l&#8217;avevamo gi\u00e0 visto alla Fiera e ci aveva urlato &#8220;free baby gang, free baby gang&#8221;\u00bb spiega la giornalista \u00abmi sono sentita proprio come quella fosse la zona loro, come se non volessero proprio che fossimo l\u00ec, dove sta il fam. Cio\u00e8, gi\u00e0 passando avevamo visto questi sguardi ma non ci aspettavamo una reazione cos\u00ec, soprattutto essendo loro cos\u00ec giovani e piccoli. No, non ci avevano detto niente, \u00e8 stata improvvisa l&#8217;aggressione. Noi stiamo semplicemente facendo delle domande, invece dall&#8217;altra parte sono venuti gli altri amici a lanciarci le bottiglie\u00bb.<\/p>\n<p>L&#8217;episodio \u00e8 destinato a far discutere: la stessa trasmissione televisiva condotta da Mario Giordano aveva documentato il fenomeno delle baby gang nel dicembre 2024, anche alla luce dell&#8217;aggressione (poi diventato omicidio) subita da Alessandro Favaretto, in via Castelmenardo. Ne era scaturita una polemica piuttosto accesa tra lo stesso sindaco Mario Conte e Giordano: il primo aveva parlato di \u201cservizio sensazionalistico\u201d (in cui si raccontava la possibilit\u00e0 di poter acquistare in modo molto semplice addirittura armi) e il secondo aveva replicato accusandolo di avere \u201cla coda di paglia\u201d, alla luce proprio del delitto Favaretto, sostenendo che il problema sicurezza a Treviso fosse reale.<\/p>\n<p>Sull&#8217;episodio \u00e8 intervenuto anche il sindacato dei giornalisti Figec Cisal: \u00abDieci giorni dopo Padova, \u00e8 stata la volta di Treviso. Nel mirino dei maranza, insofferenti alle inchieste sul fenomeno delle baby gang, la giornalista Cristina Autore e la sua troupe di \u201cFuori dal coro\u201d, la trasmissione di Retequattro condotta da Mario Giordano. La giornalista ha tentato di intervistare un gruppetto di giovani ma si \u00e8 vista aggredire con insulti, minacce e lanci di bottiglie di vetro, una delle quali l\u2019ha colpita a una gamba costringendola a recarsi in ospedale\u00bb.<\/p>\n<p>Il sindacato ha espresso piena solidariet\u00e0 a Cristina Autore e agli altri colleghi di Mediaset attraverso una nota: \u00abRibadiamo la viva preoccupazione per il clima di violenza che mette costantemente a rischio l\u2019incolumit\u00e0 dei cronisti impegnati a garantire un\u2019informazione completa e corretta, soprattutto sui fenomeni della criminalit\u00e0 minorile. Un clima di intolleranza nei confronti dei giornalisti, soprattutto quelli sempre pi\u00f9 rari d\u2019inchiesta, spesso influenzato dalla deriva social che mette nel mirino chi osa mettere in luce, criticare o opporsi al pensiero dominante di quanti, con arroganza, prepotenza e violenza, non tollerano il rispetto delle regole e la civile convivenza\u00bb.<\/p>\n","protected":false},"excerpt":{"rendered":"Voleva intervistare alcuni giovani sul tema della criminalit\u00e0 minorile ma \u00e8 stata aggredita da due &#8220;maranza&#8221;. La disavventura&hellip;\n","protected":false},"author":3,"featured_media":151579,"comment_status":"","ping_status":"","sticky":false,"template":"","format":"standard","meta":{"footnotes":""},"categories":[79],"tags":[45085,40227,14,93,94,93772,4348,1537,90,89,75556,7,15,442,11,84,91,12,85,92],"class_list":{"0":"post-151578","1":"post","2":"type-post","3":"status-publish","4":"format-standard","5":"has-post-thumbnail","7":"category-italia","8":"tag-aggredita","9":"tag-coro","10":"tag-cronaca","11":"tag-cronaca-italiana","12":"tag-cronacaitaliana","13":"tag-fuori","14":"tag-giornalista","15":"tag-it","16":"tag-italia","17":"tag-italy","18":"tag-maranza","19":"tag-news","20":"tag-notizie","21":"tag-treviso","22":"tag-ultime-notizie","23":"tag-ultime-notizie-e-news-di-oggi","24":"tag-ultime-notizie-italia","25":"tag-ultimenotizie","26":"tag-ultimenotizieenewsdioggi","27":"tag-ultimenotizieitalia"},"share_on_mastodon":{"url":"","error":""},"_links":{"self":[{"href":"https:\/\/www.europesays.com\/it\/wp-json\/wp\/v2\/posts\/151578","targetHints":{"allow":["GET"]}}],"collection":[{"href":"https:\/\/www.europesays.com\/it\/wp-json\/wp\/v2\/posts"}],"about":[{"href":"https:\/\/www.europesays.com\/it\/wp-json\/wp\/v2\/types\/post"}],"author":[{"embeddable":true,"href":"https:\/\/www.europesays.com\/it\/wp-json\/wp\/v2\/users\/3"}],"replies":[{"embeddable":true,"href":"https:\/\/www.europesays.com\/it\/wp-json\/wp\/v2\/comments?post=151578"}],"version-history":[{"count":0,"href":"https:\/\/www.europesays.com\/it\/wp-json\/wp\/v2\/posts\/151578\/revisions"}],"wp:featuredmedia":[{"embeddable":true,"href":"https:\/\/www.europesays.com\/it\/wp-json\/wp\/v2\/media\/151579"}],"wp:attachment":[{"href":"https:\/\/www.europesays.com\/it\/wp-json\/wp\/v2\/media?parent=151578"}],"wp:term":[{"taxonomy":"category","embeddable":true,"href":"https:\/\/www.europesays.com\/it\/wp-json\/wp\/v2\/categories?post=151578"},{"taxonomy":"post_tag","embeddable":true,"href":"https:\/\/www.europesays.com\/it\/wp-json\/wp\/v2\/tags?post=151578"}],"curies":[{"name":"wp","href":"https:\/\/api.w.org\/{rel}","templated":true}]}}